{"id":28668,"date":"2020-07-30T16:56:08","date_gmt":"2020-07-30T19:56:08","guid":{"rendered":"https:\/\/municipalidadpucon.cl\/?p=28668"},"modified":"2020-11-18T13:19:14","modified_gmt":"2020-11-18T16:19:14","slug":"28668","status":"publish","type":"post","link":"https:\/\/municipalidadpucon.cl\/?p=28668","title":{"rendered":"Veh\u00edculos anteriormente diplom\u00e1ticos"},"content":{"rendered":"<div class=\"fusion-fullwidth fullwidth-box fusion-builder-row-1 fusion-flex-container nonhundred-percent-fullwidth non-hundred-percent-height-scrolling\" style=\"--awb-border-radius-top-left:0px;--awb-border-radius-top-right:0px;--awb-border-radius-bottom-right:0px;--awb-border-radius-bottom-left:0px;--awb-flex-wrap:wrap;\" ><div class=\"fusion-builder-row fusion-row fusion-flex-align-items-flex-start fusion-flex-content-wrap\" style=\"max-width:1352px;margin-left: calc(-4% \/ 2 );margin-right: calc(-4% \/ 2 );\"><div class=\"fusion-layout-column fusion_builder_column fusion-builder-column-0 fusion_builder_column_1_1 1_1 fusion-flex-column\" style=\"--awb-bg-size:cover;--awb-width-large:100%;--awb-margin-top-large:0px;--awb-spacing-right-large:1.92%;--awb-margin-bottom-large:20px;--awb-spacing-left-large:1.92%;--awb-width-medium:100%;--awb-order-medium:0;--awb-spacing-right-medium:1.92%;--awb-spacing-left-medium:1.92%;--awb-width-small:100%;--awb-order-small:0;--awb-spacing-right-small:1.92%;--awb-spacing-left-small:1.92%;\"><div class=\"fusion-column-wrapper fusion-column-has-shadow fusion-flex-justify-content-flex-start fusion-content-layout-column\"><div class=\"fusion-text fusion-text-1\"><p><strong>Descripci\u00f3n<\/strong><br \/>\nImpuesto anual por permiso de circulaci\u00f3n con que est\u00e1n gravados los Veh\u00edculos anteriormente diplom\u00e1ticos que transitan por las calles, caminos y v\u00edas p\u00fablicas en general.<br \/>\n<strong>Requisitos<\/strong><br \/>\n&#8211; Declaraci\u00f3n de importaci\u00f3n donde se se\u00f1ala la liberaci\u00f3n (Esta declaraci\u00f3n no se pide si el veh\u00edculo no fue importado, vale decir, se compr\u00f3 en Chile, por lo que<br \/>\ntienen factura o permiso de circulaci\u00f3n de alg\u00fan a\u00f1o anterior cancelado)<br \/>\n&#8211; Inscripci\u00f3n Registro Civil<br \/>\n&#8211; Seguro Automotriz<br \/>\n&#8211; Revisi\u00f3n T\u00e9cnica o certificado de homologaci\u00f3n que reemplaza el anterior.<br \/>\n&#8211; Documento del Ministerio de Relaciones Exteriores que acredite la entrega de la placa diplom\u00e1tica.<br \/>\n<strong>D\u00edas de Atenci\u00f3n<\/strong><br \/>\nLunes a Viernes<br \/>\n<strong>Horario Atenci\u00f3n<\/strong><br \/>\nde 9:00 a 14:00 horas<\/p>\n<p><strong>Direcci\u00f3n:<\/strong>\u00a0O Higgins 774\u00a0 Oficinas 1204 \u2013 1205<br \/>\n<strong>Fonos:<\/strong>\u00a045 2 400603 \u2013 45 2 400610<br \/>\n<strong>email:<\/strong>\u00a0pcirculacion@municipalidadpucon.cl<\/p>\n<\/div><\/div><\/div><\/div><\/div>\n","protected":false},"excerpt":{"rendered":"","protected":false},"author":4,"featured_media":0,"comment_status":"closed","ping_status":"open","sticky":false,"template":"","format":"standard","meta":[],"categories":[75],"tags":[],"_links":{"self":[{"href":"https:\/\/municipalidadpucon.cl\/index.php?rest_route=\/wp\/v2\/posts\/28668"}],"collection":[{"href":"https:\/\/municipalidadpucon.cl\/index.php?rest_route=\/wp\/v2\/posts"}],"about":[{"href":"https:\/\/municipalidadpucon.cl\/index.php?rest_route=\/wp\/v2\/types\/post"}],"author":[{"embeddable":true,"href":"https:\/\/municipalidadpucon.cl\/index.php?rest_route=\/wp\/v2\/users\/4"}],"replies":[{"embeddable":true,"href":"https:\/\/municipalidadpucon.cl\/index.php?rest_route=%2Fwp%2Fv2%2Fcomments&post=28668"}],"version-history":[{"count":2,"href":"https:\/\/municipalidadpucon.cl\/index.php?rest_route=\/wp\/v2\/posts\/28668\/revisions"}],"predecessor-version":[{"id":28670,"href":"https:\/\/municipalidadpucon.cl\/index.php?rest_route=\/wp\/v2\/posts\/28668\/revisions\/28670"}],"wp:attachment":[{"href":"https:\/\/municipalidadpucon.cl\/index.php?rest_route=%2Fwp%2Fv2%2Fmedia&parent=28668"}],"wp:term":[{"taxonomy":"category","embeddable":true,"href":"https:\/\/municipalidadpucon.cl\/index.php?rest_route=%2Fwp%2Fv2%2Fcategories&post=28668"},{"taxonomy":"post_tag","embeddable":true,"href":"https:\/\/municipalidadpucon.cl\/index.php?rest_route=%2Fwp%2Fv2%2Ftags&post=28668"}],"curies":[{"name":"wp","href":"https:\/\/api.w.org\/{rel}","templated":true}]}}