{"id":28690,"date":"2020-07-31T10:36:43","date_gmt":"2020-07-31T13:36:43","guid":{"rendered":"https:\/\/municipalidadpucon.cl\/?p=28690"},"modified":"2020-11-18T13:19:11","modified_gmt":"2020-11-18T16:19:11","slug":"senalizacion-y-o-demarcacion-de-transito","status":"publish","type":"post","link":"https:\/\/municipalidadpucon.cl\/?p=28690","title":{"rendered":"Se\u00f1alizaci\u00f3n y\/o Demarcaci\u00f3n de Tr\u00e1nsito"},"content":{"rendered":"<div class=\"fusion-fullwidth fullwidth-box fusion-builder-row-1 fusion-flex-container nonhundred-percent-fullwidth non-hundred-percent-height-scrolling\" style=\"--awb-border-radius-top-left:0px;--awb-border-radius-top-right:0px;--awb-border-radius-bottom-right:0px;--awb-border-radius-bottom-left:0px;--awb-flex-wrap:wrap;\" ><div class=\"fusion-builder-row fusion-row fusion-flex-align-items-flex-start fusion-flex-content-wrap\" style=\"max-width:1352px;margin-left: calc(-4% \/ 2 );margin-right: calc(-4% \/ 2 );\"><div class=\"fusion-layout-column fusion_builder_column fusion-builder-column-0 fusion_builder_column_1_1 1_1 fusion-flex-column\" style=\"--awb-bg-size:cover;--awb-width-large:100%;--awb-margin-top-large:0px;--awb-spacing-right-large:1.92%;--awb-margin-bottom-large:20px;--awb-spacing-left-large:1.92%;--awb-width-medium:100%;--awb-order-medium:0;--awb-spacing-right-medium:1.92%;--awb-spacing-left-medium:1.92%;--awb-width-small:100%;--awb-order-small:0;--awb-spacing-right-small:1.92%;--awb-spacing-left-small:1.92%;\"><div class=\"fusion-column-wrapper fusion-column-has-shadow fusion-flex-justify-content-flex-start fusion-content-layout-column\"><div class=\"fusion-text fusion-text-1\"><p><strong>Descripci\u00f3n<\/strong><br \/>\nTramitar solicitudes de instalaciones de se\u00f1alizaci\u00f3n de tr\u00e1nsito y Demarcaci\u00f3n.<br \/>\n<strong>Requisitos<\/strong><br \/>\nSe debe adjuntar croquis de ubicaci\u00f3n del sector<br \/>\n<strong>Documentos<\/strong><br \/>\nCroquis de ubicaci\u00f3n<br \/>\n<strong>D\u00edas de Atenci\u00f3n<\/strong><br \/>\nLunes a Viernes<br \/>\n<strong>Horario Atenci\u00f3n<br \/>\n<\/strong>Desde 9:00 a 14:00 horas<\/p>\n<p><strong>Direcci\u00f3n:<\/strong>\u00a0O Higgins 774\u00a0 Oficinas 1204 \u2013 1205<br \/>\n<strong>Fonos:<\/strong>\u00a045 2 400603 \u2013 45 2 400610<br \/>\n<strong>email:<\/strong>\u00a0pcirculacion@municipalidadpucon.cl<\/p>\n<\/div><\/div><\/div><\/div><\/div>\n","protected":false},"excerpt":{"rendered":"","protected":false},"author":4,"featured_media":0,"comment_status":"closed","ping_status":"open","sticky":false,"template":"","format":"standard","meta":[],"categories":[75],"tags":[],"_links":{"self":[{"href":"https:\/\/municipalidadpucon.cl\/index.php?rest_route=\/wp\/v2\/posts\/28690"}],"collection":[{"href":"https:\/\/municipalidadpucon.cl\/index.php?rest_route=\/wp\/v2\/posts"}],"about":[{"href":"https:\/\/municipalidadpucon.cl\/index.php?rest_route=\/wp\/v2\/types\/post"}],"author":[{"embeddable":true,"href":"https:\/\/municipalidadpucon.cl\/index.php?rest_route=\/wp\/v2\/users\/4"}],"replies":[{"embeddable":true,"href":"https:\/\/municipalidadpucon.cl\/index.php?rest_route=%2Fwp%2Fv2%2Fcomments&post=28690"}],"version-history":[{"count":2,"href":"https:\/\/municipalidadpucon.cl\/index.php?rest_route=\/wp\/v2\/posts\/28690\/revisions"}],"predecessor-version":[{"id":28692,"href":"https:\/\/municipalidadpucon.cl\/index.php?rest_route=\/wp\/v2\/posts\/28690\/revisions\/28692"}],"wp:attachment":[{"href":"https:\/\/municipalidadpucon.cl\/index.php?rest_route=%2Fwp%2Fv2%2Fmedia&parent=28690"}],"wp:term":[{"taxonomy":"category","embeddable":true,"href":"https:\/\/municipalidadpucon.cl\/index.php?rest_route=%2Fwp%2Fv2%2Fcategories&post=28690"},{"taxonomy":"post_tag","embeddable":true,"href":"https:\/\/municipalidadpucon.cl\/index.php?rest_route=%2Fwp%2Fv2%2Ftags&post=28690"}],"curies":[{"name":"wp","href":"https:\/\/api.w.org\/{rel}","templated":true}]}}