{"id":54129,"date":"2025-02-10T16:53:54","date_gmt":"2025-02-10T19:53:54","guid":{"rendered":"https:\/\/municipalidadpucon.cl\/?p=54129"},"modified":"2025-02-17T11:51:16","modified_gmt":"2025-02-17T14:51:16","slug":"municipalidad-de-pucon-impulsa-el-turismo-con-recorridos-gratuitos-a-ferias-rurales-y-emprendimientos-locales","status":"publish","type":"post","link":"https:\/\/municipalidadpucon.cl\/?p=54129","title":{"rendered":"MUNICIPALIDAD DE PUC\u00d3N IMPULSA EL TURISMO CON RECORRIDOS GRATUITOS A FERIAS RURALES Y EMPRENDIMIENTOS LOCALES"},"content":{"rendered":"<p style=\"text-align: justify\"><em>Durante todo el mes de febrero, turistas y habitantes de Puc\u00f3n podr\u00e1n disfrutar de recorridos gratuitos en dos buses destinados a visitar distintos sectores de la comuna y conocer las ferias rurales, espacios que destacan por su variada oferta de comidas t\u00edpicas, artesan\u00edas y muestras culturales de la zona lacustre.<\/em><\/p>\n<p style=\"text-align: justify\">Esta iniciativa, impulsada por la Direcci\u00f3n de Desarrollo Econ\u00f3mico, Fomento y Turismo y la Dideco, busca potenciar el turismo local y ofrecer una experiencia enriquecedora tanto para los visitantes como para la comunidad. Esta acci\u00f3n clave ayudar\u00e1 a los emprendedores de la ciudad del lago y el volc\u00e1n para que den a conocer sus productos y servicios, promoviendo el talento y la econom\u00eda regional.<\/p>\n<p style=\"text-align: justify\">Para la directora de la direcci\u00f3n de turismo del Municipio, Carolina Ruiz fomentar el desarrollo de la comuna es relevante para la Municipalidad, afirmando que \u201cqueremos que nuestros emprendedores tengan muchos visitantes, puedan generar ventas y podamos movilizar el turista hasta el lugar\u201d.<\/p>\n<p style=\"text-align: justify\">Adem\u00e1s del bus que trasladar\u00e1 a los interesados hacia las ferias rurales de Quelhue, Palgu\u00edn, Llafenco, Candelaria, Quetroleufu, Pichares y San Luis, se sumar\u00e1 un segundo que recorrer\u00e1 distintos atractivos en la zona centro de la ciudad tur\u00edstica, culminando ambos veh\u00edculos en la Feria Emprende Puc\u00f3n 2025.<\/p>\n<p style=\"text-align: justify\">Por su parte, el alcalde de Puc\u00f3n, Sebasti\u00e1n \u00c1lvarez, destac\u00f3 la importancia de esta iniciativa declarando que &#8220;el turismo y los emprendedores son pilares fundamentales para el desarrollo de Puc\u00f3n. Con esta propuesta buscamos que tanto los visitantes como nuestros vecinos puedan conocer y valorar la riqueza cultural, gastron\u00f3mica y artesanal de la comuna, al mismo tiempo que brindamos apoyo a los emprendedores locales&#8221;.<\/p>\n<p style=\"text-align: justify\">Los buses estar\u00e1n disponibles para la comunidad todos los d\u00edas a las 12:00 horas, comenzando su trayecto desde el frontis de la Municipalidad de Puc\u00f3n en las calles Palgu\u00edn con Av. O\u2019Higgins y contar\u00e1n con un gu\u00eda quien informar\u00e1 del recorrido tur\u00edstico.<\/p>\n","protected":false},"excerpt":{"rendered":"<p>Durante todo el mes de febrero, turistas y habitantes de [&hellip;]<\/p>\n","protected":false},"author":8,"featured_media":54130,"comment_status":"closed","ping_status":"open","sticky":false,"template":"","format":"standard","meta":[],"categories":[98,3],"tags":[],"_links":{"self":[{"href":"https:\/\/municipalidadpucon.cl\/index.php?rest_route=\/wp\/v2\/posts\/54129"}],"collection":[{"href":"https:\/\/municipalidadpucon.cl\/index.php?rest_route=\/wp\/v2\/posts"}],"about":[{"href":"https:\/\/municipalidadpucon.cl\/index.php?rest_route=\/wp\/v2\/types\/post"}],"author":[{"embeddable":true,"href":"https:\/\/municipalidadpucon.cl\/index.php?rest_route=\/wp\/v2\/users\/8"}],"replies":[{"embeddable":true,"href":"https:\/\/municipalidadpucon.cl\/index.php?rest_route=%2Fwp%2Fv2%2Fcomments&post=54129"}],"version-history":[{"count":1,"href":"https:\/\/municipalidadpucon.cl\/index.php?rest_route=\/wp\/v2\/posts\/54129\/revisions"}],"predecessor-version":[{"id":54131,"href":"https:\/\/municipalidadpucon.cl\/index.php?rest_route=\/wp\/v2\/posts\/54129\/revisions\/54131"}],"wp:featuredmedia":[{"embeddable":true,"href":"https:\/\/municipalidadpucon.cl\/index.php?rest_route=\/wp\/v2\/media\/54130"}],"wp:attachment":[{"href":"https:\/\/municipalidadpucon.cl\/index.php?rest_route=%2Fwp%2Fv2%2Fmedia&parent=54129"}],"wp:term":[{"taxonomy":"category","embeddable":true,"href":"https:\/\/municipalidadpucon.cl\/index.php?rest_route=%2Fwp%2Fv2%2Fcategories&post=54129"},{"taxonomy":"post_tag","embeddable":true,"href":"https:\/\/municipalidadpucon.cl\/index.php?rest_route=%2Fwp%2Fv2%2Ftags&post=54129"}],"curies":[{"name":"wp","href":"https:\/\/api.w.org\/{rel}","templated":true}]}}