{"id":55416,"date":"2025-07-30T14:09:33","date_gmt":"2025-07-30T17:09:33","guid":{"rendered":"https:\/\/municipalidadpucon.cl\/?p=55416"},"modified":"2025-07-30T14:09:33","modified_gmt":"2025-07-30T17:09:33","slug":"se-realizan-mejoras-en-camino-rural-de-la-comunidad-de-llafenco-en-pucon","status":"publish","type":"post","link":"https:\/\/municipalidadpucon.cl\/?p=55416","title":{"rendered":"Se realizan mejoras en camino rural de la Comunidad de Llafenco en Puc\u00f3n"},"content":{"rendered":"<p><em><strong>El trabajo coordinado de la Municipalidad local, el Destacamento Tucapel de Ej\u00e9rcito con sede en Temuco y los vecinos del sector ha permitido el arreglo de casi 6 kil\u00f3metros de este sector precordillerano de la comuna.<\/strong><\/em><\/p>\n<p><img decoding=\"async\" class=\"size-medium wp-image-55418 aligncenter\" src=\"https:\/\/municipalidadpucon.cl\/wp-content\/uploads\/2025\/07\/2-2-300x225.jpeg\" alt=\"\" width=\"300\" height=\"225\" srcset=\"https:\/\/municipalidadpucon.cl\/wp-content\/uploads\/2025\/07\/2-2-200x150.jpeg 200w, https:\/\/municipalidadpucon.cl\/wp-content\/uploads\/2025\/07\/2-2-300x225.jpeg 300w, https:\/\/municipalidadpucon.cl\/wp-content\/uploads\/2025\/07\/2-2-400x300.jpeg 400w, https:\/\/municipalidadpucon.cl\/wp-content\/uploads\/2025\/07\/2-2-600x450.jpeg 600w, https:\/\/municipalidadpucon.cl\/wp-content\/uploads\/2025\/07\/2-2-768x576.jpeg 768w, https:\/\/municipalidadpucon.cl\/wp-content\/uploads\/2025\/07\/2-2-800x600.jpeg 800w, https:\/\/municipalidadpucon.cl\/wp-content\/uploads\/2025\/07\/2-2-1024x768.jpeg 1024w, https:\/\/municipalidadpucon.cl\/wp-content\/uploads\/2025\/07\/2-2-1200x900.jpeg 1200w, https:\/\/municipalidadpucon.cl\/wp-content\/uploads\/2025\/07\/2-2-scaled.jpeg 1300w, https:\/\/municipalidadpucon.cl\/wp-content\/uploads\/2025\/07\/2-2-1536x1152.jpeg 1536w\" sizes=\"(max-width: 300px) 100vw, 300px\" \/><\/p>\n<p>Por solicitud y gesti\u00f3n de los integrantes de la Comunidad Antonio Huenu\u00f1anco, ante el Destacamento del Ej\u00e9rcito Tucapel y la Municipalidad de Puc\u00f3n, en los \u00faltimos d\u00edas se concretaron muy relevantes arreglos en el camino rural del sector Llafenco de la comuna lacustre en un tramo aproximado de 6 kil\u00f3metros.<\/p>\n<p>Como cercano al lugar se encuentra el Pol\u00edgono de tiro, perteneciente al estamento castrense con sede en Temuco, es que sus autoridades estuvieron disponibles para poner en funcionamiento maquinarias y personal; mientras que la entidad edilicia cooper\u00f3, para el mismo fin, con material estabilizado para el tramo rural del sector precordillerano de la comuna.<\/p>\n<p><strong>INICIATIVA VECINAL<\/strong><\/p>\n<p>\u201cYo creo que se va a hacer otra gesti\u00f3n para que a la gente que no se le pudo hacer su trabajo ahora, ya se va a hacer m\u00e1s adelante\u201d, indic\u00f3 en el mismo terreno Gilberto Rivera, presidente de la comunidad puconina Antonio Huenu\u00f1anco. \u201cEstamos sumamente agradecidos del aporte que nos da el Ej\u00e9rcito y la Municipalidad con el tema del ripio\u201d, agreg\u00f3 el dirigente vecinal.<\/p>\n<!--[if lt IE 9]><script>document.createElement('audio');<\/script><![endif]-->\n<audio class=\"wp-audio-shortcode\" id=\"audio-55416-1\" preload=\"none\" style=\"width: 100%;\" controls=\"controls\"><source type=\"audio\/mpeg\" src=\"https:\/\/municipalidadpucon.cl\/wp-content\/uploads\/2025\/07\/Gilberto-Rivera-Pdte-Comunidad-Antonio-Huenunanco.mp3?_=1\" \/><a href=\"https:\/\/municipalidadpucon.cl\/wp-content\/uploads\/2025\/07\/Gilberto-Rivera-Pdte-Comunidad-Antonio-Huenunanco.mp3\">https:\/\/municipalidadpucon.cl\/wp-content\/uploads\/2025\/07\/Gilberto-Rivera-Pdte-Comunidad-Antonio-Huenunanco.mp3<\/a><\/audio>\n<p>Patricio Rivera, jefe de la Red Vial de la Municipalidad de Puc\u00f3n, destac\u00f3 que este proyecto \u201cparti\u00f3 por iniciativa de los vecinos del sector de Llafenco. Ellos solicitaron al Ej\u00e9rcito de Chile un mejoramiento de camino y el Municipio les cooper\u00f3 con el estabilizado para 6 kil\u00f3metros de camino. Fueron 142 metros c\u00fabicos de material, que le mejoran los accesos a las casas de los vecinos\u201d.<\/p>\n<audio class=\"wp-audio-shortcode\" id=\"audio-55416-2\" preload=\"none\" style=\"width: 100%;\" controls=\"controls\"><source type=\"audio\/mpeg\" src=\"https:\/\/municipalidadpucon.cl\/wp-content\/uploads\/2025\/07\/Patricio-Rivera-jefe-Red-Vial-Muni-Pucon-.mp3?_=2\" \/><a href=\"https:\/\/municipalidadpucon.cl\/wp-content\/uploads\/2025\/07\/Patricio-Rivera-jefe-Red-Vial-Muni-Pucon-.mp3\">https:\/\/municipalidadpucon.cl\/wp-content\/uploads\/2025\/07\/Patricio-Rivera-jefe-Red-Vial-Muni-Pucon-.mp3<\/a><\/audio>\n<p><img decoding=\"async\" class=\"alignnone size-medium wp-image-55421\" src=\"https:\/\/municipalidadpucon.cl\/wp-content\/uploads\/2025\/07\/3-2-300x225.jpeg\" alt=\"\" width=\"300\" height=\"225\" srcset=\"https:\/\/municipalidadpucon.cl\/wp-content\/uploads\/2025\/07\/3-2-200x150.jpeg 200w, https:\/\/municipalidadpucon.cl\/wp-content\/uploads\/2025\/07\/3-2-300x225.jpeg 300w, https:\/\/municipalidadpucon.cl\/wp-content\/uploads\/2025\/07\/3-2-400x300.jpeg 400w, https:\/\/municipalidadpucon.cl\/wp-content\/uploads\/2025\/07\/3-2-600x450.jpeg 600w, https:\/\/municipalidadpucon.cl\/wp-content\/uploads\/2025\/07\/3-2-768x576.jpeg 768w, https:\/\/municipalidadpucon.cl\/wp-content\/uploads\/2025\/07\/3-2-800x600.jpeg 800w, https:\/\/municipalidadpucon.cl\/wp-content\/uploads\/2025\/07\/3-2-1024x768.jpeg 1024w, https:\/\/municipalidadpucon.cl\/wp-content\/uploads\/2025\/07\/3-2-1200x900.jpeg 1200w, https:\/\/municipalidadpucon.cl\/wp-content\/uploads\/2025\/07\/3-2-scaled.jpeg 1300w, https:\/\/municipalidadpucon.cl\/wp-content\/uploads\/2025\/07\/3-2-1536x1152.jpeg 1536w\" sizes=\"(max-width: 300px) 100vw, 300px\" \/> <img decoding=\"async\" class=\"size-medium wp-image-55422 alignright\" src=\"https:\/\/municipalidadpucon.cl\/wp-content\/uploads\/2025\/07\/4-1-300x225.jpeg\" alt=\"\" width=\"300\" height=\"225\" srcset=\"https:\/\/municipalidadpucon.cl\/wp-content\/uploads\/2025\/07\/4-1-200x150.jpeg 200w, https:\/\/municipalidadpucon.cl\/wp-content\/uploads\/2025\/07\/4-1-300x225.jpeg 300w, https:\/\/municipalidadpucon.cl\/wp-content\/uploads\/2025\/07\/4-1-400x300.jpeg 400w, https:\/\/municipalidadpucon.cl\/wp-content\/uploads\/2025\/07\/4-1-600x450.jpeg 600w, https:\/\/municipalidadpucon.cl\/wp-content\/uploads\/2025\/07\/4-1-768x576.jpeg 768w, https:\/\/municipalidadpucon.cl\/wp-content\/uploads\/2025\/07\/4-1-800x600.jpeg 800w, https:\/\/municipalidadpucon.cl\/wp-content\/uploads\/2025\/07\/4-1-1024x768.jpeg 1024w, https:\/\/municipalidadpucon.cl\/wp-content\/uploads\/2025\/07\/4-1-1200x900.jpeg 1200w, https:\/\/municipalidadpucon.cl\/wp-content\/uploads\/2025\/07\/4-1-scaled.jpeg 1300w, https:\/\/municipalidadpucon.cl\/wp-content\/uploads\/2025\/07\/4-1-1536x1152.jpeg 1536w\" sizes=\"(max-width: 300px) 100vw, 300px\" \/><\/p>\n<p><strong>COORDINACIONES<\/strong><\/p>\n<p>Sobre la coordinada acci\u00f3n, el Mayor de Ej\u00e9rcito Pablo Vallejos, comandante de la Compa\u00f1\u00eda Ingenieros N\u00b013 del Destacamento Tucapel, subray\u00f3 que \u201cesto sali\u00f3 como una solicitud de la comunidad de al lado de nuestro predio, que tenemos como un terreno militar\u201d.<\/p>\n<p>La autoridad militar detall\u00f3 que \u201cestamos cubriendo el trabajo con una motoniveladora, dos camiones Tolva, m\u00e1s los operadores de la Compa\u00f1\u00eda de Ingenieros del Destacamento Tucapel\u201d.<\/p>\n<audio class=\"wp-audio-shortcode\" id=\"audio-55416-3\" preload=\"none\" style=\"width: 100%;\" controls=\"controls\"><source type=\"audio\/mpeg\" src=\"https:\/\/municipalidadpucon.cl\/wp-content\/uploads\/2025\/07\/Mayor-Pablo-Vallejos-Cmdte-Cnia-Ingenieros-N13-Destacamento-Tucapel.mp3?_=3\" \/><a href=\"https:\/\/municipalidadpucon.cl\/wp-content\/uploads\/2025\/07\/Mayor-Pablo-Vallejos-Cmdte-Cnia-Ingenieros-N13-Destacamento-Tucapel.mp3\">https:\/\/municipalidadpucon.cl\/wp-content\/uploads\/2025\/07\/Mayor-Pablo-Vallejos-Cmdte-Cnia-Ingenieros-N13-Destacamento-Tucapel.mp3<\/a><\/audio>\n<p><img decoding=\"async\" class=\"size-medium wp-image-55423 aligncenter\" src=\"https:\/\/municipalidadpucon.cl\/wp-content\/uploads\/2025\/07\/5-1-300x225.jpeg\" alt=\"\" width=\"300\" height=\"225\" srcset=\"https:\/\/municipalidadpucon.cl\/wp-content\/uploads\/2025\/07\/5-1-200x150.jpeg 200w, https:\/\/municipalidadpucon.cl\/wp-content\/uploads\/2025\/07\/5-1-300x225.jpeg 300w, https:\/\/municipalidadpucon.cl\/wp-content\/uploads\/2025\/07\/5-1-400x300.jpeg 400w, https:\/\/municipalidadpucon.cl\/wp-content\/uploads\/2025\/07\/5-1-600x450.jpeg 600w, https:\/\/municipalidadpucon.cl\/wp-content\/uploads\/2025\/07\/5-1-768x576.jpeg 768w, https:\/\/municipalidadpucon.cl\/wp-content\/uploads\/2025\/07\/5-1-800x600.jpeg 800w, https:\/\/municipalidadpucon.cl\/wp-content\/uploads\/2025\/07\/5-1-1024x768.jpeg 1024w, https:\/\/municipalidadpucon.cl\/wp-content\/uploads\/2025\/07\/5-1-1200x900.jpeg 1200w, https:\/\/municipalidadpucon.cl\/wp-content\/uploads\/2025\/07\/5-1-scaled.jpeg 1300w, https:\/\/municipalidadpucon.cl\/wp-content\/uploads\/2025\/07\/5-1-1536x1152.jpeg 1536w\" sizes=\"(max-width: 300px) 100vw, 300px\" \/><\/p>\n<p>Recordar que ante necesidades viales en la comuna est\u00e1 disponible la Red Vial del Municipio de Puc\u00f3n, entidad que -como en este caso- est\u00e1 dispuesta para generar coordinaciones con otras instituciones, siempre con el objetivo de mejorar la calidad de vida de los habitantes de retirados sectores de la comuna, durante todo el a\u00f1o y en especial en los sectores rurales y, por estos d\u00edas, en \u00e9poca lluviosa e invernal.<\/p>\n","protected":false},"excerpt":{"rendered":"<p>El trabajo coordinado de la Municipalidad local, el Destacamento Tucapel [&hellip;]<\/p>\n","protected":false},"author":10,"featured_media":55425,"comment_status":"closed","ping_status":"open","sticky":false,"template":"","format":"standard","meta":[],"categories":[3],"tags":[],"_links":{"self":[{"href":"https:\/\/municipalidadpucon.cl\/index.php?rest_route=\/wp\/v2\/posts\/55416"}],"collection":[{"href":"https:\/\/municipalidadpucon.cl\/index.php?rest_route=\/wp\/v2\/posts"}],"about":[{"href":"https:\/\/municipalidadpucon.cl\/index.php?rest_route=\/wp\/v2\/types\/post"}],"author":[{"embeddable":true,"href":"https:\/\/municipalidadpucon.cl\/index.php?rest_route=\/wp\/v2\/users\/10"}],"replies":[{"embeddable":true,"href":"https:\/\/municipalidadpucon.cl\/index.php?rest_route=%2Fwp%2Fv2%2Fcomments&post=55416"}],"version-history":[{"count":1,"href":"https:\/\/municipalidadpucon.cl\/index.php?rest_route=\/wp\/v2\/posts\/55416\/revisions"}],"predecessor-version":[{"id":55426,"href":"https:\/\/municipalidadpucon.cl\/index.php?rest_route=\/wp\/v2\/posts\/55416\/revisions\/55426"}],"wp:featuredmedia":[{"embeddable":true,"href":"https:\/\/municipalidadpucon.cl\/index.php?rest_route=\/wp\/v2\/media\/55425"}],"wp:attachment":[{"href":"https:\/\/municipalidadpucon.cl\/index.php?rest_route=%2Fwp%2Fv2%2Fmedia&parent=55416"}],"wp:term":[{"taxonomy":"category","embeddable":true,"href":"https:\/\/municipalidadpucon.cl\/index.php?rest_route=%2Fwp%2Fv2%2Fcategories&post=55416"},{"taxonomy":"post_tag","embeddable":true,"href":"https:\/\/municipalidadpucon.cl\/index.php?rest_route=%2Fwp%2Fv2%2Ftags&post=55416"}],"curies":[{"name":"wp","href":"https:\/\/api.w.org\/{rel}","templated":true}]}}