{"id":55427,"date":"2025-07-30T14:16:59","date_gmt":"2025-07-30T17:16:59","guid":{"rendered":"https:\/\/municipalidadpucon.cl\/?p=55427"},"modified":"2025-07-30T14:16:59","modified_gmt":"2025-07-30T17:16:59","slug":"pucon-y-vitacura-sellan-convenio-de-colaboracion-para-impulsar-el-emprendimiento-turismo-y-bienestar-de-sus-vecinos","status":"publish","type":"post","link":"https:\/\/municipalidadpucon.cl\/?p=55427","title":{"rendered":"Puc\u00f3n y Vitacura sellan convenio de colaboraci\u00f3n para impulsar el emprendimiento, turismo y bienestar de sus vecinos"},"content":{"rendered":"<p><em><strong>Para compartir experiencias y enfrentar desaf\u00edos comunes que permitan mejorar la calidad de vida en sus territorios, los municipios de La Araucan\u00eda y la Regi\u00f3n Metropolitana acordaron un compromiso en distintos t\u00f3picos.<\/strong><\/em><\/p>\n<p><img decoding=\"async\" class=\"size-medium wp-image-55428 aligncenter\" src=\"https:\/\/municipalidadpucon.cl\/wp-content\/uploads\/2025\/07\/2-1-300x200.jpg\" alt=\"\" width=\"300\" height=\"200\" srcset=\"https:\/\/municipalidadpucon.cl\/wp-content\/uploads\/2025\/07\/2-1-200x133.jpg 200w, https:\/\/municipalidadpucon.cl\/wp-content\/uploads\/2025\/07\/2-1-300x200.jpg 300w, https:\/\/municipalidadpucon.cl\/wp-content\/uploads\/2025\/07\/2-1-400x267.jpg 400w, https:\/\/municipalidadpucon.cl\/wp-content\/uploads\/2025\/07\/2-1-600x400.jpg 600w, https:\/\/municipalidadpucon.cl\/wp-content\/uploads\/2025\/07\/2-1-768x512.jpg 768w, https:\/\/municipalidadpucon.cl\/wp-content\/uploads\/2025\/07\/2-1-800x533.jpg 800w, https:\/\/municipalidadpucon.cl\/wp-content\/uploads\/2025\/07\/2-1-1024x683.jpg 1024w, https:\/\/municipalidadpucon.cl\/wp-content\/uploads\/2025\/07\/2-1-1200x800.jpg 1200w, https:\/\/municipalidadpucon.cl\/wp-content\/uploads\/2025\/07\/2-1-scaled.jpg 1300w, https:\/\/municipalidadpucon.cl\/wp-content\/uploads\/2025\/07\/2-1-1536x1024.jpg 1536w\" sizes=\"(max-width: 300px) 100vw, 300px\" \/><\/p>\n<p>Con el objetivo de compartir vivencias y coordinar desaf\u00edos comunes esta semana firmaron un convenio de colaboraci\u00f3n en Santiago las comunas de Puc\u00f3n y Vitacura en un acto que fue encabezado por los alcaldes Sebasti\u00e1n \u00c1lvarez Ram\u00edrez y Camila Merino Catal\u00e1n, respectivamente m\u00e1s la presencia de sus concejales y equipos t\u00e9cnicos de la entidad capitalina.<\/p>\n<p>El acuerdo establece l\u00edneas de trabajo conjuntas que abarcan el fomento productivo, la prevenci\u00f3n del delito, el mejoramiento de la atenci\u00f3n vecinal y la puesta en marcha de iniciativas sociales, enfocadas especialmente en personas mayores.<\/p>\n<p>La primera autoridad de la ciudad lacustre valor\u00f3 la apertura de distintos espacios de cooperaci\u00f3n y apoyo que ser\u00e1n posibles gracias al hecho ocurrido, sobre todo en materia de seguridad y educaci\u00f3n p\u00fablica. \u201cNos permite el poder renovar, por ejemplo, nuestro equipamiento y estructura, al recibir la experiencia de una Municipalidad que ha tenido uno de los registros m\u00e1s s\u00f3lidos en la disminuci\u00f3n de indicadores relativos a la delincuencia\u201d, destac\u00f3 la primera autoridad de la ciudad lacustre, Sebasti\u00e1n \u00c1lvarez.<\/p>\n<!--[if lt IE 9]><script>document.createElement('audio');<\/script><![endif]-->\n<audio class=\"wp-audio-shortcode\" id=\"audio-55427-1\" preload=\"none\" style=\"width: 100%;\" controls=\"controls\"><source type=\"audio\/mpeg\" src=\"https:\/\/municipalidadpucon.cl\/wp-content\/uploads\/2025\/07\/Alcalde-Sebastian-Alvarez.mp3?_=1\" \/><a href=\"https:\/\/municipalidadpucon.cl\/wp-content\/uploads\/2025\/07\/Alcalde-Sebastian-Alvarez.mp3\">https:\/\/municipalidadpucon.cl\/wp-content\/uploads\/2025\/07\/Alcalde-Sebastian-Alvarez.mp3<\/a><\/audio>\n<p><strong>CALIDAD DE VIDA<\/strong><\/p>\n<p>La jefa comunal capitalina manifest\u00f3 su alegr\u00eda por la firma del acuerdo, ya que permitir\u00e1 mejorar la calidad de vida de los habitantes al fortalecer \u00e1reas importantes, como el emprendimiento y el apoyo al adulto mayor. \u201cCreemos que la colaboraci\u00f3n entre nuestras instituciones es clave para enfrentar desaf\u00edos comunes e integrar buenas ideas\u201d, coment\u00f3 Camila Merino.<\/p>\n<audio class=\"wp-audio-shortcode\" id=\"audio-55427-2\" preload=\"none\" style=\"width: 100%;\" controls=\"controls\"><source type=\"audio\/mpeg\" src=\"https:\/\/municipalidadpucon.cl\/wp-content\/uploads\/2025\/07\/Alcaldesa-de-Vitacura.mp3?_=2\" \/><a href=\"https:\/\/municipalidadpucon.cl\/wp-content\/uploads\/2025\/07\/Alcaldesa-de-Vitacura.mp3\">https:\/\/municipalidadpucon.cl\/wp-content\/uploads\/2025\/07\/Alcaldesa-de-Vitacura.mp3<\/a><\/audio>\n<p>Al respecto, el administrador municipal de Puc\u00f3n, Francisco Torres, recalc\u00f3 que la finalidad de este tipo de convenios es compartir y entregar el llamado a \u201csaber hacer\u201d. En ese sentido, mientras Puc\u00f3n puede aportar en materia tur\u00edstica, tambi\u00e9n se ve favorecido del conocimiento de este gran complejo urbano de la zona metropolitana en el \u00e1mbito administrativo.<\/p>\n<audio class=\"wp-audio-shortcode\" id=\"audio-55427-3\" preload=\"none\" style=\"width: 100%;\" controls=\"controls\"><source type=\"audio\/mpeg\" src=\"https:\/\/municipalidadpucon.cl\/wp-content\/uploads\/2025\/07\/Administrador-Muni-Pucon-Francisco-Torres.mp3?_=3\" \/><a href=\"https:\/\/municipalidadpucon.cl\/wp-content\/uploads\/2025\/07\/Administrador-Muni-Pucon-Francisco-Torres.mp3\">https:\/\/municipalidadpucon.cl\/wp-content\/uploads\/2025\/07\/Administrador-Muni-Pucon-Francisco-Torres.mp3<\/a><\/audio>\n<p>\u201cPodemos beneficiarnos enormemente al tomar ciertos lineamientos de una Municipalidad como Vitacura, que tiene mayor manejo y experiencia de situaciones relacionadas al manejo del emprendimiento y del desarrollo comunal en general\u201d, coment\u00f3 Torres.<\/p>\n<p>El Municipio de Puc\u00f3n subraya su compromiso permanente con pol\u00edticas p\u00fablicas que potencien la competitividad local, fortalezcan la seguridad ciudadana y promuevan el bienestar de los vecinos, reafirmando su visi\u00f3n de una comuna integrada y pr\u00f3spera.<\/p>\n<p><strong>PUC\u00d3N EMPRENDE<\/strong><\/p>\n<p>Esta alianza, adem\u00e1s, considera que productores y artesanos de la zona lacustre puedan exhibir y comercializar sus creaciones en ferias y eventos organizados en la capital, lo que pretende robustecer el tejido econ\u00f3mico de Puc\u00f3n y generar nuevos v\u00ednculos comerciales, en el marco del programa de la Feria Emprende Puc\u00f3n.<\/p>\n<p>Como un instrumento que abre nuevas puertas, el alcalde de Puc\u00f3n, Sebasti\u00e1n \u00c1lvarez, resalt\u00f3 la importancia de este acuerdo, ya que permitir\u00e1 el acceso a nuevos mercados que no dependan de la estacionalidad, fuera de la temporada de mayor demanda tur\u00edstica en el territorio. \u201cPor lo tanto, es un nuevo canal de comercializaci\u00f3n para nuestros emprendedores\u201d, concluy\u00f3 la m\u00e1xima autoridad de la comuna lacustre.<\/p>\n","protected":false},"excerpt":{"rendered":"<p>Para compartir experiencias y enfrentar desaf\u00edos comunes que permitan mejorar [&hellip;]<\/p>\n","protected":false},"author":10,"featured_media":55432,"comment_status":"closed","ping_status":"open","sticky":false,"template":"","format":"standard","meta":[],"categories":[3],"tags":[],"_links":{"self":[{"href":"https:\/\/municipalidadpucon.cl\/index.php?rest_route=\/wp\/v2\/posts\/55427"}],"collection":[{"href":"https:\/\/municipalidadpucon.cl\/index.php?rest_route=\/wp\/v2\/posts"}],"about":[{"href":"https:\/\/municipalidadpucon.cl\/index.php?rest_route=\/wp\/v2\/types\/post"}],"author":[{"embeddable":true,"href":"https:\/\/municipalidadpucon.cl\/index.php?rest_route=\/wp\/v2\/users\/10"}],"replies":[{"embeddable":true,"href":"https:\/\/municipalidadpucon.cl\/index.php?rest_route=%2Fwp%2Fv2%2Fcomments&post=55427"}],"version-history":[{"count":1,"href":"https:\/\/municipalidadpucon.cl\/index.php?rest_route=\/wp\/v2\/posts\/55427\/revisions"}],"predecessor-version":[{"id":55433,"href":"https:\/\/municipalidadpucon.cl\/index.php?rest_route=\/wp\/v2\/posts\/55427\/revisions\/55433"}],"wp:featuredmedia":[{"embeddable":true,"href":"https:\/\/municipalidadpucon.cl\/index.php?rest_route=\/wp\/v2\/media\/55432"}],"wp:attachment":[{"href":"https:\/\/municipalidadpucon.cl\/index.php?rest_route=%2Fwp%2Fv2%2Fmedia&parent=55427"}],"wp:term":[{"taxonomy":"category","embeddable":true,"href":"https:\/\/municipalidadpucon.cl\/index.php?rest_route=%2Fwp%2Fv2%2Fcategories&post=55427"},{"taxonomy":"post_tag","embeddable":true,"href":"https:\/\/municipalidadpucon.cl\/index.php?rest_route=%2Fwp%2Fv2%2Ftags&post=55427"}],"curies":[{"name":"wp","href":"https:\/\/api.w.org\/{rel}","templated":true}]}}