{"id":55744,"date":"2025-08-13T11:49:22","date_gmt":"2025-08-13T14:49:22","guid":{"rendered":"https:\/\/municipalidadpucon.cl\/?p=55744"},"modified":"2025-08-13T12:48:43","modified_gmt":"2025-08-13T15:48:43","slug":"ninos-y-ninas-hacen-deporte-contra-viento-y-marea-gracias-a-talleres-municipales","status":"publish","type":"post","link":"https:\/\/municipalidadpucon.cl\/?p=55744","title":{"rendered":"Ni\u00f1os y ni\u00f1as hacen deporte contra &#8220;viento y marea&#8221; gracias a talleres municipales"},"content":{"rendered":"<p><em><strong>Talleres de f\u00fatbol femenino y masculino de la comuna, adem\u00e1s de entrenar, desarroll\u00f3 una jornada de competencias ante sus similares de Villarrica y Lican Ray.<\/strong><\/em><\/p>\n<p><img decoding=\"async\" class=\"alignnone size-medium wp-image-55745\" src=\"https:\/\/municipalidadpucon.cl\/wp-content\/uploads\/2025\/08\/2-9-300x225.jpeg\" alt=\"\" width=\"300\" height=\"225\" srcset=\"https:\/\/municipalidadpucon.cl\/wp-content\/uploads\/2025\/08\/2-9-200x150.jpeg 200w, https:\/\/municipalidadpucon.cl\/wp-content\/uploads\/2025\/08\/2-9-300x225.jpeg 300w, https:\/\/municipalidadpucon.cl\/wp-content\/uploads\/2025\/08\/2-9-400x300.jpeg 400w, https:\/\/municipalidadpucon.cl\/wp-content\/uploads\/2025\/08\/2-9-600x450.jpeg 600w, https:\/\/municipalidadpucon.cl\/wp-content\/uploads\/2025\/08\/2-9-768x576.jpeg 768w, https:\/\/municipalidadpucon.cl\/wp-content\/uploads\/2025\/08\/2-9-800x600.jpeg 800w, https:\/\/municipalidadpucon.cl\/wp-content\/uploads\/2025\/08\/2-9-1024x768.jpeg 1024w, https:\/\/municipalidadpucon.cl\/wp-content\/uploads\/2025\/08\/2-9-1200x900.jpeg 1200w, https:\/\/municipalidadpucon.cl\/wp-content\/uploads\/2025\/08\/2-9-scaled.jpeg 1300w, https:\/\/municipalidadpucon.cl\/wp-content\/uploads\/2025\/08\/2-9-1536x1152.jpeg 1536w\" sizes=\"(max-width: 300px) 100vw, 300px\" \/> <img decoding=\"async\" class=\"alignnone size-medium wp-image-55746\" src=\"https:\/\/municipalidadpucon.cl\/wp-content\/uploads\/2025\/08\/3-8-300x225.jpeg\" alt=\"\" width=\"300\" height=\"225\" srcset=\"https:\/\/municipalidadpucon.cl\/wp-content\/uploads\/2025\/08\/3-8-200x150.jpeg 200w, https:\/\/municipalidadpucon.cl\/wp-content\/uploads\/2025\/08\/3-8-300x225.jpeg 300w, https:\/\/municipalidadpucon.cl\/wp-content\/uploads\/2025\/08\/3-8-400x300.jpeg 400w, https:\/\/municipalidadpucon.cl\/wp-content\/uploads\/2025\/08\/3-8-600x450.jpeg 600w, https:\/\/municipalidadpucon.cl\/wp-content\/uploads\/2025\/08\/3-8-768x576.jpeg 768w, https:\/\/municipalidadpucon.cl\/wp-content\/uploads\/2025\/08\/3-8-800x600.jpeg 800w, https:\/\/municipalidadpucon.cl\/wp-content\/uploads\/2025\/08\/3-8-1024x768.jpeg 1024w, https:\/\/municipalidadpucon.cl\/wp-content\/uploads\/2025\/08\/3-8-1200x900.jpeg 1200w, https:\/\/municipalidadpucon.cl\/wp-content\/uploads\/2025\/08\/3-8-scaled.jpeg 1300w, https:\/\/municipalidadpucon.cl\/wp-content\/uploads\/2025\/08\/3-8-1536x1152.jpeg 1536w\" sizes=\"(max-width: 300px) 100vw, 300px\" \/><\/p>\n<p>Entre los diversos talleres deportivos impartidos gratuitamente por la Municipalidad de Puc\u00f3n, los del f\u00fatbol femenino y masculino no s\u00f3lo entrenan durante toda la semana, sino que tambi\u00e9n compiten.<\/p>\n<p>Esto \u00faltimo fue lo que ocurri\u00f3 hace algunos d\u00edas, con un encuentro deportivo de los ni\u00f1os puconinos, ante sus similares de Villarrica y Lican Ray.<\/p>\n<p>A este encuentro, que se realiz\u00f3 en el Estadio Municipal &#8220;Osvaldo Mu\u00f1oz Carrillo&#8221;, junto con jugadores y sus familias, asisti\u00f3 el alcalde de la comuna de Puc\u00f3n, Sebasti\u00e1n \u00c1lvarez, quien, acompa\u00f1ado por el encargado de deportes de la entidad edilicia local, Aldo Garrido, confirm\u00f3 en terreno los avances de los infantes y su destacado entusiasmo, a prueba del tradicional fr\u00edo y lluvia de la zona.<\/p>\n<p><img decoding=\"async\" class=\"size-medium wp-image-55747 aligncenter\" src=\"https:\/\/municipalidadpucon.cl\/wp-content\/uploads\/2025\/08\/4-5-300x225.jpeg\" alt=\"\" width=\"300\" height=\"225\" srcset=\"https:\/\/municipalidadpucon.cl\/wp-content\/uploads\/2025\/08\/4-5-200x150.jpeg 200w, https:\/\/municipalidadpucon.cl\/wp-content\/uploads\/2025\/08\/4-5-300x225.jpeg 300w, https:\/\/municipalidadpucon.cl\/wp-content\/uploads\/2025\/08\/4-5-400x300.jpeg 400w, https:\/\/municipalidadpucon.cl\/wp-content\/uploads\/2025\/08\/4-5-600x450.jpeg 600w, https:\/\/municipalidadpucon.cl\/wp-content\/uploads\/2025\/08\/4-5-768x576.jpeg 768w, https:\/\/municipalidadpucon.cl\/wp-content\/uploads\/2025\/08\/4-5-800x600.jpeg 800w, https:\/\/municipalidadpucon.cl\/wp-content\/uploads\/2025\/08\/4-5-1024x768.jpeg 1024w, https:\/\/municipalidadpucon.cl\/wp-content\/uploads\/2025\/08\/4-5-1200x900.jpeg 1200w, https:\/\/municipalidadpucon.cl\/wp-content\/uploads\/2025\/08\/4-5-scaled.jpeg 1300w, https:\/\/municipalidadpucon.cl\/wp-content\/uploads\/2025\/08\/4-5-1536x1152.jpeg 1536w\" sizes=\"(max-width: 300px) 100vw, 300px\" \/><\/p>\n<p><strong>CENTENAR DE PARTICIPANTES\u00a0<\/strong><\/p>\n<p>Manuel L\u00f3pez, presidente de la Escuela de F\u00fatbol Municipal de Puc\u00f3n, destac\u00f3 lo que est\u00e1n viviendo junto a los integrantes del taller, ya que \u201cllevo aqu\u00ed en la Escuela Municipal 4 a\u00f1os aproximadamente y todo ha sido excelente, est\u00e1 todo muy bien organizado\u201d.<\/p>\n<!--[if lt IE 9]><script>document.createElement('audio');<\/script><![endif]-->\n<audio class=\"wp-audio-shortcode\" id=\"audio-55744-1\" preload=\"none\" style=\"width: 100%;\" controls=\"controls\"><source type=\"audio\/mpeg\" src=\"https:\/\/municipalidadpucon.cl\/wp-content\/uploads\/2025\/08\/Manuel-Bulnes-Pdte-de-los-apoderados-del-Taller-Municipal-de-Futbol-.mp3?_=1\" \/><a href=\"https:\/\/municipalidadpucon.cl\/wp-content\/uploads\/2025\/08\/Manuel-Bulnes-Pdte-de-los-apoderados-del-Taller-Municipal-de-Futbol-.mp3\">https:\/\/municipalidadpucon.cl\/wp-content\/uploads\/2025\/08\/Manuel-Bulnes-Pdte-de-los-apoderados-del-Taller-Municipal-de-Futbol-.mp3<\/a><\/audio>\n<p>Esta escuela depende del Departamento de Deportes de la Municipalidad de Puc\u00f3n, por ende, es gratis, reuniendo a m\u00e1s de 180 ni\u00f1os y a m\u00e1s de 120 ni\u00f1as. \u201cGracias a la Municipalidad podemos contar con la disponibilidad del estadio que jam\u00e1s se nos ha negado y tambi\u00e9n tenemos transporte para viajar a otras ciudades\u201d, recalc\u00f3 el representante de los apoderados, Manuel Bulnes.<\/p>\n<p><img decoding=\"async\" class=\"alignnone size-medium wp-image-55750\" src=\"https:\/\/municipalidadpucon.cl\/wp-content\/uploads\/2025\/08\/5-5-300x225.jpeg\" alt=\"\" width=\"300\" height=\"225\" srcset=\"https:\/\/municipalidadpucon.cl\/wp-content\/uploads\/2025\/08\/5-5-200x150.jpeg 200w, https:\/\/municipalidadpucon.cl\/wp-content\/uploads\/2025\/08\/5-5-300x225.jpeg 300w, https:\/\/municipalidadpucon.cl\/wp-content\/uploads\/2025\/08\/5-5-400x300.jpeg 400w, https:\/\/municipalidadpucon.cl\/wp-content\/uploads\/2025\/08\/5-5-600x450.jpeg 600w, https:\/\/municipalidadpucon.cl\/wp-content\/uploads\/2025\/08\/5-5-768x576.jpeg 768w, https:\/\/municipalidadpucon.cl\/wp-content\/uploads\/2025\/08\/5-5-800x600.jpeg 800w, https:\/\/municipalidadpucon.cl\/wp-content\/uploads\/2025\/08\/5-5-1024x768.jpeg 1024w, https:\/\/municipalidadpucon.cl\/wp-content\/uploads\/2025\/08\/5-5-1200x900.jpeg 1200w, https:\/\/municipalidadpucon.cl\/wp-content\/uploads\/2025\/08\/5-5-scaled.jpeg 1300w, https:\/\/municipalidadpucon.cl\/wp-content\/uploads\/2025\/08\/5-5-1536x1152.jpeg 1536w\" sizes=\"(max-width: 300px) 100vw, 300px\" \/><\/p>\n<p><strong>D\u00cdAS Y CATEGOR\u00cdAS<\/strong><\/p>\n<p>Aisl\u00e9n M\u00e1rquez, apoderada tambi\u00e9n de este taller que entrena los lunes, mi\u00e9rcoles y viernes, a partir de las 16 horas los lunes y mi\u00e9rcoles y desde las 14 los viernes, en distintas categor\u00edas con ni\u00f1os nacidos entre los a\u00f1os 2006 y 2017, siempre en el Estadio Municipal puconino, valor\u00f3 que su hijo debutara en los duelos frente a \u00a0villarricenses y licanrayenses. \u201cEstamos felices de que se den estas instancias para los ni\u00f1os, porque es muy importante que practiquen deporte\u201d, indic\u00f3 la feliz madre, quien recalc\u00f3 \u201cno importa el fr\u00edo ni la lluvia, hay que darle con todo\u201d, redonde\u00f3 la apoderada de las masivas escuelas de f\u00fatbol, que en el caso de las ni\u00f1as mantiene entrenamientos los d\u00edas martes y jueves, desde las 17 horas en distintas series seg\u00fan edad, desde los 8 hasta los 18 a\u00f1os de edad.<\/p>\n<audio class=\"wp-audio-shortcode\" id=\"audio-55744-2\" preload=\"none\" style=\"width: 100%;\" controls=\"controls\"><source type=\"audio\/mpeg\" src=\"https:\/\/municipalidadpucon.cl\/wp-content\/uploads\/2025\/08\/Aislen-Marquez-apoderada-del-taller-de-futbol-municipal-.mp3?_=2\" \/><a href=\"https:\/\/municipalidadpucon.cl\/wp-content\/uploads\/2025\/08\/Aislen-Marquez-apoderada-del-taller-de-futbol-municipal-.mp3\">https:\/\/municipalidadpucon.cl\/wp-content\/uploads\/2025\/08\/Aislen-Marquez-apoderada-del-taller-de-futbol-municipal-.mp3<\/a><\/audio>\n","protected":false},"excerpt":{"rendered":"<p>Talleres de f\u00fatbol femenino y masculino de la comuna, adem\u00e1s [&hellip;]<\/p>\n","protected":false},"author":10,"featured_media":55751,"comment_status":"closed","ping_status":"open","sticky":false,"template":"","format":"standard","meta":[],"categories":[98,3],"tags":[],"_links":{"self":[{"href":"https:\/\/municipalidadpucon.cl\/index.php?rest_route=\/wp\/v2\/posts\/55744"}],"collection":[{"href":"https:\/\/municipalidadpucon.cl\/index.php?rest_route=\/wp\/v2\/posts"}],"about":[{"href":"https:\/\/municipalidadpucon.cl\/index.php?rest_route=\/wp\/v2\/types\/post"}],"author":[{"embeddable":true,"href":"https:\/\/municipalidadpucon.cl\/index.php?rest_route=\/wp\/v2\/users\/10"}],"replies":[{"embeddable":true,"href":"https:\/\/municipalidadpucon.cl\/index.php?rest_route=%2Fwp%2Fv2%2Fcomments&post=55744"}],"version-history":[{"count":2,"href":"https:\/\/municipalidadpucon.cl\/index.php?rest_route=\/wp\/v2\/posts\/55744\/revisions"}],"predecessor-version":[{"id":55759,"href":"https:\/\/municipalidadpucon.cl\/index.php?rest_route=\/wp\/v2\/posts\/55744\/revisions\/55759"}],"wp:featuredmedia":[{"embeddable":true,"href":"https:\/\/municipalidadpucon.cl\/index.php?rest_route=\/wp\/v2\/media\/55751"}],"wp:attachment":[{"href":"https:\/\/municipalidadpucon.cl\/index.php?rest_route=%2Fwp%2Fv2%2Fmedia&parent=55744"}],"wp:term":[{"taxonomy":"category","embeddable":true,"href":"https:\/\/municipalidadpucon.cl\/index.php?rest_route=%2Fwp%2Fv2%2Fcategories&post=55744"},{"taxonomy":"post_tag","embeddable":true,"href":"https:\/\/municipalidadpucon.cl\/index.php?rest_route=%2Fwp%2Fv2%2Ftags&post=55744"}],"curies":[{"name":"wp","href":"https:\/\/api.w.org\/{rel}","templated":true}]}}