{"id":55857,"date":"2025-08-25T09:41:56","date_gmt":"2025-08-25T12:41:56","guid":{"rendered":"https:\/\/municipalidadpucon.cl\/?p=55857"},"modified":"2025-08-25T09:42:31","modified_gmt":"2025-08-25T12:42:31","slug":"escuela-el-claro-reunio-a-estudiantes-para-homenajear-a-ohiggins","status":"publish","type":"post","link":"https:\/\/municipalidadpucon.cl\/?p=55857","title":{"rendered":"Escuela El Claro reuni\u00f3 a estudiantes para homenajear a O\u2019Higgins"},"content":{"rendered":"<p><em><strong>El reciente 20 de agosto, que recuerda el natalicio del Libertador, se realizaron dos actos el mismo d\u00eda en que era feriado en la Regi\u00f3n del \u00d1uble, recordando a quien es considerado el Padre de la Patria.<\/strong><\/em><\/p>\n<p><img decoding=\"async\" class=\"alignnone size-medium wp-image-55858\" src=\"https:\/\/municipalidadpucon.cl\/wp-content\/uploads\/2025\/08\/2-14-300x225.jpeg\" alt=\"\" width=\"300\" height=\"225\" srcset=\"https:\/\/municipalidadpucon.cl\/wp-content\/uploads\/2025\/08\/2-14-200x150.jpeg 200w, https:\/\/municipalidadpucon.cl\/wp-content\/uploads\/2025\/08\/2-14-300x225.jpeg 300w, https:\/\/municipalidadpucon.cl\/wp-content\/uploads\/2025\/08\/2-14-400x300.jpeg 400w, https:\/\/municipalidadpucon.cl\/wp-content\/uploads\/2025\/08\/2-14-600x450.jpeg 600w, https:\/\/municipalidadpucon.cl\/wp-content\/uploads\/2025\/08\/2-14-768x576.jpeg 768w, https:\/\/municipalidadpucon.cl\/wp-content\/uploads\/2025\/08\/2-14-800x600.jpeg 800w, https:\/\/municipalidadpucon.cl\/wp-content\/uploads\/2025\/08\/2-14-1024x768.jpeg 1024w, https:\/\/municipalidadpucon.cl\/wp-content\/uploads\/2025\/08\/2-14-1200x900.jpeg 1200w, https:\/\/municipalidadpucon.cl\/wp-content\/uploads\/2025\/08\/2-14.jpeg 1280w\" sizes=\"(max-width: 300px) 100vw, 300px\" \/> <img decoding=\"async\" class=\"alignnone size-medium wp-image-55859\" src=\"https:\/\/municipalidadpucon.cl\/wp-content\/uploads\/2025\/08\/2A-225x300.jpeg\" alt=\"\" width=\"225\" height=\"300\" srcset=\"https:\/\/municipalidadpucon.cl\/wp-content\/uploads\/2025\/08\/2A-200x267.jpeg 200w, https:\/\/municipalidadpucon.cl\/wp-content\/uploads\/2025\/08\/2A-225x300.jpeg 225w, https:\/\/municipalidadpucon.cl\/wp-content\/uploads\/2025\/08\/2A-400x533.jpeg 400w, https:\/\/municipalidadpucon.cl\/wp-content\/uploads\/2025\/08\/2A-600x800.jpeg 600w, https:\/\/municipalidadpucon.cl\/wp-content\/uploads\/2025\/08\/2A-768x1024.jpeg 768w, https:\/\/municipalidadpucon.cl\/wp-content\/uploads\/2025\/08\/2A-800x1067.jpeg 800w, https:\/\/municipalidadpucon.cl\/wp-content\/uploads\/2025\/08\/2A-scaled.jpeg 975w, https:\/\/municipalidadpucon.cl\/wp-content\/uploads\/2025\/08\/2A-1152x1536.jpeg 1152w, https:\/\/municipalidadpucon.cl\/wp-content\/uploads\/2025\/08\/2A-1200x1600.jpeg 1200w, https:\/\/municipalidadpucon.cl\/wp-content\/uploads\/2025\/08\/2A-1536x2048.jpeg 1536w\" sizes=\"(max-width: 225px) 100vw, 225px\" \/><\/p>\n<p>Dos emotivas ceremonias se realizaron el pasado 20 de agosto, la m\u00e1s masiva en el Gimnasio de la Escuela El Claro de Puc\u00f3n y otra en el paseo Emelinda Hott, en el busto de Bernardo O\u2019Higgins, para reconocer el Natalicio del pr\u00f3cer de la Patria, a prop\u00f3sito de su natalicio n\u00famero 247, por lo cual la Regi\u00f3n del \u00d1uble tuvo \u201cferiado local\u201d, debido a que fue en Chill\u00e1n en donde naci\u00f3 el a\u00f1o 1778.<\/p>\n<p>Para destacar la figura de quien fuera Director Supremo y General del incipiente Ej\u00e9rcito de Chile, en los albores de la vida del Chile independiente de la Corona Espa\u00f1ola, autoridades locales m\u00e1s personeros del Club de Leones y el Rotary Club puconinos, liderados por el alcalde de la comuna, Sebasti\u00e1n \u00c1lvarez, fueron parte de estos encuentros recordatorios que se coronaron con la colocaci\u00f3n de ofrendas florales en el busto de O\u2019Higgins Riquelme.<\/p>\n<p><img decoding=\"async\" class=\"alignnone size-medium wp-image-55861\" src=\"https:\/\/municipalidadpucon.cl\/wp-content\/uploads\/2025\/08\/3-13-300x225.jpeg\" alt=\"\" width=\"300\" height=\"225\" srcset=\"https:\/\/municipalidadpucon.cl\/wp-content\/uploads\/2025\/08\/3-13-200x150.jpeg 200w, https:\/\/municipalidadpucon.cl\/wp-content\/uploads\/2025\/08\/3-13-300x225.jpeg 300w, https:\/\/municipalidadpucon.cl\/wp-content\/uploads\/2025\/08\/3-13-400x300.jpeg 400w, https:\/\/municipalidadpucon.cl\/wp-content\/uploads\/2025\/08\/3-13-600x450.jpeg 600w, https:\/\/municipalidadpucon.cl\/wp-content\/uploads\/2025\/08\/3-13-768x576.jpeg 768w, https:\/\/municipalidadpucon.cl\/wp-content\/uploads\/2025\/08\/3-13-800x600.jpeg 800w, https:\/\/municipalidadpucon.cl\/wp-content\/uploads\/2025\/08\/3-13-1024x768.jpeg 1024w, https:\/\/municipalidadpucon.cl\/wp-content\/uploads\/2025\/08\/3-13-1200x900.jpeg 1200w, https:\/\/municipalidadpucon.cl\/wp-content\/uploads\/2025\/08\/3-13.jpeg 1280w\" sizes=\"(max-width: 300px) 100vw, 300px\" \/> <img decoding=\"async\" class=\"alignnone size-medium wp-image-55862\" src=\"https:\/\/municipalidadpucon.cl\/wp-content\/uploads\/2025\/08\/4-10-300x225.jpeg\" alt=\"\" width=\"300\" height=\"225\" srcset=\"https:\/\/municipalidadpucon.cl\/wp-content\/uploads\/2025\/08\/4-10-200x150.jpeg 200w, https:\/\/municipalidadpucon.cl\/wp-content\/uploads\/2025\/08\/4-10-300x225.jpeg 300w, https:\/\/municipalidadpucon.cl\/wp-content\/uploads\/2025\/08\/4-10-400x300.jpeg 400w, https:\/\/municipalidadpucon.cl\/wp-content\/uploads\/2025\/08\/4-10-600x450.jpeg 600w, https:\/\/municipalidadpucon.cl\/wp-content\/uploads\/2025\/08\/4-10-768x576.jpeg 768w, https:\/\/municipalidadpucon.cl\/wp-content\/uploads\/2025\/08\/4-10-800x600.jpeg 800w, https:\/\/municipalidadpucon.cl\/wp-content\/uploads\/2025\/08\/4-10-1024x768.jpeg 1024w, https:\/\/municipalidadpucon.cl\/wp-content\/uploads\/2025\/08\/4-10-1200x900.jpeg 1200w, https:\/\/municipalidadpucon.cl\/wp-content\/uploads\/2025\/08\/4-10.jpeg 1280w\" sizes=\"(max-width: 300px) 100vw, 300px\" \/> <img decoding=\"async\" class=\"alignnone size-medium wp-image-55863\" src=\"https:\/\/municipalidadpucon.cl\/wp-content\/uploads\/2025\/08\/5-10-300x225.jpeg\" alt=\"\" width=\"300\" height=\"225\" srcset=\"https:\/\/municipalidadpucon.cl\/wp-content\/uploads\/2025\/08\/5-10-200x150.jpeg 200w, https:\/\/municipalidadpucon.cl\/wp-content\/uploads\/2025\/08\/5-10-300x225.jpeg 300w, https:\/\/municipalidadpucon.cl\/wp-content\/uploads\/2025\/08\/5-10-400x300.jpeg 400w, https:\/\/municipalidadpucon.cl\/wp-content\/uploads\/2025\/08\/5-10-600x450.jpeg 600w, https:\/\/municipalidadpucon.cl\/wp-content\/uploads\/2025\/08\/5-10-768x576.jpeg 768w, https:\/\/municipalidadpucon.cl\/wp-content\/uploads\/2025\/08\/5-10-800x600.jpeg 800w, https:\/\/municipalidadpucon.cl\/wp-content\/uploads\/2025\/08\/5-10-1024x768.jpeg 1024w, https:\/\/municipalidadpucon.cl\/wp-content\/uploads\/2025\/08\/5-10-1200x900.jpeg 1200w, https:\/\/municipalidadpucon.cl\/wp-content\/uploads\/2025\/08\/5-10.jpeg 1280w\" sizes=\"(max-width: 300px) 100vw, 300px\" \/> <img decoding=\"async\" class=\"alignnone size-medium wp-image-55864\" src=\"https:\/\/municipalidadpucon.cl\/wp-content\/uploads\/2025\/08\/6-4-300x225.jpeg\" alt=\"\" width=\"300\" height=\"225\" srcset=\"https:\/\/municipalidadpucon.cl\/wp-content\/uploads\/2025\/08\/6-4-200x150.jpeg 200w, https:\/\/municipalidadpucon.cl\/wp-content\/uploads\/2025\/08\/6-4-300x225.jpeg 300w, https:\/\/municipalidadpucon.cl\/wp-content\/uploads\/2025\/08\/6-4-400x300.jpeg 400w, https:\/\/municipalidadpucon.cl\/wp-content\/uploads\/2025\/08\/6-4-600x450.jpeg 600w, https:\/\/municipalidadpucon.cl\/wp-content\/uploads\/2025\/08\/6-4-768x576.jpeg 768w, https:\/\/municipalidadpucon.cl\/wp-content\/uploads\/2025\/08\/6-4-800x600.jpeg 800w, https:\/\/municipalidadpucon.cl\/wp-content\/uploads\/2025\/08\/6-4-1024x768.jpeg 1024w, https:\/\/municipalidadpucon.cl\/wp-content\/uploads\/2025\/08\/6-4-1200x900.jpeg 1200w, https:\/\/municipalidadpucon.cl\/wp-content\/uploads\/2025\/08\/6-4.jpeg 1280w\" sizes=\"(max-width: 300px) 100vw, 300px\" \/><\/p>\n<p><strong>NO OLVIDAR<\/strong><\/p>\n<p>Antes de ello, la primera autoridad comunal, acompa\u00f1ado de jefes de servicio m\u00e1s personeros de la Armada, de Carabineros, de la educaci\u00f3n municipal, estudiantes y profesores fueron parte de un emotivo recuerdo a la figura a quien falleci\u00f3 en el exilio, en Lima, Per\u00fa, el 24 de octubre de 1842, a los 64 a\u00f1os de edad.<\/p>\n<p>Ingrid Fern\u00e1ndez, profesora de lengua y literatura del Complejo Educacional Carlos Holzapfel fue quien estuvo a cargo de la semblanza de Bernardo O\u2019Higgins, destacando que esta fecha \u201cqueremos que siempre sea significativa y que no se olvide que el nombre de Bernardo O&#8217;Higgins Riquelme retumbe en los libros, en los colegios y en cada estudiante\u201d.<\/p>\n<!--[if lt IE 9]><script>document.createElement('audio');<\/script><![endif]-->\n<audio class=\"wp-audio-shortcode\" id=\"audio-55857-1\" preload=\"none\" style=\"width: 100%;\" controls=\"controls\"><source type=\"audio\/mpeg\" src=\"https:\/\/municipalidadpucon.cl\/wp-content\/uploads\/2025\/08\/Ingrid-Fernandez-profesora-Literatura-complejo-Carlos-Holzapfel-.mp3?_=1\" \/><a href=\"https:\/\/municipalidadpucon.cl\/wp-content\/uploads\/2025\/08\/Ingrid-Fernandez-profesora-Literatura-complejo-Carlos-Holzapfel-.mp3\">https:\/\/municipalidadpucon.cl\/wp-content\/uploads\/2025\/08\/Ingrid-Fernandez-profesora-Literatura-complejo-Carlos-Holzapfel-.mp3<\/a><\/audio>\n<p><strong>RESPETO<\/strong><\/p>\n<p>En su discurso, el alcalde de la comuna, Sebasti\u00e1n \u00c1lvarez, destac\u00f3 la figura del Libertador, sobre todo \u201cporque debemos respetar nuestras figuras hist\u00f3ricas, porque en estos tiempos nos est\u00e1 faltando a todos tener respeto por nuestras figuras hist\u00f3ricas y respetarnos entre nosotros\u201d.<\/p>\n<p>Consultados por la actividad, el estudiante de la Escuela Palgu\u00edn, Abd\u00edas Vargas valor\u00f3 este tradicional reconocimiento, \u201cporque es conmemorar el nombre de alguien que hizo algo por Chile\u201d; mientras su compa\u00f1era, Madeline Lagos, agreg\u00f3 que el encuentro \u201cest\u00e1 bien, me gust\u00f3 el evento igual\u201d.<\/p>\n<audio class=\"wp-audio-shortcode\" id=\"audio-55857-2\" preload=\"none\" style=\"width: 100%;\" controls=\"controls\"><source type=\"audio\/mpeg\" src=\"https:\/\/municipalidadpucon.cl\/wp-content\/uploads\/2025\/08\/Abdias-Vargas-y-Madeline-Lagos-opinan-de-la-actividad-.mp3?_=2\" \/><a href=\"https:\/\/municipalidadpucon.cl\/wp-content\/uploads\/2025\/08\/Abdias-Vargas-y-Madeline-Lagos-opinan-de-la-actividad-.mp3\">https:\/\/municipalidadpucon.cl\/wp-content\/uploads\/2025\/08\/Abdias-Vargas-y-Madeline-Lagos-opinan-de-la-actividad-.mp3<\/a><\/audio>\n<p><img decoding=\"async\" class=\"alignnone size-medium wp-image-55867\" src=\"https:\/\/municipalidadpucon.cl\/wp-content\/uploads\/2025\/08\/7-1-300x225.jpeg\" alt=\"\" width=\"300\" height=\"225\" srcset=\"https:\/\/municipalidadpucon.cl\/wp-content\/uploads\/2025\/08\/7-1-200x150.jpeg 200w, https:\/\/municipalidadpucon.cl\/wp-content\/uploads\/2025\/08\/7-1-300x225.jpeg 300w, https:\/\/municipalidadpucon.cl\/wp-content\/uploads\/2025\/08\/7-1-400x300.jpeg 400w, https:\/\/municipalidadpucon.cl\/wp-content\/uploads\/2025\/08\/7-1-600x450.jpeg 600w, https:\/\/municipalidadpucon.cl\/wp-content\/uploads\/2025\/08\/7-1-768x576.jpeg 768w, https:\/\/municipalidadpucon.cl\/wp-content\/uploads\/2025\/08\/7-1-800x600.jpeg 800w, https:\/\/municipalidadpucon.cl\/wp-content\/uploads\/2025\/08\/7-1-1024x768.jpeg 1024w, https:\/\/municipalidadpucon.cl\/wp-content\/uploads\/2025\/08\/7-1-1200x900.jpeg 1200w, https:\/\/municipalidadpucon.cl\/wp-content\/uploads\/2025\/08\/7-1.jpeg 1280w\" sizes=\"(max-width: 300px) 100vw, 300px\" \/> <img decoding=\"async\" class=\"alignnone size-medium wp-image-55868\" src=\"https:\/\/municipalidadpucon.cl\/wp-content\/uploads\/2025\/08\/8-1-300x225.jpeg\" alt=\"\" width=\"300\" height=\"225\" srcset=\"https:\/\/municipalidadpucon.cl\/wp-content\/uploads\/2025\/08\/8-1-200x150.jpeg 200w, https:\/\/municipalidadpucon.cl\/wp-content\/uploads\/2025\/08\/8-1-300x225.jpeg 300w, https:\/\/municipalidadpucon.cl\/wp-content\/uploads\/2025\/08\/8-1-400x300.jpeg 400w, https:\/\/municipalidadpucon.cl\/wp-content\/uploads\/2025\/08\/8-1-600x450.jpeg 600w, https:\/\/municipalidadpucon.cl\/wp-content\/uploads\/2025\/08\/8-1-768x576.jpeg 768w, https:\/\/municipalidadpucon.cl\/wp-content\/uploads\/2025\/08\/8-1-800x600.jpeg 800w, https:\/\/municipalidadpucon.cl\/wp-content\/uploads\/2025\/08\/8-1-1024x768.jpeg 1024w, https:\/\/municipalidadpucon.cl\/wp-content\/uploads\/2025\/08\/8-1-1200x900.jpeg 1200w, https:\/\/municipalidadpucon.cl\/wp-content\/uploads\/2025\/08\/8-1.jpeg 1280w\" sizes=\"(max-width: 300px) 100vw, 300px\" \/><\/p>\n<p><strong>ORIENTACI\u00d3N<\/strong><\/p>\n<p>\u201cLos estudiantes valoran este tipo de iniciativas, pero en la medida en que nosotros tambi\u00e9n inculquemos esos valores, que sin duda vienen de la casa primero, lo retomamos y lo reforzamos en el colegio. Pero hay que ayudarles a recordar, porque la historia no debe olvidarse\u201d, rubric\u00f3 la maestra de Lengua y Literatura, Ingrid Fern\u00e1ndez.<\/p>\n<audio class=\"wp-audio-shortcode\" id=\"audio-55857-3\" preload=\"none\" style=\"width: 100%;\" controls=\"controls\"><source type=\"audio\/mpeg\" src=\"https:\/\/municipalidadpucon.cl\/wp-content\/uploads\/2025\/08\/Ingrid-Fernandez-significvado-de-la-figura-de-OHiggins.mp3?_=3\" \/><a href=\"https:\/\/municipalidadpucon.cl\/wp-content\/uploads\/2025\/08\/Ingrid-Fernandez-significvado-de-la-figura-de-OHiggins.mp3\">https:\/\/municipalidadpucon.cl\/wp-content\/uploads\/2025\/08\/Ingrid-Fernandez-significvado-de-la-figura-de-OHiggins.mp3<\/a><\/audio>\n<p>En la jornada estudiantil del festejo por el Natalicio de O\u2019Higgins, la presencia art\u00edstica corri\u00f3 por cuenta del baile nacional y; adem\u00e1s, la interpretaci\u00f3n, en lenguaje de se\u00f1as, de la canci\u00f3n \u201cCambia, todo Cambia\u201d.<\/p>\n<p><img decoding=\"async\" class=\"alignnone size-medium wp-image-55870\" src=\"https:\/\/municipalidadpucon.cl\/wp-content\/uploads\/2025\/08\/9-300x225.jpeg\" alt=\"\" width=\"300\" height=\"225\" srcset=\"https:\/\/municipalidadpucon.cl\/wp-content\/uploads\/2025\/08\/9-200x150.jpeg 200w, https:\/\/municipalidadpucon.cl\/wp-content\/uploads\/2025\/08\/9-300x225.jpeg 300w, https:\/\/municipalidadpucon.cl\/wp-content\/uploads\/2025\/08\/9-400x300.jpeg 400w, https:\/\/municipalidadpucon.cl\/wp-content\/uploads\/2025\/08\/9-600x450.jpeg 600w, https:\/\/municipalidadpucon.cl\/wp-content\/uploads\/2025\/08\/9-768x576.jpeg 768w, https:\/\/municipalidadpucon.cl\/wp-content\/uploads\/2025\/08\/9-800x600.jpeg 800w, https:\/\/municipalidadpucon.cl\/wp-content\/uploads\/2025\/08\/9-1024x768.jpeg 1024w, https:\/\/municipalidadpucon.cl\/wp-content\/uploads\/2025\/08\/9-1200x900.jpeg 1200w, https:\/\/municipalidadpucon.cl\/wp-content\/uploads\/2025\/08\/9.jpeg 1280w\" sizes=\"(max-width: 300px) 100vw, 300px\" \/> <img decoding=\"async\" class=\"alignnone size-medium wp-image-55871\" src=\"https:\/\/municipalidadpucon.cl\/wp-content\/uploads\/2025\/08\/WhatsApp-Image-2025-08-20-at-14.12.22-3-300x225.jpeg\" alt=\"\" width=\"300\" height=\"225\" srcset=\"https:\/\/municipalidadpucon.cl\/wp-content\/uploads\/2025\/08\/WhatsApp-Image-2025-08-20-at-14.12.22-3-200x150.jpeg 200w, https:\/\/municipalidadpucon.cl\/wp-content\/uploads\/2025\/08\/WhatsApp-Image-2025-08-20-at-14.12.22-3-300x225.jpeg 300w, https:\/\/municipalidadpucon.cl\/wp-content\/uploads\/2025\/08\/WhatsApp-Image-2025-08-20-at-14.12.22-3-400x300.jpeg 400w, https:\/\/municipalidadpucon.cl\/wp-content\/uploads\/2025\/08\/WhatsApp-Image-2025-08-20-at-14.12.22-3-600x450.jpeg 600w, https:\/\/municipalidadpucon.cl\/wp-content\/uploads\/2025\/08\/WhatsApp-Image-2025-08-20-at-14.12.22-3-768x576.jpeg 768w, https:\/\/municipalidadpucon.cl\/wp-content\/uploads\/2025\/08\/WhatsApp-Image-2025-08-20-at-14.12.22-3-800x600.jpeg 800w, https:\/\/municipalidadpucon.cl\/wp-content\/uploads\/2025\/08\/WhatsApp-Image-2025-08-20-at-14.12.22-3-1024x768.jpeg 1024w, https:\/\/municipalidadpucon.cl\/wp-content\/uploads\/2025\/08\/WhatsApp-Image-2025-08-20-at-14.12.22-3-1200x900.jpeg 1200w, https:\/\/municipalidadpucon.cl\/wp-content\/uploads\/2025\/08\/WhatsApp-Image-2025-08-20-at-14.12.22-3.jpeg 1280w\" sizes=\"(max-width: 300px) 100vw, 300px\" \/><\/p>\n","protected":false},"excerpt":{"rendered":"<p>El reciente 20 de agosto, que recuerda el natalicio del [&hellip;]<\/p>\n","protected":false},"author":10,"featured_media":55872,"comment_status":"closed","ping_status":"open","sticky":false,"template":"","format":"standard","meta":[],"categories":[98,3],"tags":[],"_links":{"self":[{"href":"https:\/\/municipalidadpucon.cl\/index.php?rest_route=\/wp\/v2\/posts\/55857"}],"collection":[{"href":"https:\/\/municipalidadpucon.cl\/index.php?rest_route=\/wp\/v2\/posts"}],"about":[{"href":"https:\/\/municipalidadpucon.cl\/index.php?rest_route=\/wp\/v2\/types\/post"}],"author":[{"embeddable":true,"href":"https:\/\/municipalidadpucon.cl\/index.php?rest_route=\/wp\/v2\/users\/10"}],"replies":[{"embeddable":true,"href":"https:\/\/municipalidadpucon.cl\/index.php?rest_route=%2Fwp%2Fv2%2Fcomments&post=55857"}],"version-history":[{"count":1,"href":"https:\/\/municipalidadpucon.cl\/index.php?rest_route=\/wp\/v2\/posts\/55857\/revisions"}],"predecessor-version":[{"id":55873,"href":"https:\/\/municipalidadpucon.cl\/index.php?rest_route=\/wp\/v2\/posts\/55857\/revisions\/55873"}],"wp:featuredmedia":[{"embeddable":true,"href":"https:\/\/municipalidadpucon.cl\/index.php?rest_route=\/wp\/v2\/media\/55872"}],"wp:attachment":[{"href":"https:\/\/municipalidadpucon.cl\/index.php?rest_route=%2Fwp%2Fv2%2Fmedia&parent=55857"}],"wp:term":[{"taxonomy":"category","embeddable":true,"href":"https:\/\/municipalidadpucon.cl\/index.php?rest_route=%2Fwp%2Fv2%2Fcategories&post=55857"},{"taxonomy":"post_tag","embeddable":true,"href":"https:\/\/municipalidadpucon.cl\/index.php?rest_route=%2Fwp%2Fv2%2Ftags&post=55857"}],"curies":[{"name":"wp","href":"https:\/\/api.w.org\/{rel}","templated":true}]}}