{"id":55895,"date":"2025-08-26T09:50:06","date_gmt":"2025-08-26T12:50:06","guid":{"rendered":"https:\/\/municipalidadpucon.cl\/?p=55895"},"modified":"2025-08-26T09:50:06","modified_gmt":"2025-08-26T12:50:06","slug":"municipio-lidera-mesa-intersectorial-para-combatir-la-pesca-furtiva","status":"publish","type":"post","link":"https:\/\/municipalidadpucon.cl\/?p=55895","title":{"rendered":"Municipio lidera mesa intersectorial para combatir la pesca furtiva"},"content":{"rendered":"<p><em><strong>En dependencias de la instituci\u00f3n edilicia, el alcalde de la comuna, Sebasti\u00e1n \u00c1lvarez, reactiv\u00f3 una instancia que estaba paralizada, pero que ahora se rearticul\u00f3 junto a Carabineros, la Armada, boteros locales, seguridad y turismo municipal; adem\u00e1s del Servicio Nacional de Pesca (Sernapesca).<\/strong><\/em><\/p>\n<p><img decoding=\"async\" class=\"size-medium wp-image-55896 aligncenter\" src=\"https:\/\/municipalidadpucon.cl\/wp-content\/uploads\/2025\/08\/2-17-300x225.jpeg\" alt=\"\" width=\"300\" height=\"225\" srcset=\"https:\/\/municipalidadpucon.cl\/wp-content\/uploads\/2025\/08\/2-17-200x150.jpeg 200w, https:\/\/municipalidadpucon.cl\/wp-content\/uploads\/2025\/08\/2-17-300x225.jpeg 300w, https:\/\/municipalidadpucon.cl\/wp-content\/uploads\/2025\/08\/2-17-400x300.jpeg 400w, https:\/\/municipalidadpucon.cl\/wp-content\/uploads\/2025\/08\/2-17-600x450.jpeg 600w, https:\/\/municipalidadpucon.cl\/wp-content\/uploads\/2025\/08\/2-17-768x576.jpeg 768w, https:\/\/municipalidadpucon.cl\/wp-content\/uploads\/2025\/08\/2-17-800x600.jpeg 800w, https:\/\/municipalidadpucon.cl\/wp-content\/uploads\/2025\/08\/2-17-1024x768.jpeg 1024w, https:\/\/municipalidadpucon.cl\/wp-content\/uploads\/2025\/08\/2-17-1200x900.jpeg 1200w, https:\/\/municipalidadpucon.cl\/wp-content\/uploads\/2025\/08\/2-17-scaled.jpeg 1300w, https:\/\/municipalidadpucon.cl\/wp-content\/uploads\/2025\/08\/2-17-1536x1152.jpeg 1536w\" sizes=\"(max-width: 300px) 100vw, 300px\" \/><\/p>\n<p>Una muy valorada reuni\u00f3n se llev\u00f3 a cabo recientemente en la Municipalidad de Puc\u00f3n, que sirvi\u00f3 para reactivar el funcionamiento de la mesa intersectorial destinada al control de la pesca furtiva en la zona lacustre, delito que se propuso combatir el alcalde de la comuna, Sebasti\u00e1n \u00c1lvarez y por lo que convoc\u00f3 a esta instancia a Carabineros, la Armada, boteros, representantes tur\u00edsticos y de seguridad municipal; adem\u00e1s del Servicio Nacional de Pesca (Sernapesca).<\/p>\n<p>La jornada de coordinaci\u00f3n e informaci\u00f3n la lider\u00f3 el jefe comunal, con el objetivo de rearticular una instancia que, hasta ahora, estuvo completamente paralizada, pero que en los \u00faltimos d\u00edas ya defini\u00f3 una serie de acciones que partir\u00e1 con un periodo de informaci\u00f3n y apoyo a la pesca deportiva, que se desarrolla -con permisos oficiales de por medio- entre los meses de septiembre y marzo.<\/p>\n<p><strong>COORDINACI\u00d3N<\/strong><\/p>\n<p>\u201cLa pesca furtiva se est\u00e1 dando muy fuerte, generalmente por toda la Cuenca del Tolt\u00e9n, pero principalmente en esta comuna de Puc\u00f3n, porque es donde se genera el mayor n\u00famero de turistas que, incluso, vienen del extranjero\u201d, coment\u00f3 tras el encuentro Mauricio Steffen, director regional de Sernapesca, quien destac\u00f3 que en la jornada pudieron alinearse \u201cla Autoridad Mar\u00edtima, Carabineros de Chile, Sernapesca y, sobre todo, Seguridad P\u00fablica, porque como Sernapesca vamos a tratar de capacitar a los distintos funcionarios de Seguridad P\u00fablica municipales para poder abordar esto; adem\u00e1s de generar talleres de comunicaci\u00f3n, de c\u00f3mo funciona la normativa y aportar desde la institucionalidad c\u00f3mo hemos abordado toda esta actividad il\u00edcita, del Salm\u00f3n Chinook, principalmente\u201d.<\/p>\n<!--[if lt IE 9]><script>document.createElement('audio');<\/script><![endif]-->\n<audio class=\"wp-audio-shortcode\" id=\"audio-55895-1\" preload=\"none\" style=\"width: 100%;\" controls=\"controls\"><source type=\"audio\/mpeg\" src=\"https:\/\/municipalidadpucon.cl\/wp-content\/uploads\/2025\/08\/Mauricio-Steffen-director-reg-Sernapesca-y-acciones-tras-mesa-de-trabajo-.mp3?_=1\" \/><a href=\"https:\/\/municipalidadpucon.cl\/wp-content\/uploads\/2025\/08\/Mauricio-Steffen-director-reg-Sernapesca-y-acciones-tras-mesa-de-trabajo-.mp3\">https:\/\/municipalidadpucon.cl\/wp-content\/uploads\/2025\/08\/Mauricio-Steffen-director-reg-Sernapesca-y-acciones-tras-mesa-de-trabajo-.mp3<\/a><\/audio>\n<p><img decoding=\"async\" class=\"alignnone size-medium wp-image-55898\" src=\"https:\/\/municipalidadpucon.cl\/wp-content\/uploads\/2025\/08\/3-15-225x300.jpeg\" alt=\"\" width=\"225\" height=\"300\" srcset=\"https:\/\/municipalidadpucon.cl\/wp-content\/uploads\/2025\/08\/3-15-200x267.jpeg 200w, https:\/\/municipalidadpucon.cl\/wp-content\/uploads\/2025\/08\/3-15-225x300.jpeg 225w, https:\/\/municipalidadpucon.cl\/wp-content\/uploads\/2025\/08\/3-15-400x533.jpeg 400w, https:\/\/municipalidadpucon.cl\/wp-content\/uploads\/2025\/08\/3-15-600x800.jpeg 600w, https:\/\/municipalidadpucon.cl\/wp-content\/uploads\/2025\/08\/3-15-768x1024.jpeg 768w, https:\/\/municipalidadpucon.cl\/wp-content\/uploads\/2025\/08\/3-15-800x1067.jpeg 800w, https:\/\/municipalidadpucon.cl\/wp-content\/uploads\/2025\/08\/3-15-scaled.jpeg 975w, https:\/\/municipalidadpucon.cl\/wp-content\/uploads\/2025\/08\/3-15-1152x1536.jpeg 1152w, https:\/\/municipalidadpucon.cl\/wp-content\/uploads\/2025\/08\/3-15-1200x1600.jpeg 1200w, https:\/\/municipalidadpucon.cl\/wp-content\/uploads\/2025\/08\/3-15-1536x2048.jpeg 1536w\" sizes=\"(max-width: 225px) 100vw, 225px\" \/> <img decoding=\"async\" class=\"alignnone size-medium wp-image-55899\" src=\"https:\/\/municipalidadpucon.cl\/wp-content\/uploads\/2025\/08\/4-12-256x300.jpeg\" alt=\"\" width=\"256\" height=\"300\" srcset=\"https:\/\/municipalidadpucon.cl\/wp-content\/uploads\/2025\/08\/4-12-200x234.jpeg 200w, https:\/\/municipalidadpucon.cl\/wp-content\/uploads\/2025\/08\/4-12-256x300.jpeg 256w, https:\/\/municipalidadpucon.cl\/wp-content\/uploads\/2025\/08\/4-12-400x468.jpeg 400w, https:\/\/municipalidadpucon.cl\/wp-content\/uploads\/2025\/08\/4-12-600x702.jpeg 600w, https:\/\/municipalidadpucon.cl\/wp-content\/uploads\/2025\/08\/4-12-768x899.jpeg 768w, https:\/\/municipalidadpucon.cl\/wp-content\/uploads\/2025\/08\/4-12-800x936.jpeg 800w, https:\/\/municipalidadpucon.cl\/wp-content\/uploads\/2025\/08\/4-12-875x1024.jpeg 875w, https:\/\/municipalidadpucon.cl\/wp-content\/uploads\/2025\/08\/4-12-scaled.jpeg 1111w, https:\/\/municipalidadpucon.cl\/wp-content\/uploads\/2025\/08\/4-12-1200x1404.jpeg 1200w, https:\/\/municipalidadpucon.cl\/wp-content\/uploads\/2025\/08\/4-12-1313x1536.jpeg 1313w, https:\/\/municipalidadpucon.cl\/wp-content\/uploads\/2025\/08\/4-12-1750x2048.jpeg 1750w\" sizes=\"(max-width: 256px) 100vw, 256px\" \/><\/p>\n<p>A decir de \u00c1lex Jeldres, capit\u00e1n de puerto del Lago Villarrica, los distintos estamentos locales y tambi\u00e9n regionales se est\u00e1n rearticulando \u201cpara dar con las organizaciones, que finalmente son bandas, bandas que finalmente no cumplen la reglamentaci\u00f3n\u201d.<\/p>\n<audio class=\"wp-audio-shortcode\" id=\"audio-55895-2\" preload=\"none\" style=\"width: 100%;\" controls=\"controls\"><source type=\"audio\/mpeg\" src=\"https:\/\/municipalidadpucon.cl\/wp-content\/uploads\/2025\/08\/Alex-Jeldres-capitan-de-puerto-Lago-Villarrica-.mp3?_=2\" \/><a href=\"https:\/\/municipalidadpucon.cl\/wp-content\/uploads\/2025\/08\/Alex-Jeldres-capitan-de-puerto-Lago-Villarrica-.mp3\">https:\/\/municipalidadpucon.cl\/wp-content\/uploads\/2025\/08\/Alex-Jeldres-capitan-de-puerto-Lago-Villarrica-.mp3<\/a><\/audio>\n<p>De igual forma, el personero de la Armada indic\u00f3 que para sacar de la zona a esos grupos ilegales \u201cya los tenemos identificados en sectores espec\u00edficos, en donde estos grupos trabajan d\u00eda noche y as\u00ed lograr acciones concretas de fiscalizaci\u00f3n y erradicar esas organizaciones\u201d.<\/p>\n<p><strong>PROTOCOLOS Y PRIORIDAD<\/strong><\/p>\n<p>Seg\u00fan Marcos Mu\u00f1oz, presidente de la Corporaci\u00f3n de Turismo de Puc\u00f3n, esta rearmada mesa intersectorial, que persigue resguardar el recurso natural lacustre, \u201csi bien hab\u00eda perdido continuidad, se retom\u00f3 y de la mejor manera. La veo con bastante fuerza, porque est\u00e1 con un objetivo claro; adem\u00e1s, con una intenci\u00f3n o una claridad desde el Municipio, de abordar el tema de forma fuerte, como prioridad, que es uno de los motores perdidos del turismo, que fue con lo que parti\u00f3 Puc\u00f3n\u201d.<\/p>\n<audio class=\"wp-audio-shortcode\" id=\"audio-55895-3\" preload=\"none\" style=\"width: 100%;\" controls=\"controls\"><source type=\"audio\/mpeg\" src=\"https:\/\/municipalidadpucon.cl\/wp-content\/uploads\/2025\/08\/Marcos-Munoz-Pdte-Corporacion-de-Turismo-Pucon-.mp3?_=3\" \/><a href=\"https:\/\/municipalidadpucon.cl\/wp-content\/uploads\/2025\/08\/Marcos-Munoz-Pdte-Corporacion-de-Turismo-Pucon-.mp3\">https:\/\/municipalidadpucon.cl\/wp-content\/uploads\/2025\/08\/Marcos-Munoz-Pdte-Corporacion-de-Turismo-Pucon-.mp3<\/a><\/audio>\n<p><img decoding=\"async\" class=\"size-medium wp-image-55902 aligncenter\" src=\"https:\/\/municipalidadpucon.cl\/wp-content\/uploads\/2025\/08\/5-3-300x200.jpg\" alt=\"\" width=\"300\" height=\"200\" srcset=\"https:\/\/municipalidadpucon.cl\/wp-content\/uploads\/2025\/08\/5-3-200x133.jpg 200w, https:\/\/municipalidadpucon.cl\/wp-content\/uploads\/2025\/08\/5-3-300x200.jpg 300w, https:\/\/municipalidadpucon.cl\/wp-content\/uploads\/2025\/08\/5-3-400x267.jpg 400w, https:\/\/municipalidadpucon.cl\/wp-content\/uploads\/2025\/08\/5-3-600x400.jpg 600w, https:\/\/municipalidadpucon.cl\/wp-content\/uploads\/2025\/08\/5-3-768x512.jpg 768w, https:\/\/municipalidadpucon.cl\/wp-content\/uploads\/2025\/08\/5-3-800x533.jpg 800w, https:\/\/municipalidadpucon.cl\/wp-content\/uploads\/2025\/08\/5-3-1024x683.jpg 1024w, https:\/\/municipalidadpucon.cl\/wp-content\/uploads\/2025\/08\/5-3-1200x800.jpg 1200w, https:\/\/municipalidadpucon.cl\/wp-content\/uploads\/2025\/08\/5-3-scaled.jpg 1300w, https:\/\/municipalidadpucon.cl\/wp-content\/uploads\/2025\/08\/5-3-1536x1024.jpg 1536w\" sizes=\"(max-width: 300px) 100vw, 300px\" \/><\/p>\n<p>Entre los acuerdos alcanzados en la instancia se definieron acciones concretas, como establecer reuniones peri\u00f3dicas y, adem\u00e1s, establecer un protocolo de fiscalizaci\u00f3n robusto, \u201cque es lo que hoy se hizo con los actores que tienen que estar presentes y articulados de la forma que corresponde y con las directrices claras de cu\u00e1l es el rol de cada uno\u201d, rubric\u00f3 el timonel del Turismo puconino, Marcos Mu\u00f1oz.<\/p>\n","protected":false},"excerpt":{"rendered":"<p>En dependencias de la instituci\u00f3n edilicia, el alcalde de la [&hellip;]<\/p>\n","protected":false},"author":10,"featured_media":55903,"comment_status":"closed","ping_status":"open","sticky":false,"template":"","format":"standard","meta":[],"categories":[3],"tags":[],"_links":{"self":[{"href":"https:\/\/municipalidadpucon.cl\/index.php?rest_route=\/wp\/v2\/posts\/55895"}],"collection":[{"href":"https:\/\/municipalidadpucon.cl\/index.php?rest_route=\/wp\/v2\/posts"}],"about":[{"href":"https:\/\/municipalidadpucon.cl\/index.php?rest_route=\/wp\/v2\/types\/post"}],"author":[{"embeddable":true,"href":"https:\/\/municipalidadpucon.cl\/index.php?rest_route=\/wp\/v2\/users\/10"}],"replies":[{"embeddable":true,"href":"https:\/\/municipalidadpucon.cl\/index.php?rest_route=%2Fwp%2Fv2%2Fcomments&post=55895"}],"version-history":[{"count":1,"href":"https:\/\/municipalidadpucon.cl\/index.php?rest_route=\/wp\/v2\/posts\/55895\/revisions"}],"predecessor-version":[{"id":55904,"href":"https:\/\/municipalidadpucon.cl\/index.php?rest_route=\/wp\/v2\/posts\/55895\/revisions\/55904"}],"wp:featuredmedia":[{"embeddable":true,"href":"https:\/\/municipalidadpucon.cl\/index.php?rest_route=\/wp\/v2\/media\/55903"}],"wp:attachment":[{"href":"https:\/\/municipalidadpucon.cl\/index.php?rest_route=%2Fwp%2Fv2%2Fmedia&parent=55895"}],"wp:term":[{"taxonomy":"category","embeddable":true,"href":"https:\/\/municipalidadpucon.cl\/index.php?rest_route=%2Fwp%2Fv2%2Fcategories&post=55895"},{"taxonomy":"post_tag","embeddable":true,"href":"https:\/\/municipalidadpucon.cl\/index.php?rest_route=%2Fwp%2Fv2%2Ftags&post=55895"}],"curies":[{"name":"wp","href":"https:\/\/api.w.org\/{rel}","templated":true}]}}