{"id":56035,"date":"2025-09-03T10:55:17","date_gmt":"2025-09-03T13:55:17","guid":{"rendered":"https:\/\/municipalidadpucon.cl\/?p=56035"},"modified":"2025-09-03T11:03:43","modified_gmt":"2025-09-03T14:03:43","slug":"autoridades-del-trabajo-coordinan-acciones-con-area-laboral-del-municipio-de-pucon","status":"publish","type":"post","link":"https:\/\/municipalidadpucon.cl\/?p=56035","title":{"rendered":"Autoridades del trabajo coordinan acciones con \u00e1rea laboral del Municipio de Puc\u00f3n"},"content":{"rendered":"<p><em><strong>Seremi del ramo, junto a director regional del Servicio Nacional de Capacitaci\u00f3n y Empleo (Sence), se coordinaron con el \u00e1rea de Administraci\u00f3n, Desarrollo Econ\u00f3mico, Fomento y Turismo; adem\u00e1s de la Oficina de Informaci\u00f3n Laboral (Omil) de la instituci\u00f3n comunal.<\/strong><\/em><\/p>\n<p><img decoding=\"async\" class=\"size-medium wp-image-56036 aligncenter\" src=\"https:\/\/municipalidadpucon.cl\/wp-content\/uploads\/2025\/09\/2-2-300x219.jpeg\" alt=\"\" width=\"300\" height=\"219\" srcset=\"https:\/\/municipalidadpucon.cl\/wp-content\/uploads\/2025\/09\/2-2-200x146.jpeg 200w, https:\/\/municipalidadpucon.cl\/wp-content\/uploads\/2025\/09\/2-2-300x219.jpeg 300w, https:\/\/municipalidadpucon.cl\/wp-content\/uploads\/2025\/09\/2-2-400x292.jpeg 400w, https:\/\/municipalidadpucon.cl\/wp-content\/uploads\/2025\/09\/2-2-600x437.jpeg 600w, https:\/\/municipalidadpucon.cl\/wp-content\/uploads\/2025\/09\/2-2-768x560.jpeg 768w, https:\/\/municipalidadpucon.cl\/wp-content\/uploads\/2025\/09\/2-2-800x583.jpeg 800w, https:\/\/municipalidadpucon.cl\/wp-content\/uploads\/2025\/09\/2-2-1024x746.jpeg 1024w, https:\/\/municipalidadpucon.cl\/wp-content\/uploads\/2025\/09\/2-2-1200x875.jpeg 1200w, https:\/\/municipalidadpucon.cl\/wp-content\/uploads\/2025\/09\/2-2.jpeg 1280w\" sizes=\"(max-width: 300px) 100vw, 300px\" \/><\/p>\n<p>La primera reuni\u00f3n, despu\u00e9s de su designaci\u00f3n como Seremi del Trabajo en La Araucan\u00eda, sostuvo en la comuna de Puc\u00f3n Edison Sanhueza, quien -acompa\u00f1ado por el director regional del Servicio Nacional de Capacitaci\u00f3n y Empleo (Sence), Erick Arcos- coordin\u00f3 acciones de promoci\u00f3n al empleo en la Municipalidad de Puc\u00f3n, con el administrador municipal, Francisco Torres; la encargada de Desarrollo Econ\u00f3mico, Fomento y Turismo, Carolina Ruiz; adem\u00e1s de Sandra Delgadillo, responsable de la Oficina Municipal de Informaci\u00f3n Laboral (Omil).<\/p>\n<p><strong>CAPACITAR ES LA CONSIGNA<\/strong><\/p>\n<p>En la jornada de trabajo, realizada en dependencias de la entidad edilicia lacustre, los personeros llegaron a acuerdo con vistas a respaldar las fuentes laborales de la comuna, para lo cual el Seremi del Trabajo indic\u00f3 que \u201ctenemos que trabajar bien la posibilidad de poder hacer alg\u00fan tipo de seminario, respecto de la Franquicia Tributaria con los empleadores, ya entendiendo que la franquicia tributaria es un elemento que puede dar bastante amplitud a ciertas inversiones en capacitaci\u00f3n y en otro tipo de \u00e1reas, pero para nosotros la capacitaci\u00f3n es fundamental para poder subir los est\u00e1ndares del desarrollo, tanto de trabajadores como tambi\u00e9n de las empresas\u201d.<\/p>\n<!--[if lt IE 9]><script>document.createElement('audio');<\/script><![endif]-->\n<audio class=\"wp-audio-shortcode\" id=\"audio-56035-1\" preload=\"none\" style=\"width: 100%;\" controls=\"controls\"><source type=\"audio\/mpeg\" src=\"https:\/\/municipalidadpucon.cl\/wp-content\/uploads\/2025\/09\/Edison-Sanhueza-Seremi-del-Trabajo-precisa-acciones-futuras-en-la-comuna.mp3?_=1\" \/><a href=\"https:\/\/municipalidadpucon.cl\/wp-content\/uploads\/2025\/09\/Edison-Sanhueza-Seremi-del-Trabajo-precisa-acciones-futuras-en-la-comuna.mp3\">https:\/\/municipalidadpucon.cl\/wp-content\/uploads\/2025\/09\/Edison-Sanhueza-Seremi-del-Trabajo-precisa-acciones-futuras-en-la-comuna.mp3<\/a><\/audio>\n<p><img decoding=\"async\" class=\"alignnone size-medium wp-image-56038\" src=\"https:\/\/municipalidadpucon.cl\/wp-content\/uploads\/2025\/09\/3-1-225x300.jpeg\" alt=\"\" width=\"225\" height=\"300\" srcset=\"https:\/\/municipalidadpucon.cl\/wp-content\/uploads\/2025\/09\/3-1-200x267.jpeg 200w, https:\/\/municipalidadpucon.cl\/wp-content\/uploads\/2025\/09\/3-1-225x300.jpeg 225w, https:\/\/municipalidadpucon.cl\/wp-content\/uploads\/2025\/09\/3-1-400x533.jpeg 400w, https:\/\/municipalidadpucon.cl\/wp-content\/uploads\/2025\/09\/3-1-600x800.jpeg 600w, https:\/\/municipalidadpucon.cl\/wp-content\/uploads\/2025\/09\/3-1-768x1024.jpeg 768w, https:\/\/municipalidadpucon.cl\/wp-content\/uploads\/2025\/09\/3-1-800x1067.jpeg 800w, https:\/\/municipalidadpucon.cl\/wp-content\/uploads\/2025\/09\/3-1-scaled.jpeg 975w, https:\/\/municipalidadpucon.cl\/wp-content\/uploads\/2025\/09\/3-1-1152x1536.jpeg 1152w, https:\/\/municipalidadpucon.cl\/wp-content\/uploads\/2025\/09\/3-1-1200x1600.jpeg 1200w, https:\/\/municipalidadpucon.cl\/wp-content\/uploads\/2025\/09\/3-1-1536x2048.jpeg 1536w\" sizes=\"(max-width: 225px) 100vw, 225px\" \/> <img decoding=\"async\" class=\"alignnone size-medium wp-image-56039\" src=\"https:\/\/municipalidadpucon.cl\/wp-content\/uploads\/2025\/09\/4-2-300x225.jpeg\" alt=\"\" width=\"300\" height=\"225\" srcset=\"https:\/\/municipalidadpucon.cl\/wp-content\/uploads\/2025\/09\/4-2-200x150.jpeg 200w, https:\/\/municipalidadpucon.cl\/wp-content\/uploads\/2025\/09\/4-2-300x225.jpeg 300w, https:\/\/municipalidadpucon.cl\/wp-content\/uploads\/2025\/09\/4-2-400x300.jpeg 400w, https:\/\/municipalidadpucon.cl\/wp-content\/uploads\/2025\/09\/4-2-600x450.jpeg 600w, https:\/\/municipalidadpucon.cl\/wp-content\/uploads\/2025\/09\/4-2-768x576.jpeg 768w, https:\/\/municipalidadpucon.cl\/wp-content\/uploads\/2025\/09\/4-2-800x600.jpeg 800w, https:\/\/municipalidadpucon.cl\/wp-content\/uploads\/2025\/09\/4-2-1024x768.jpeg 1024w, https:\/\/municipalidadpucon.cl\/wp-content\/uploads\/2025\/09\/4-2-1200x900.jpeg 1200w, https:\/\/municipalidadpucon.cl\/wp-content\/uploads\/2025\/09\/4-2-scaled.jpeg 1300w, https:\/\/municipalidadpucon.cl\/wp-content\/uploads\/2025\/09\/4-2-1536x1152.jpeg 1536w\" sizes=\"(max-width: 300px) 100vw, 300px\" \/><\/p>\n<p>Entre los temas abordados, adem\u00e1s, estuvo la utilizaci\u00f3n de la Inteligencia Artificial (IA), en el sentido de que pueda ser utilizada como herramienta, precisamente, \u201cpara las capacitaciones a empresas y a usuarios\u201d, coment\u00f3 la encargada de la Omil puconina, Sandra Delgadillo, quien valor\u00f3 esta reuni\u00f3n, m\u00e1s a\u00fan porque \u201cnosotros siempre hemos tenido una muy buena relaci\u00f3n con la Seremi del Trabajo y con el director de Sence, que es nuestra contraparte en el convenio con la Municipalidad\u201d.<\/p>\n<audio class=\"wp-audio-shortcode\" id=\"audio-56035-2\" preload=\"none\" style=\"width: 100%;\" controls=\"controls\"><source type=\"audio\/mpeg\" src=\"https:\/\/municipalidadpucon.cl\/wp-content\/uploads\/2025\/09\/Sandra-Delgadillo-encargada-de-Omil-Pucon.mp3?_=2\" \/><a href=\"https:\/\/municipalidadpucon.cl\/wp-content\/uploads\/2025\/09\/Sandra-Delgadillo-encargada-de-Omil-Pucon.mp3\">https:\/\/municipalidadpucon.cl\/wp-content\/uploads\/2025\/09\/Sandra-Delgadillo-encargada-de-Omil-Pucon.mp3<\/a><\/audio>\n<p><strong>REQUERIMIENTOS COMUNALES<\/strong><\/p>\n<p>De hecho, el titular de Sence Regi\u00f3n de La Araucan\u00eda, Erick Arcos destac\u00f3 en la jornada que \u201cestuvimos revisando algunos requerimientos en particular del Municipio, sobre todo en oficios que no est\u00e1n relacionados tan directamente con el sector turismo, sabemos el perfil y, por cierto, el potencial tur\u00edstico que tiene la comuna, pero tambi\u00e9n existen otros sectores productivos y tambi\u00e9n se requiere otro tipo de formaci\u00f3n, como por ejemplo, instaladores de gas, instaladores el\u00e9ctricos, que quiz\u00e1s son oficios m\u00e1s tradicionales, pero que sin embargo le dan soporte muchas veces tambi\u00e9n al sector turismo; entre otros\u201d.<\/p>\n<audio class=\"wp-audio-shortcode\" id=\"audio-56035-3\" preload=\"none\" style=\"width: 100%;\" controls=\"controls\"><source type=\"audio\/mpeg\" src=\"https:\/\/municipalidadpucon.cl\/wp-content\/uploads\/2025\/09\/Erick-Arcos-director-reg.-Sence.mp3?_=3\" \/><a href=\"https:\/\/municipalidadpucon.cl\/wp-content\/uploads\/2025\/09\/Erick-Arcos-director-reg.-Sence.mp3\">https:\/\/municipalidadpucon.cl\/wp-content\/uploads\/2025\/09\/Erick-Arcos-director-reg.-Sence.mp3<\/a><\/audio>\n<p>El Seremi del Trabajo, Edison Sanhueza, subray\u00f3 en la necesidad de asumir y enfrentar los requerimientos que los desaf\u00edos del futuro est\u00e1n exigiendo al \u00e1mbito laboral, por lo cual \u201cque tambi\u00e9n los trabajadores tengan la capacidad de poder adaptarse a estos nuevos desaf\u00edos y estar protegidos\u201d. En esa misma l\u00ednea, \u201cnosotros queremos hacer en estos meses que nos quedan, poder aportar a la formalizaci\u00f3n de los trabajadores y a que tengan la seguridad social respectiva\u201d, concluy\u00f3 la autoridad regional.<\/p>\n<audio class=\"wp-audio-shortcode\" id=\"audio-56035-4\" preload=\"none\" style=\"width: 100%;\" controls=\"controls\"><source type=\"audio\/mpeg\" src=\"https:\/\/municipalidadpucon.cl\/wp-content\/uploads\/2025\/09\/Edison-Sanhueza2-explica-como-enfrentar-el-futuro-inmediato-.mp3?_=4\" \/><a href=\"https:\/\/municipalidadpucon.cl\/wp-content\/uploads\/2025\/09\/Edison-Sanhueza2-explica-como-enfrentar-el-futuro-inmediato-.mp3\">https:\/\/municipalidadpucon.cl\/wp-content\/uploads\/2025\/09\/Edison-Sanhueza2-explica-como-enfrentar-el-futuro-inmediato-.mp3<\/a><\/audio>\n","protected":false},"excerpt":{"rendered":"<p>Seremi del ramo, junto a director regional del Servicio Nacional [&hellip;]<\/p>\n","protected":false},"author":10,"featured_media":56042,"comment_status":"closed","ping_status":"open","sticky":false,"template":"","format":"standard","meta":[],"categories":[94,3],"tags":[],"_links":{"self":[{"href":"https:\/\/municipalidadpucon.cl\/index.php?rest_route=\/wp\/v2\/posts\/56035"}],"collection":[{"href":"https:\/\/municipalidadpucon.cl\/index.php?rest_route=\/wp\/v2\/posts"}],"about":[{"href":"https:\/\/municipalidadpucon.cl\/index.php?rest_route=\/wp\/v2\/types\/post"}],"author":[{"embeddable":true,"href":"https:\/\/municipalidadpucon.cl\/index.php?rest_route=\/wp\/v2\/users\/10"}],"replies":[{"embeddable":true,"href":"https:\/\/municipalidadpucon.cl\/index.php?rest_route=%2Fwp%2Fv2%2Fcomments&post=56035"}],"version-history":[{"count":3,"href":"https:\/\/municipalidadpucon.cl\/index.php?rest_route=\/wp\/v2\/posts\/56035\/revisions"}],"predecessor-version":[{"id":56046,"href":"https:\/\/municipalidadpucon.cl\/index.php?rest_route=\/wp\/v2\/posts\/56035\/revisions\/56046"}],"wp:featuredmedia":[{"embeddable":true,"href":"https:\/\/municipalidadpucon.cl\/index.php?rest_route=\/wp\/v2\/media\/56042"}],"wp:attachment":[{"href":"https:\/\/municipalidadpucon.cl\/index.php?rest_route=%2Fwp%2Fv2%2Fmedia&parent=56035"}],"wp:term":[{"taxonomy":"category","embeddable":true,"href":"https:\/\/municipalidadpucon.cl\/index.php?rest_route=%2Fwp%2Fv2%2Fcategories&post=56035"},{"taxonomy":"post_tag","embeddable":true,"href":"https:\/\/municipalidadpucon.cl\/index.php?rest_route=%2Fwp%2Fv2%2Ftags&post=56035"}],"curies":[{"name":"wp","href":"https:\/\/api.w.org\/{rel}","templated":true}]}}