{"id":56051,"date":"2025-09-04T10:04:56","date_gmt":"2025-09-04T13:04:56","guid":{"rendered":"https:\/\/municipalidadpucon.cl\/?p=56051"},"modified":"2025-09-04T10:04:56","modified_gmt":"2025-09-04T13:04:56","slug":"concejo-municipal-de-pucon-aprobo-recursos-para-mejoras-en-el-deporte-rural","status":"publish","type":"post","link":"https:\/\/municipalidadpucon.cl\/?p=56051","title":{"rendered":"Concejo Municipal de Puc\u00f3n aprob\u00f3 recursos para mejoras en el deporte rural"},"content":{"rendered":"<p><em><strong>A la construcci\u00f3n e instalaci\u00f3n de grader\u00edas y camarines modulares en la cancha del sector Pichares, se sumar\u00e1 similar infraestructura en Carhuello, con una inversi\u00f3n total de $160 millones. A ello, se sumar\u00e1 un esperado estadio para el quehacer deportivo y recreativo del campo puconino.<\/strong><\/em><\/p>\n<p><img decoding=\"async\" class=\"alignnone size-medium wp-image-56052\" src=\"https:\/\/municipalidadpucon.cl\/wp-content\/uploads\/2025\/09\/2-1-300x212.jpg\" alt=\"\" width=\"300\" height=\"212\" srcset=\"https:\/\/municipalidadpucon.cl\/wp-content\/uploads\/2025\/09\/2-1-200x141.jpg 200w, https:\/\/municipalidadpucon.cl\/wp-content\/uploads\/2025\/09\/2-1-300x212.jpg 300w, https:\/\/municipalidadpucon.cl\/wp-content\/uploads\/2025\/09\/2-1-400x283.jpg 400w, https:\/\/municipalidadpucon.cl\/wp-content\/uploads\/2025\/09\/2-1-600x424.jpg 600w, https:\/\/municipalidadpucon.cl\/wp-content\/uploads\/2025\/09\/2-1-768x542.jpg 768w, https:\/\/municipalidadpucon.cl\/wp-content\/uploads\/2025\/09\/2-1-800x565.jpg 800w, https:\/\/municipalidadpucon.cl\/wp-content\/uploads\/2025\/09\/2-1-1024x723.jpg 1024w, https:\/\/municipalidadpucon.cl\/wp-content\/uploads\/2025\/09\/2-1-1200x848.jpg 1200w, https:\/\/municipalidadpucon.cl\/wp-content\/uploads\/2025\/09\/2-1-scaled.jpg 1300w, https:\/\/municipalidadpucon.cl\/wp-content\/uploads\/2025\/09\/2-1-1536x1085.jpg 1536w\" sizes=\"(max-width: 300px) 100vw, 300px\" \/> <img decoding=\"async\" class=\"alignnone size-medium wp-image-56053\" src=\"https:\/\/municipalidadpucon.cl\/wp-content\/uploads\/2025\/09\/3-2-300x212.jpg\" alt=\"\" width=\"300\" height=\"212\" srcset=\"https:\/\/municipalidadpucon.cl\/wp-content\/uploads\/2025\/09\/3-2-200x141.jpg 200w, https:\/\/municipalidadpucon.cl\/wp-content\/uploads\/2025\/09\/3-2-300x212.jpg 300w, https:\/\/municipalidadpucon.cl\/wp-content\/uploads\/2025\/09\/3-2-400x283.jpg 400w, https:\/\/municipalidadpucon.cl\/wp-content\/uploads\/2025\/09\/3-2-600x424.jpg 600w, https:\/\/municipalidadpucon.cl\/wp-content\/uploads\/2025\/09\/3-2-768x542.jpg 768w, https:\/\/municipalidadpucon.cl\/wp-content\/uploads\/2025\/09\/3-2-800x565.jpg 800w, https:\/\/municipalidadpucon.cl\/wp-content\/uploads\/2025\/09\/3-2-1024x723.jpg 1024w, https:\/\/municipalidadpucon.cl\/wp-content\/uploads\/2025\/09\/3-2-1200x848.jpg 1200w, https:\/\/municipalidadpucon.cl\/wp-content\/uploads\/2025\/09\/3-2-scaled.jpg 1300w, https:\/\/municipalidadpucon.cl\/wp-content\/uploads\/2025\/09\/3-2-1536x1085.jpg 1536w\" sizes=\"(max-width: 300px) 100vw, 300px\" \/><\/p>\n<p>En su m\u00e1s reciente sesi\u00f3n, la n\u00famero 27, el Concejo Municipal de Puc\u00f3n aprob\u00f3, de manera un\u00e1nime -entre otros temas-, el aporte a Deportistas de Excelencia y Alto Rendimiento, as\u00ed como le dio \u201cluz verde\u201d a una solicitud de la Secretar\u00eda Comunal de Planificaci\u00f3n (SECPLAC) con el objetivo de financiar la construcci\u00f3n de grader\u00edas y camarines modulares en la cancha de f\u00fatbol del sector Pichares.<\/p>\n<p>Lo anterior, complementa un proyecto mayor que la administraci\u00f3n municipal puconina ha priorizado para el deporte rural con una infraestructura similar a la que se instalar\u00e1 en Pichares, pero en la cancha de Carhuello, con una inversi\u00f3n total de $160 millones para ambos proyectos y que provienen del Fondo Regional de Iniciativa Local (FRIL).<\/p>\n<p>Las iniciativas consideran dos camarines independientes, equipados con bancas de madera, duchas, lavamanos y WC; adem\u00e1s de un ba\u00f1o exclusivo para \u00e1rbitros y un corredor techado que conecta las \u00e1reas internas. Adem\u00e1s, las grader\u00edas modulares estar\u00e1n construidas en perfiles de acero galvanizado, con capacidad aproximada de 30 espectadores, con fundaciones en hormig\u00f3n y terminaciones en terciado estructural, junto a instalaciones sanitarias.<\/p>\n<p><img decoding=\"async\" class=\"size-medium wp-image-56054 aligncenter\" src=\"https:\/\/municipalidadpucon.cl\/wp-content\/uploads\/2025\/09\/4-3-300x139.jpeg\" alt=\"\" width=\"300\" height=\"139\" srcset=\"https:\/\/municipalidadpucon.cl\/wp-content\/uploads\/2025\/09\/4-3-200x93.jpeg 200w, https:\/\/municipalidadpucon.cl\/wp-content\/uploads\/2025\/09\/4-3-300x139.jpeg 300w, https:\/\/municipalidadpucon.cl\/wp-content\/uploads\/2025\/09\/4-3-400x186.jpeg 400w, https:\/\/municipalidadpucon.cl\/wp-content\/uploads\/2025\/09\/4-3-600x279.jpeg 600w, https:\/\/municipalidadpucon.cl\/wp-content\/uploads\/2025\/09\/4-3-768x357.jpeg 768w, https:\/\/municipalidadpucon.cl\/wp-content\/uploads\/2025\/09\/4-3-800x372.jpeg 800w, https:\/\/municipalidadpucon.cl\/wp-content\/uploads\/2025\/09\/4-3-1024x476.jpeg 1024w, https:\/\/municipalidadpucon.cl\/wp-content\/uploads\/2025\/09\/4-3-1200x558.jpeg 1200w, https:\/\/municipalidadpucon.cl\/wp-content\/uploads\/2025\/09\/4-3.jpeg 1280w\" sizes=\"(max-width: 300px) 100vw, 300px\" \/><\/p>\n<p><strong>ESTADIO EN EL ROBLE<\/strong><\/p>\n<p>A lo anterior, se agrega el millonario proyecto de un nuevo Estadio para el F\u00fatbol rural, conocido como Complejo Deportivo Municipal en el sector El Roble, el que est\u00e1 pendiente de la ratificaci\u00f3n de recursos provenientes del Fondo Nacional de Desarrollo Regional (FNDR) y que el Gobierno Regional (GORE) debiera confirmar, una vez la propia SECPLAC de Puc\u00f3n responda un par de observaciones al proyecto original, con un costo global de casi mil 600 millones de pesos.<\/p>\n<p>Sobre estos proyectos, el presidente del estamento colegiado y alcalde de la comuna de Puc\u00f3n, Sebasti\u00e1n \u00c1lvarez, destac\u00f3 que \u201cseguimos avanzando con los compromisos que se hicieron con la asociaci\u00f3n del f\u00fatbol rural, respecto a avanzar en la habilitaci\u00f3n de estos contenedores y grader\u00edas, tanto en Carhuello como en \u00a0Pichares. Esto significa que vamos a poder avanzar en los compromisos de estos proyectos que est\u00e1n siendo postulados al Gobierno Regional, porque son tres proyectos, adem\u00e1s del Estadio, ese so\u00f1ado Estadio para el f\u00fatbol rural\u201d.<\/p>\n<!--[if lt IE 9]><script>document.createElement('audio');<\/script><![endif]-->\n<audio class=\"wp-audio-shortcode\" id=\"audio-56051-1\" preload=\"none\" style=\"width: 100%;\" controls=\"controls\"><source type=\"audio\/mpeg\" src=\"https:\/\/municipalidadpucon.cl\/wp-content\/uploads\/2025\/09\/Sebastian-Alvarez-alcalde-subraya-el-apoyo-al-deporte-rural.mp3?_=1\" \/><a href=\"https:\/\/municipalidadpucon.cl\/wp-content\/uploads\/2025\/09\/Sebastian-Alvarez-alcalde-subraya-el-apoyo-al-deporte-rural.mp3\">https:\/\/municipalidadpucon.cl\/wp-content\/uploads\/2025\/09\/Sebastian-Alvarez-alcalde-subraya-el-apoyo-al-deporte-rural.mp3<\/a><\/audio>\n<p><strong>TRAS LOS RECURSOS<\/strong><\/p>\n<p>El jefe comunal detall\u00f3 que, una vez respondidas esas observaciones -referidas a definir un s\u00f3lo sistema de drenaje en la cancha, ya que se propon\u00edan dos, y una aclaraci\u00f3n del programa arquitect\u00f3nico- \u201cquedar\u00e1 con RS (Recomendaci\u00f3n Satisfactoria); o sea, listos para financiamiento y ah\u00ed tendremos que ir todos juntos al Gobierno Regional, junto a los dirigentes, a pedir que apoyen a Puc\u00f3n con estos recursos para el fomento del deporte de nuestra comuna\u201d.<\/p>\n<p>Quien destac\u00f3 la labor que se viene desarrollando en favor del deporte local es el concejal de Puc\u00f3n y presidente de la Comisi\u00f3n de Deportes del Concejo Municipal, Claudio Cortez, quien afirm\u00f3 que \u201cfue a ra\u00edz de una reuni\u00f3n que tuvimos con los 13 clubes, en este caso de la Liga Pulafquen, quienes son los que est\u00e1n solicitando estas gestiones y esto es parte de esos compromisos\u201d, recalc\u00f3 el edil, agregando que \u201cagradezco la situaci\u00f3n, porque hay m\u00e1s compromisos que se vienen, por lo tanto, vamos a estar ah\u00ed informando y sin duda gestionando cosas para el deporte, que no solamente es f\u00fatbol\u201d.<\/p>\n<audio class=\"wp-audio-shortcode\" id=\"audio-56051-2\" preload=\"none\" style=\"width: 100%;\" controls=\"controls\"><source type=\"audio\/mpeg\" src=\"https:\/\/municipalidadpucon.cl\/wp-content\/uploads\/2025\/09\/Claudio-Cortez-concejal-y-Pdte-Comision-de-Deportes-.mp3?_=2\" \/><a href=\"https:\/\/municipalidadpucon.cl\/wp-content\/uploads\/2025\/09\/Claudio-Cortez-concejal-y-Pdte-Comision-de-Deportes-.mp3\">https:\/\/municipalidadpucon.cl\/wp-content\/uploads\/2025\/09\/Claudio-Cortez-concejal-y-Pdte-Comision-de-Deportes-.mp3<\/a><\/audio>\n<p><strong>TIEMPOS<\/strong><\/p>\n<p>Por lo anterior, se espera que no antes del t\u00e9rmino de este a\u00f1o se puedan estar iniciando obras en las canchas de Pichares y Carhuello, con construcciones calculadas en 68.2 metros cuadrados cada una, quedando para el a\u00f1o venidero una \u201cprimera piedra\u201d del que ser\u00e1 el equipado Estadio El Roble de Puc\u00f3n, transform\u00e1ndose as\u00ed en un nuevo foco de desarrollo, no s\u00f3lo para el f\u00fatbol rural, sino tambi\u00e9n para el esparcimiento que podr\u00e1n realizar all\u00ed las familias de la comuna lacustre y volc\u00e1nica de La Araucan\u00eda.<\/p>\n","protected":false},"excerpt":{"rendered":"<p>A la construcci\u00f3n e instalaci\u00f3n de grader\u00edas y camarines modulares [&hellip;]<\/p>\n","protected":false},"author":10,"featured_media":56057,"comment_status":"closed","ping_status":"open","sticky":false,"template":"","format":"standard","meta":[],"categories":[98,3],"tags":[],"_links":{"self":[{"href":"https:\/\/municipalidadpucon.cl\/index.php?rest_route=\/wp\/v2\/posts\/56051"}],"collection":[{"href":"https:\/\/municipalidadpucon.cl\/index.php?rest_route=\/wp\/v2\/posts"}],"about":[{"href":"https:\/\/municipalidadpucon.cl\/index.php?rest_route=\/wp\/v2\/types\/post"}],"author":[{"embeddable":true,"href":"https:\/\/municipalidadpucon.cl\/index.php?rest_route=\/wp\/v2\/users\/10"}],"replies":[{"embeddable":true,"href":"https:\/\/municipalidadpucon.cl\/index.php?rest_route=%2Fwp%2Fv2%2Fcomments&post=56051"}],"version-history":[{"count":1,"href":"https:\/\/municipalidadpucon.cl\/index.php?rest_route=\/wp\/v2\/posts\/56051\/revisions"}],"predecessor-version":[{"id":56058,"href":"https:\/\/municipalidadpucon.cl\/index.php?rest_route=\/wp\/v2\/posts\/56051\/revisions\/56058"}],"wp:featuredmedia":[{"embeddable":true,"href":"https:\/\/municipalidadpucon.cl\/index.php?rest_route=\/wp\/v2\/media\/56057"}],"wp:attachment":[{"href":"https:\/\/municipalidadpucon.cl\/index.php?rest_route=%2Fwp%2Fv2%2Fmedia&parent=56051"}],"wp:term":[{"taxonomy":"category","embeddable":true,"href":"https:\/\/municipalidadpucon.cl\/index.php?rest_route=%2Fwp%2Fv2%2Fcategories&post=56051"},{"taxonomy":"post_tag","embeddable":true,"href":"https:\/\/municipalidadpucon.cl\/index.php?rest_route=%2Fwp%2Fv2%2Ftags&post=56051"}],"curies":[{"name":"wp","href":"https:\/\/api.w.org\/{rel}","templated":true}]}}