{"id":56384,"date":"2025-09-24T10:07:11","date_gmt":"2025-09-24T13:07:11","guid":{"rendered":"https:\/\/municipalidadpucon.cl\/?p=56384"},"modified":"2025-09-24T10:07:11","modified_gmt":"2025-09-24T13:07:11","slug":"se-rompieron-las-expectativas-turisticas-durante-semana-de-fiestas-patrias","status":"publish","type":"post","link":"https:\/\/municipalidadpucon.cl\/?p=56384","title":{"rendered":"Se rompieron las expectativas tur\u00edsticas durante Semana de Fiestas Patrias"},"content":{"rendered":"<p><em><strong>Parte importante del \u201cmotor econ\u00f3mico\u201d de la comuna lacustre de La Araucan\u00eda valor\u00f3 los ingresos que llegaron de visitantes y turistas, destacando la capacidad instalada -con m\u00e1s de un 50 por ciento de ocupaci\u00f3n hotelera- y quienes llegaron a las atractivas ferias y fondas.<\/strong><\/em><\/p>\n<p><img decoding=\"async\" class=\"alignnone size-medium wp-image-56385\" src=\"https:\/\/municipalidadpucon.cl\/wp-content\/uploads\/2025\/09\/2-17-300x225.jpeg\" alt=\"\" width=\"300\" height=\"225\" srcset=\"https:\/\/municipalidadpucon.cl\/wp-content\/uploads\/2025\/09\/2-17-200x150.jpeg 200w, https:\/\/municipalidadpucon.cl\/wp-content\/uploads\/2025\/09\/2-17-300x225.jpeg 300w, https:\/\/municipalidadpucon.cl\/wp-content\/uploads\/2025\/09\/2-17-400x300.jpeg 400w, https:\/\/municipalidadpucon.cl\/wp-content\/uploads\/2025\/09\/2-17-600x450.jpeg 600w, https:\/\/municipalidadpucon.cl\/wp-content\/uploads\/2025\/09\/2-17-768x576.jpeg 768w, https:\/\/municipalidadpucon.cl\/wp-content\/uploads\/2025\/09\/2-17-800x600.jpeg 800w, https:\/\/municipalidadpucon.cl\/wp-content\/uploads\/2025\/09\/2-17-1024x768.jpeg 1024w, https:\/\/municipalidadpucon.cl\/wp-content\/uploads\/2025\/09\/2-17-1200x900.jpeg 1200w, https:\/\/municipalidadpucon.cl\/wp-content\/uploads\/2025\/09\/2-17.jpeg 1280w\" sizes=\"(max-width: 300px) 100vw, 300px\" \/> <img decoding=\"async\" class=\"alignnone size-medium wp-image-56386\" src=\"https:\/\/municipalidadpucon.cl\/wp-content\/uploads\/2025\/09\/3-15-300x225.jpeg\" alt=\"\" width=\"300\" height=\"225\" srcset=\"https:\/\/municipalidadpucon.cl\/wp-content\/uploads\/2025\/09\/3-15-200x150.jpeg 200w, https:\/\/municipalidadpucon.cl\/wp-content\/uploads\/2025\/09\/3-15-300x225.jpeg 300w, https:\/\/municipalidadpucon.cl\/wp-content\/uploads\/2025\/09\/3-15-400x300.jpeg 400w, https:\/\/municipalidadpucon.cl\/wp-content\/uploads\/2025\/09\/3-15-600x450.jpeg 600w, https:\/\/municipalidadpucon.cl\/wp-content\/uploads\/2025\/09\/3-15-768x576.jpeg 768w, https:\/\/municipalidadpucon.cl\/wp-content\/uploads\/2025\/09\/3-15-800x600.jpeg 800w, https:\/\/municipalidadpucon.cl\/wp-content\/uploads\/2025\/09\/3-15.jpeg 1000w\" sizes=\"(max-width: 300px) 100vw, 300px\" \/><\/p>\n<p>Cuentas alegres y positivas sacaron los actores tur\u00edsticos de la comuna de Puc\u00f3n, despu\u00e9s de reci\u00e9n finalizadas las festividades patrias de 2025, las que -para algunos- se extendieron durante una semana; aunque legalmente los feriados correspondieron a los d\u00edas jueves 18 y viernes 19 de septiembre, coincidiendo con el reciente fin de semana, en donde se reconoci\u00f3 una ocupaci\u00f3n hotelera superior al 50 por ciento.<\/p>\n<p>Desde el Municipio, en estas festividades patrias, la actividad tur\u00edstica \u201cestuvo por sobre las expectativas, porque el momento que nos enteramos de que \u00edbamos a tener mucha lluvia, est\u00e1bamos un poco temerosos, y yo creo que esto super\u00f3 las expectativas, porque igual tuvimos mucha gente, mucho p\u00fablico, las que visitaron los lugares atractivos que tuvimos el fin de semana\u201d, coment\u00f3 la directora de Desarrollo Econ\u00f3mico, Fomento y Turismo de la Municipalidad de Puc\u00f3n, Carolina Ruiz.<\/p>\n<!--[if lt IE 9]><script>document.createElement('audio');<\/script><![endif]-->\n<audio class=\"wp-audio-shortcode\" id=\"audio-56384-1\" preload=\"none\" style=\"width: 100%;\" controls=\"controls\"><source type=\"audio\/mpeg\" src=\"https:\/\/municipalidadpucon.cl\/wp-content\/uploads\/2025\/09\/Carolina-Ruiz-directota-de-Des-Fomento-y-Turismo-conclusiones-.mp3?_=1\" \/><a href=\"https:\/\/municipalidadpucon.cl\/wp-content\/uploads\/2025\/09\/Carolina-Ruiz-directota-de-Des-Fomento-y-Turismo-conclusiones-.mp3\">https:\/\/municipalidadpucon.cl\/wp-content\/uploads\/2025\/09\/Carolina-Ruiz-directota-de-Des-Fomento-y-Turismo-conclusiones-.mp3<\/a><\/audio>\n<p>La personera agreg\u00f3 que \u201cten\u00edamos una ocupaci\u00f3n hotelera reservada de un 60 por ciento, aproximadamente, y por lo que hemos podido sondear esto baj\u00f3 a un 50 por ciento y el motivo yo creo que fue por la lluvia. Sin embargo, la gran cantidad de gente que vino a su segunda vivienda tambi\u00e9n hizo que la econom\u00eda del turismo se movilizara en forma muy positiva; por lo tanto, todo lo que son restaurant y actividades de termas, principalmente en estos d\u00edas de lluvia, se ven muy movidos y muy visitados\u201d.<\/p>\n<p><img decoding=\"async\" class=\"alignnone size-medium wp-image-56388\" src=\"https:\/\/municipalidadpucon.cl\/wp-content\/uploads\/2025\/09\/4-16-300x225.jpeg\" alt=\"\" width=\"300\" height=\"225\" srcset=\"https:\/\/municipalidadpucon.cl\/wp-content\/uploads\/2025\/09\/4-16-200x150.jpeg 200w, https:\/\/municipalidadpucon.cl\/wp-content\/uploads\/2025\/09\/4-16-300x225.jpeg 300w, https:\/\/municipalidadpucon.cl\/wp-content\/uploads\/2025\/09\/4-16-400x300.jpeg 400w, https:\/\/municipalidadpucon.cl\/wp-content\/uploads\/2025\/09\/4-16-600x450.jpeg 600w, https:\/\/municipalidadpucon.cl\/wp-content\/uploads\/2025\/09\/4-16-768x576.jpeg 768w, https:\/\/municipalidadpucon.cl\/wp-content\/uploads\/2025\/09\/4-16-800x600.jpeg 800w, https:\/\/municipalidadpucon.cl\/wp-content\/uploads\/2025\/09\/4-16.jpeg 1000w\" sizes=\"(max-width: 300px) 100vw, 300px\" \/><\/p>\n<p><strong>ATRACCI\u00d3N DE FERIAS<\/strong><\/p>\n<p>Consultado al respecto, el presidente de la Corporaci\u00f3n de Turismo de la comuna del lago y el volc\u00e1n Villarrica, Marcos Mu\u00f1oz, si bien reconoci\u00f3 que la lluvia pod\u00eda afectar a la econom\u00eda local \u201cyo recorr\u00ed las instalaciones de la Feria Puc\u00f3n Emprende (junto\u00a0 a la Plaza de Armas), que son las iniciativas que tiene la Municipalidad con los emprendedores locales, y estaban llenas, se ve\u00eda mucho p\u00fablico, lo mismo pas\u00f3 en las otras ferias artesanales. Entonces cuando hay mal clima, ese tipo de actividades tambi\u00e9n se benefician\u201d.<\/p>\n<audio class=\"wp-audio-shortcode\" id=\"audio-56384-2\" preload=\"none\" style=\"width: 100%;\" controls=\"controls\"><source type=\"audio\/mpeg\" src=\"https:\/\/municipalidadpucon.cl\/wp-content\/uploads\/2025\/09\/Marcos-Munoz-Pdte-Corporacion-de-Turismo-de-Pucon-coincide-en-lo-positivo-.mp3?_=2\" \/><a href=\"https:\/\/municipalidadpucon.cl\/wp-content\/uploads\/2025\/09\/Marcos-Munoz-Pdte-Corporacion-de-Turismo-de-Pucon-coincide-en-lo-positivo-.mp3\">https:\/\/municipalidadpucon.cl\/wp-content\/uploads\/2025\/09\/Marcos-Munoz-Pdte-Corporacion-de-Turismo-de-Pucon-coincide-en-lo-positivo-.mp3<\/a><\/audio>\n<p>El representante de las iniciativas tur\u00edsticas de Puc\u00f3n agreg\u00f3 que, en las recientes Fiestas Patrias, \u201cel p\u00fablico no se concentr\u00f3 solamente en los d\u00edas feriados del fin de semana, sino que muchos se tomaron la semana completa, entonces se pudo observar un incremento significativo desde el s\u00e1bado y domingo anterior\u201d.<\/p>\n<audio class=\"wp-audio-shortcode\" id=\"audio-56384-3\" preload=\"none\" style=\"width: 100%;\" controls=\"controls\"><source type=\"audio\/mpeg\" src=\"https:\/\/municipalidadpucon.cl\/wp-content\/uploads\/2025\/09\/Marcos-Munoz-destaca-la-presencia-de-ferias-bien-equipadas-.mp3?_=3\" \/><a href=\"https:\/\/municipalidadpucon.cl\/wp-content\/uploads\/2025\/09\/Marcos-Munoz-destaca-la-presencia-de-ferias-bien-equipadas-.mp3\">https:\/\/municipalidadpucon.cl\/wp-content\/uploads\/2025\/09\/Marcos-Munoz-destaca-la-presencia-de-ferias-bien-equipadas-.mp3<\/a><\/audio>\n<p><strong>MEJOR DE LO ESPERADO<\/strong><\/p>\n<p>El dirigente puconino recalc\u00f3 que \u201cla pernoctaci\u00f3n del visitante se extendi\u00f3 mucho, fue pr\u00e1cticamente de una semana completa, no s\u00f3lo los cuatro d\u00edas del feriado, m\u00e1s el fin de semana. Entonces eso, sin duda, contribuye a un buen resultado, mejor de lo esperado, considerando, claro, las condiciones clim\u00e1ticas pronosticadas\u201d.<\/p>\n<p><img decoding=\"async\" class=\"alignnone size-medium wp-image-56391\" src=\"https:\/\/municipalidadpucon.cl\/wp-content\/uploads\/2025\/09\/5-9-300x225.jpeg\" alt=\"\" width=\"300\" height=\"225\" srcset=\"https:\/\/municipalidadpucon.cl\/wp-content\/uploads\/2025\/09\/5-9-200x150.jpeg 200w, https:\/\/municipalidadpucon.cl\/wp-content\/uploads\/2025\/09\/5-9-300x225.jpeg 300w, https:\/\/municipalidadpucon.cl\/wp-content\/uploads\/2025\/09\/5-9-400x300.jpeg 400w, https:\/\/municipalidadpucon.cl\/wp-content\/uploads\/2025\/09\/5-9-600x450.jpeg 600w, https:\/\/municipalidadpucon.cl\/wp-content\/uploads\/2025\/09\/5-9-768x576.jpeg 768w, https:\/\/municipalidadpucon.cl\/wp-content\/uploads\/2025\/09\/5-9-800x600.jpeg 800w, https:\/\/municipalidadpucon.cl\/wp-content\/uploads\/2025\/09\/5-9.jpeg 1000w\" sizes=\"(max-width: 300px) 100vw, 300px\" \/><\/p>\n<p>Insisti\u00f3 la encargada de Fomento y Turismo del Municipio, Carolina Ruiz que, si bien \u201cla reserva hotelera no se ve tan alta, esto no refleja en s\u00ed la visitaci\u00f3n que uno tiene, porque mucha gente igual viene por el d\u00eda desde Villarrica, de Temuco, y tambi\u00e9n la segunda vivienda no suma a ese porcentaje, entonces eso nos ayuda bastante. Creo que este fue un s\u00faper buen fin de semana, tuvimos bastante turistas en la zona, y lo pudimos ver en la gran cantidad de autos que andaban, en las calles, y la gente, porque en el Ecoparque (en las Fondas Familiares de la Chilenidad) hubo mucha gente, tambi\u00e9n en los distintos lugares de atracci\u00f3n tur\u00edstica\u201d.<\/p>\n<audio class=\"wp-audio-shortcode\" id=\"audio-56384-4\" preload=\"none\" style=\"width: 100%;\" controls=\"controls\"><source type=\"audio\/mpeg\" src=\"https:\/\/municipalidadpucon.cl\/wp-content\/uploads\/2025\/09\/Carolina-Ruiz-directora-Fomento-y-Turismo-dice-que-se-superaron-expectativas-.mp3?_=4\" \/><a href=\"https:\/\/municipalidadpucon.cl\/wp-content\/uploads\/2025\/09\/Carolina-Ruiz-directora-Fomento-y-Turismo-dice-que-se-superaron-expectativas-.mp3\">https:\/\/municipalidadpucon.cl\/wp-content\/uploads\/2025\/09\/Carolina-Ruiz-directora-Fomento-y-Turismo-dice-que-se-superaron-expectativas-.mp3<\/a><\/audio>\n","protected":false},"excerpt":{"rendered":"<p>Parte importante del \u201cmotor econ\u00f3mico\u201d de la comuna lacustre de [&hellip;]<\/p>\n","protected":false},"author":10,"featured_media":56393,"comment_status":"closed","ping_status":"open","sticky":false,"template":"","format":"standard","meta":[],"categories":[98,3],"tags":[],"_links":{"self":[{"href":"https:\/\/municipalidadpucon.cl\/index.php?rest_route=\/wp\/v2\/posts\/56384"}],"collection":[{"href":"https:\/\/municipalidadpucon.cl\/index.php?rest_route=\/wp\/v2\/posts"}],"about":[{"href":"https:\/\/municipalidadpucon.cl\/index.php?rest_route=\/wp\/v2\/types\/post"}],"author":[{"embeddable":true,"href":"https:\/\/municipalidadpucon.cl\/index.php?rest_route=\/wp\/v2\/users\/10"}],"replies":[{"embeddable":true,"href":"https:\/\/municipalidadpucon.cl\/index.php?rest_route=%2Fwp%2Fv2%2Fcomments&post=56384"}],"version-history":[{"count":1,"href":"https:\/\/municipalidadpucon.cl\/index.php?rest_route=\/wp\/v2\/posts\/56384\/revisions"}],"predecessor-version":[{"id":56394,"href":"https:\/\/municipalidadpucon.cl\/index.php?rest_route=\/wp\/v2\/posts\/56384\/revisions\/56394"}],"wp:featuredmedia":[{"embeddable":true,"href":"https:\/\/municipalidadpucon.cl\/index.php?rest_route=\/wp\/v2\/media\/56393"}],"wp:attachment":[{"href":"https:\/\/municipalidadpucon.cl\/index.php?rest_route=%2Fwp%2Fv2%2Fmedia&parent=56384"}],"wp:term":[{"taxonomy":"category","embeddable":true,"href":"https:\/\/municipalidadpucon.cl\/index.php?rest_route=%2Fwp%2Fv2%2Fcategories&post=56384"},{"taxonomy":"post_tag","embeddable":true,"href":"https:\/\/municipalidadpucon.cl\/index.php?rest_route=%2Fwp%2Fv2%2Ftags&post=56384"}],"curies":[{"name":"wp","href":"https:\/\/api.w.org\/{rel}","templated":true}]}}