{"id":56396,"date":"2025-09-25T08:32:24","date_gmt":"2025-09-25T11:32:24","guid":{"rendered":"https:\/\/municipalidadpucon.cl\/?p=56396"},"modified":"2025-09-25T08:32:24","modified_gmt":"2025-09-25T11:32:24","slug":"mas-de-40-puconinos-reciben-subsidio-de-arrendamiento-en-concurrida-ceremonia","status":"publish","type":"post","link":"https:\/\/municipalidadpucon.cl\/?p=56396","title":{"rendered":"M\u00e1s de 40 puconinos reciben subsidio de arrendamiento en concurrida ceremonia"},"content":{"rendered":"<p><em><strong>Por gestiones del Municipio local y recursos del Ministerio de Vivienda y Urbanismo (MINVU), los principales beneficiados, correspondientes al DS N\u00b052, resultaron ser adultos mayores y personas en situaci\u00f3n de discapacidad.<\/strong><\/em><\/p>\n<p><img decoding=\"async\" class=\"alignnone size-medium wp-image-56397\" src=\"https:\/\/municipalidadpucon.cl\/wp-content\/uploads\/2025\/09\/2-18-300x225.jpeg\" alt=\"\" width=\"300\" height=\"225\" srcset=\"https:\/\/municipalidadpucon.cl\/wp-content\/uploads\/2025\/09\/2-18-200x150.jpeg 200w, https:\/\/municipalidadpucon.cl\/wp-content\/uploads\/2025\/09\/2-18-300x225.jpeg 300w, https:\/\/municipalidadpucon.cl\/wp-content\/uploads\/2025\/09\/2-18-400x300.jpeg 400w, https:\/\/municipalidadpucon.cl\/wp-content\/uploads\/2025\/09\/2-18-600x450.jpeg 600w, https:\/\/municipalidadpucon.cl\/wp-content\/uploads\/2025\/09\/2-18-768x576.jpeg 768w, https:\/\/municipalidadpucon.cl\/wp-content\/uploads\/2025\/09\/2-18-800x600.jpeg 800w, https:\/\/municipalidadpucon.cl\/wp-content\/uploads\/2025\/09\/2-18-1024x768.jpeg 1024w, https:\/\/municipalidadpucon.cl\/wp-content\/uploads\/2025\/09\/2-18-1200x900.jpeg 1200w, https:\/\/municipalidadpucon.cl\/wp-content\/uploads\/2025\/09\/2-18-scaled.jpeg 1300w, https:\/\/municipalidadpucon.cl\/wp-content\/uploads\/2025\/09\/2-18-1536x1152.jpeg 1536w\" sizes=\"(max-width: 300px) 100vw, 300px\" \/> <img decoding=\"async\" class=\"alignnone size-medium wp-image-56398\" src=\"https:\/\/municipalidadpucon.cl\/wp-content\/uploads\/2025\/09\/3-16-300x225.jpeg\" alt=\"\" width=\"300\" height=\"225\" srcset=\"https:\/\/municipalidadpucon.cl\/wp-content\/uploads\/2025\/09\/3-16-200x150.jpeg 200w, https:\/\/municipalidadpucon.cl\/wp-content\/uploads\/2025\/09\/3-16-300x225.jpeg 300w, https:\/\/municipalidadpucon.cl\/wp-content\/uploads\/2025\/09\/3-16-400x300.jpeg 400w, https:\/\/municipalidadpucon.cl\/wp-content\/uploads\/2025\/09\/3-16-600x450.jpeg 600w, https:\/\/municipalidadpucon.cl\/wp-content\/uploads\/2025\/09\/3-16-768x576.jpeg 768w, https:\/\/municipalidadpucon.cl\/wp-content\/uploads\/2025\/09\/3-16-800x600.jpeg 800w, https:\/\/municipalidadpucon.cl\/wp-content\/uploads\/2025\/09\/3-16-1024x768.jpeg 1024w, https:\/\/municipalidadpucon.cl\/wp-content\/uploads\/2025\/09\/3-16-1200x900.jpeg 1200w, https:\/\/municipalidadpucon.cl\/wp-content\/uploads\/2025\/09\/3-16-scaled.jpeg 1300w, https:\/\/municipalidadpucon.cl\/wp-content\/uploads\/2025\/09\/3-16-1536x1152.jpeg 1536w\" sizes=\"(max-width: 300px) 100vw, 300px\" \/><\/p>\n<p>Un total de 41 beneficiados -en su mayor\u00eda adultos mayores y personas en situaci\u00f3n de discapacidad- recibieron en Puc\u00f3n su subsidio de arrendamiento, tras ser postulados por el Municipio local, aprovechando el llamado DS N\u00b052 del Servicio de Vivienda y Urbanismo (Serviu).<\/p>\n<p>El beneficio, que se entreg\u00f3 en una ceremonia realizada en el CEDIAM puconino y con asistencia de autoridades comunales, regionales y tambi\u00e9n parlamentarias -as\u00ed como candidatos al Congreso- es relevante para la comuna, ya que la gran mayor\u00eda de familias son arrendatarios, entre los cuales la situaci\u00f3n de los adultos mayores es la m\u00e1s desmedrada, por sus ingresos acotados y afecciones de salud.<\/p>\n<p>Por lo anterior, este subsidio de arriendo para el adulto mayor y personas con discapacidad es un valorado aporte del Estado, proveniente del Ministerio de Vivienda (MINVU), el que cubre el 95 por ciento del valor del arriendo en beneficiarios que pertenecen al 40 por ciento de mayor vulnerabilidad en el Registro Social de Hogares; mientras para los beneficiarios de entre el 50 y 70 por ciento cubre el 90.<\/p>\n<p><strong>VIVIENDA SOCIAL<\/strong><\/p>\n<p>El alcalde de la comuna de Puc\u00f3n, Sebasti\u00e1n \u00c1lvarez, destac\u00f3 que \u201cen nuestra administraci\u00f3n ha sido el compromiso con la vivienda social, ya sea a trav\u00e9s de los comit\u00e9s de vivienda, que ha sido muy dif\u00edcil hist\u00f3ricamente para la comuna, pero tambi\u00e9n estamos hoy d\u00eda con un camino nuevo, que ha sido muy positivo. Por eso es que estamos haciendo una gran gesti\u00f3n con el equipo de vivienda para que podamos seguir postulando a distintos tipos de subsidio\u201d.<\/p>\n<!--[if lt IE 9]><script>document.createElement('audio');<\/script><![endif]-->\n<audio class=\"wp-audio-shortcode\" id=\"audio-56396-1\" preload=\"none\" style=\"width: 100%;\" controls=\"controls\"><source type=\"audio\/mpeg\" src=\"https:\/\/municipalidadpucon.cl\/wp-content\/uploads\/2025\/09\/Alcalde-Sebastian-Alvarez-destaca-la-labor-realizada-para-entrega-de-subsidios-.mp3?_=1\" \/><a href=\"https:\/\/municipalidadpucon.cl\/wp-content\/uploads\/2025\/09\/Alcalde-Sebastian-Alvarez-destaca-la-labor-realizada-para-entrega-de-subsidios-.mp3\">https:\/\/municipalidadpucon.cl\/wp-content\/uploads\/2025\/09\/Alcalde-Sebastian-Alvarez-destaca-la-labor-realizada-para-entrega-de-subsidios-.mp3<\/a><\/audio>\n<p>Al respecto, el Secretario de Planificaci\u00f3n Comunal (Secplac), Alexis Figueroa, detall\u00f3 que \u201cse han adjudicado 16 subsidios rurales, tambi\u00e9n nos informaron de 21 subsidios ind\u00edgenas, lo que refuerza el trabajo que est\u00e1 haciendo la Municipalidad por dar respuesta a los requerimientos de vivienda\u201d.<\/p>\n<audio class=\"wp-audio-shortcode\" id=\"audio-56396-2\" preload=\"none\" style=\"width: 100%;\" controls=\"controls\"><source type=\"audio\/mpeg\" src=\"https:\/\/municipalidadpucon.cl\/wp-content\/uploads\/2025\/09\/Alexis-Figueroa-Secplac-detalla-los-trabajos-hechos-en-la-comuna-en-Vivienda-.mp3?_=2\" \/><a href=\"https:\/\/municipalidadpucon.cl\/wp-content\/uploads\/2025\/09\/Alexis-Figueroa-Secplac-detalla-los-trabajos-hechos-en-la-comuna-en-Vivienda-.mp3\">https:\/\/municipalidadpucon.cl\/wp-content\/uploads\/2025\/09\/Alexis-Figueroa-Secplac-detalla-los-trabajos-hechos-en-la-comuna-en-Vivienda-.mp3<\/a><\/audio>\n<p>&nbsp;<\/p>\n<p><img decoding=\"async\" class=\"alignnone size-medium wp-image-56407\" src=\"https:\/\/municipalidadpucon.cl\/wp-content\/uploads\/2025\/09\/1-19-300x225.jpeg\" alt=\"\" width=\"300\" height=\"225\" srcset=\"https:\/\/municipalidadpucon.cl\/wp-content\/uploads\/2025\/09\/1-19-200x150.jpeg 200w, https:\/\/municipalidadpucon.cl\/wp-content\/uploads\/2025\/09\/1-19-300x225.jpeg 300w, https:\/\/municipalidadpucon.cl\/wp-content\/uploads\/2025\/09\/1-19-400x300.jpeg 400w, https:\/\/municipalidadpucon.cl\/wp-content\/uploads\/2025\/09\/1-19-600x450.jpeg 600w, https:\/\/municipalidadpucon.cl\/wp-content\/uploads\/2025\/09\/1-19-768x576.jpeg 768w, https:\/\/municipalidadpucon.cl\/wp-content\/uploads\/2025\/09\/1-19-800x600.jpeg 800w, https:\/\/municipalidadpucon.cl\/wp-content\/uploads\/2025\/09\/1-19-1024x768.jpeg 1024w, https:\/\/municipalidadpucon.cl\/wp-content\/uploads\/2025\/09\/1-19-1200x900.jpeg 1200w, https:\/\/municipalidadpucon.cl\/wp-content\/uploads\/2025\/09\/1-19.jpeg 1280w\" sizes=\"(max-width: 300px) 100vw, 300px\" \/><\/p>\n<p>El personero destac\u00f3 que el Municipio est\u00e1 disponible para agilizar gestiones, con el fin de entregar m\u00e1s y mejores aportes, como este subsidio de arrendamiento. \u201cAh\u00ed tenemos un equipo de seis profesionales que lo van a apoyar en todo lo que necesiten. La invitaci\u00f3n es a la poblaci\u00f3n de que se acerque a la Municipalidad porque, as\u00ed como ya tenemos 16 subsidios rurales, 21 ind\u00edgenas y estos 41 de arriendo, podemos seguir apoyando los distintos llamados que tiene el SERVIU para poder dar respuesta a los requerimientos de nuestros vecinos\u201d.<\/p>\n<p><strong>BENEFICIADOS<\/strong><\/p>\n<p>Jos\u00e9 Sandoval, beneficiario del subsidio de arriendo y afectado con glaucoma y catarata en ambos ojos, reconoci\u00f3 que \u201ces una ayuda muy importante, sobre todo por mi discapacidad. Ya son algunos a\u00f1os que no puedo trabajar y se me complic\u00f3 mucho el est\u00e1ndar de vida, as\u00ed que esto ha sido un buen empuje, un aporte importante para m\u00ed, que puedo estar m\u00e1s tranquilo y no tener que lidiar el d\u00eda a d\u00eda para juntar las monedas y sobrevivir\u201d.<\/p>\n<audio class=\"wp-audio-shortcode\" id=\"audio-56396-3\" preload=\"none\" style=\"width: 100%;\" controls=\"controls\"><source type=\"audio\/mpeg\" src=\"https:\/\/municipalidadpucon.cl\/wp-content\/uploads\/2025\/09\/Jose-Sandoval-beneficiado-con-subsidio-de-arriendo-.mp3?_=3\" \/><a href=\"https:\/\/municipalidadpucon.cl\/wp-content\/uploads\/2025\/09\/Jose-Sandoval-beneficiado-con-subsidio-de-arriendo-.mp3\">https:\/\/municipalidadpucon.cl\/wp-content\/uploads\/2025\/09\/Jose-Sandoval-beneficiado-con-subsidio-de-arriendo-.mp3<\/a><\/audio>\n<p>Similar impresi\u00f3n reconoci\u00f3 Robertina Tapia. \u201cEs maravilloso. Es una cosa muy grande para m\u00ed y me imagino que le ayuda mucho a la econom\u00eda de la ciudad, demasiado. Hay mucha gente que a veces no se informa. Entonces yo, por intermedio de otras personas, me acompa\u00f1aron y fueron los ni\u00f1os que estuvieron en el Municipio los que me atendieron. Fueron muy amables, estoy muy agradecida de ellos, porque me ayudaron mucho\u201d.<\/p>\n<audio class=\"wp-audio-shortcode\" id=\"audio-56396-4\" preload=\"none\" style=\"width: 100%;\" controls=\"controls\"><source type=\"audio\/mpeg\" src=\"https:\/\/municipalidadpucon.cl\/wp-content\/uploads\/2025\/09\/Robertina-Tapia-beneficiada-con-subsidio-.mp3?_=4\" \/><a href=\"https:\/\/municipalidadpucon.cl\/wp-content\/uploads\/2025\/09\/Robertina-Tapia-beneficiada-con-subsidio-.mp3\">https:\/\/municipalidadpucon.cl\/wp-content\/uploads\/2025\/09\/Robertina-Tapia-beneficiada-con-subsidio-.mp3<\/a><\/audio>\n<p><img decoding=\"async\" class=\"alignnone size-medium wp-image-56404\" src=\"https:\/\/municipalidadpucon.cl\/wp-content\/uploads\/2025\/09\/5-10-300x225.jpeg\" alt=\"\" width=\"300\" height=\"225\" srcset=\"https:\/\/municipalidadpucon.cl\/wp-content\/uploads\/2025\/09\/5-10-200x150.jpeg 200w, https:\/\/municipalidadpucon.cl\/wp-content\/uploads\/2025\/09\/5-10-300x225.jpeg 300w, https:\/\/municipalidadpucon.cl\/wp-content\/uploads\/2025\/09\/5-10-400x300.jpeg 400w, https:\/\/municipalidadpucon.cl\/wp-content\/uploads\/2025\/09\/5-10-600x450.jpeg 600w, https:\/\/municipalidadpucon.cl\/wp-content\/uploads\/2025\/09\/5-10-768x576.jpeg 768w, https:\/\/municipalidadpucon.cl\/wp-content\/uploads\/2025\/09\/5-10-800x600.jpeg 800w, https:\/\/municipalidadpucon.cl\/wp-content\/uploads\/2025\/09\/5-10-1024x768.jpeg 1024w, https:\/\/municipalidadpucon.cl\/wp-content\/uploads\/2025\/09\/5-10-1200x900.jpeg 1200w, https:\/\/municipalidadpucon.cl\/wp-content\/uploads\/2025\/09\/5-10-scaled.jpeg 1300w, https:\/\/municipalidadpucon.cl\/wp-content\/uploads\/2025\/09\/5-10-1536x1152.jpeg 1536w\" sizes=\"(max-width: 300px) 100vw, 300px\" \/> <img decoding=\"async\" class=\"alignnone size-medium wp-image-56405\" src=\"https:\/\/municipalidadpucon.cl\/wp-content\/uploads\/2025\/09\/6-11-300x225.jpeg\" alt=\"\" width=\"300\" height=\"225\" srcset=\"https:\/\/municipalidadpucon.cl\/wp-content\/uploads\/2025\/09\/6-11-200x150.jpeg 200w, https:\/\/municipalidadpucon.cl\/wp-content\/uploads\/2025\/09\/6-11-300x225.jpeg 300w, https:\/\/municipalidadpucon.cl\/wp-content\/uploads\/2025\/09\/6-11-400x300.jpeg 400w, https:\/\/municipalidadpucon.cl\/wp-content\/uploads\/2025\/09\/6-11-600x450.jpeg 600w, https:\/\/municipalidadpucon.cl\/wp-content\/uploads\/2025\/09\/6-11-768x576.jpeg 768w, https:\/\/municipalidadpucon.cl\/wp-content\/uploads\/2025\/09\/6-11-800x600.jpeg 800w, https:\/\/municipalidadpucon.cl\/wp-content\/uploads\/2025\/09\/6-11-1024x768.jpeg 1024w, https:\/\/municipalidadpucon.cl\/wp-content\/uploads\/2025\/09\/6-11-1200x900.jpeg 1200w, https:\/\/municipalidadpucon.cl\/wp-content\/uploads\/2025\/09\/6-11-scaled.jpeg 1300w, https:\/\/municipalidadpucon.cl\/wp-content\/uploads\/2025\/09\/6-11-1536x1152.jpeg 1536w\" sizes=\"(max-width: 300px) 100vw, 300px\" \/><\/p>\n<p><strong>IN\u00c9DITO APORTE<\/strong><\/p>\n<p>Finalmente, Gonzalo Gonz\u00e1lez, representante del SERVIU, aclar\u00f3 que \u00e9ste \u201ces el primer llamado en estas condiciones especiales para adultos mayores y personas con discapacidad, porque nunca hab\u00edamos tenido esta cantidad de subsidios en Puc\u00f3n y, adem\u00e1s, nunca hab\u00edamos tenido estas condiciones especiales\u201d. Por ejemplo, a los beneficiados \u201cse les liber\u00f3 del ahorro, son subsidios que si ellos no cambian de condici\u00f3n econ\u00f3mica pueden mantener toda la vida y las personas con discapacidad pueden postular solas, porque antes ten\u00eda que ser un familiar y una serie de otras medidas que van en b\u00fasqueda de reconocer la relevancia que tienen los adultos mayores para la sociedad\u201d, rubric\u00f3 el personero regional.<\/p>\n<audio class=\"wp-audio-shortcode\" id=\"audio-56396-5\" preload=\"none\" style=\"width: 100%;\" controls=\"controls\"><source type=\"audio\/mpeg\" src=\"https:\/\/municipalidadpucon.cl\/wp-content\/uploads\/2025\/09\/Gonzalo-Gonzalez-representante-Serviu-y-apoyo-inedito-a-la-comuna-.mp3?_=5\" \/><a href=\"https:\/\/municipalidadpucon.cl\/wp-content\/uploads\/2025\/09\/Gonzalo-Gonzalez-representante-Serviu-y-apoyo-inedito-a-la-comuna-.mp3\">https:\/\/municipalidadpucon.cl\/wp-content\/uploads\/2025\/09\/Gonzalo-Gonzalez-representante-Serviu-y-apoyo-inedito-a-la-comuna-.mp3<\/a><\/audio>\n","protected":false},"excerpt":{"rendered":"<p>Por gestiones del Municipio local y recursos del Ministerio de [&hellip;]<\/p>\n","protected":false},"author":10,"featured_media":56401,"comment_status":"closed","ping_status":"open","sticky":false,"template":"","format":"standard","meta":[],"categories":[3],"tags":[],"_links":{"self":[{"href":"https:\/\/municipalidadpucon.cl\/index.php?rest_route=\/wp\/v2\/posts\/56396"}],"collection":[{"href":"https:\/\/municipalidadpucon.cl\/index.php?rest_route=\/wp\/v2\/posts"}],"about":[{"href":"https:\/\/municipalidadpucon.cl\/index.php?rest_route=\/wp\/v2\/types\/post"}],"author":[{"embeddable":true,"href":"https:\/\/municipalidadpucon.cl\/index.php?rest_route=\/wp\/v2\/users\/10"}],"replies":[{"embeddable":true,"href":"https:\/\/municipalidadpucon.cl\/index.php?rest_route=%2Fwp%2Fv2%2Fcomments&post=56396"}],"version-history":[{"count":1,"href":"https:\/\/municipalidadpucon.cl\/index.php?rest_route=\/wp\/v2\/posts\/56396\/revisions"}],"predecessor-version":[{"id":56408,"href":"https:\/\/municipalidadpucon.cl\/index.php?rest_route=\/wp\/v2\/posts\/56396\/revisions\/56408"}],"wp:featuredmedia":[{"embeddable":true,"href":"https:\/\/municipalidadpucon.cl\/index.php?rest_route=\/wp\/v2\/media\/56401"}],"wp:attachment":[{"href":"https:\/\/municipalidadpucon.cl\/index.php?rest_route=%2Fwp%2Fv2%2Fmedia&parent=56396"}],"wp:term":[{"taxonomy":"category","embeddable":true,"href":"https:\/\/municipalidadpucon.cl\/index.php?rest_route=%2Fwp%2Fv2%2Fcategories&post=56396"},{"taxonomy":"post_tag","embeddable":true,"href":"https:\/\/municipalidadpucon.cl\/index.php?rest_route=%2Fwp%2Fv2%2Ftags&post=56396"}],"curies":[{"name":"wp","href":"https:\/\/api.w.org\/{rel}","templated":true}]}}