{"id":56410,"date":"2025-09-25T08:45:00","date_gmt":"2025-09-25T11:45:00","guid":{"rendered":"https:\/\/municipalidadpucon.cl\/?p=56410"},"modified":"2025-09-25T08:45:00","modified_gmt":"2025-09-25T11:45:00","slug":"municipalidad-gestiona-urgente-reunion-con-el-mop-para-mejorar-seguridad-vial","status":"publish","type":"post","link":"https:\/\/municipalidadpucon.cl\/?p=56410","title":{"rendered":"Municipalidad gestiona urgente reuni\u00f3n con el MOP para mejorar seguridad vial"},"content":{"rendered":"<p><em><strong>Administraci\u00f3n comunal se contact\u00f3 con el ministro del interior, \u00c1lvaro Elizalde, quien ofici\u00f3 al subsecretario del ramo para que la entidad regional respondiera urgentemente a las necesidades oficiadas hist\u00f3ricamente por la entidad edilicia lacustre.<\/strong><\/em><\/p>\n<div id=\"attachment_56411\" style=\"width: 310px\" class=\"wp-caption aligncenter\"><img aria-describedby=\"caption-attachment-56411\" decoding=\"async\" class=\"size-medium wp-image-56411\" src=\"https:\/\/municipalidadpucon.cl\/wp-content\/uploads\/2025\/09\/2-7-300x169.jpg\" alt=\"\" width=\"300\" height=\"169\" srcset=\"https:\/\/municipalidadpucon.cl\/wp-content\/uploads\/2025\/09\/2-7-200x113.jpg 200w, https:\/\/municipalidadpucon.cl\/wp-content\/uploads\/2025\/09\/2-7-300x169.jpg 300w, https:\/\/municipalidadpucon.cl\/wp-content\/uploads\/2025\/09\/2-7-400x225.jpg 400w, https:\/\/municipalidadpucon.cl\/wp-content\/uploads\/2025\/09\/2-7-600x338.jpg 600w, https:\/\/municipalidadpucon.cl\/wp-content\/uploads\/2025\/09\/2-7-768x432.jpg 768w, https:\/\/municipalidadpucon.cl\/wp-content\/uploads\/2025\/09\/2-7-800x450.jpg 800w, https:\/\/municipalidadpucon.cl\/wp-content\/uploads\/2025\/09\/2-7-1024x576.jpg 1024w, https:\/\/municipalidadpucon.cl\/wp-content\/uploads\/2025\/09\/2-7-1200x675.jpg 1200w, https:\/\/municipalidadpucon.cl\/wp-content\/uploads\/2025\/09\/2-7-scaled.jpg 1300w, https:\/\/municipalidadpucon.cl\/wp-content\/uploads\/2025\/09\/2-7-1536x864.jpg 1536w\" sizes=\"(max-width: 300px) 100vw, 300px\" \/><p id=\"caption-attachment-56411\" class=\"wp-caption-text\">default<\/p><\/div>\n<p>Este viernes, en dependencias de la Municipalidad de Puc\u00f3n, se realizar\u00e1 una reuni\u00f3n t\u00e9cnica entre personeros de Vialidad y la entidad edilicia, con el objetivo de analizar las numerosas urgencias viales que se viven en la comuna lacustre, las cuales, en numerosos oficios, ha evidenciado el Municipio y tambi\u00e9n los vecinos de esta zona, que no dejan de lamentar la muerte de Scarleth Delgado, debido a un terrible atropello en el sector Quelhue, ocurrido el pasado 18 de septiembre.<\/p>\n<p>Si bien la responsabilidad de ese tr\u00e1gico siniestro -que adem\u00e1s mantiene en estado de extrema gravedad al t\u00edo de la menor de 31 a\u00f1os- es de un conductor que manejaba su veh\u00edculo bajo los efectos del alcohol y droga, seg\u00fan as\u00ed lo inform\u00f3 Carabineros, este encuentro permitir\u00e1 encarar viejos anhelos de mejora en la principal v\u00eda que cruza Puc\u00f3n, como lo es la Ruta Internacional CH-199.<\/p>\n<p><strong>AGOTAMIENTO<\/strong><\/p>\n<p>\u201cEstamos cansados de la desidia y el abandono que ha tenido sobre las rutas de nuestra comuna de Puc\u00f3n y por eso sentimos que ya no fue a nivel regional\u201d, coment\u00f3 el alcalde de la comuna, Sebasti\u00e1n \u00c1lvarez. Ese agotamiento, tras numerosas gestiones realizadas previamente, se tradujo en una solicitud directa al ministro del interior, \u00c1lvaro Elizalde, quien ofici\u00f3 a la Subsecretar\u00eda de Obras P\u00fablicas, con el fin de que Vialidad de La Araucan\u00eda llegue a esta zona a detallar las acciones que se han hecho -o se har\u00e1n- en defensa de la seguridad vial.<\/p>\n<p>Sobre el encuentro de este viernes, \u201cvienen de distintas \u00e1reas de Vialidad. Nosotros estamos tambi\u00e9n trabajando en la planificaci\u00f3n de esa reuni\u00f3n, junto a algunos dirigentes y tambi\u00e9n familiares de la peque\u00f1a Scarleth\u201d, se\u00f1al\u00f3 Esteban Backit, asesor de la Oficina de Gesti\u00f3n del Riesgo de Desastres (GRD). \u201cEsperamos que esta reuni\u00f3n pueda tener como resultado una acci\u00f3n inmediata en nuestra comuna, sobre todo en esos siete puntos cr\u00edticos de los que ha hecho menci\u00f3n nuestro alcalde Sebasti\u00e1n \u00c1lvarez\u201d, recalc\u00f3 el personero.<\/p>\n<!--[if lt IE 9]><script>document.createElement('audio');<\/script><![endif]-->\n<audio class=\"wp-audio-shortcode\" id=\"audio-56410-1\" preload=\"none\" style=\"width: 100%;\" controls=\"controls\"><source type=\"audio\/mpeg\" src=\"https:\/\/municipalidadpucon.cl\/wp-content\/uploads\/2025\/09\/Esteban-Backit-asesor-de-GRD-Muni-de-Pucon-confirma-reunion-con-MOP-.mp3?_=1\" \/><a href=\"https:\/\/municipalidadpucon.cl\/wp-content\/uploads\/2025\/09\/Esteban-Backit-asesor-de-GRD-Muni-de-Pucon-confirma-reunion-con-MOP-.mp3\">https:\/\/municipalidadpucon.cl\/wp-content\/uploads\/2025\/09\/Esteban-Backit-asesor-de-GRD-Muni-de-Pucon-confirma-reunion-con-MOP-.mp3<\/a><\/audio>\n<p><img decoding=\"async\" class=\"alignnone size-medium wp-image-56413\" src=\"https:\/\/municipalidadpucon.cl\/wp-content\/uploads\/2025\/09\/3-17-300x225.jpeg\" alt=\"\" width=\"300\" height=\"225\" srcset=\"https:\/\/municipalidadpucon.cl\/wp-content\/uploads\/2025\/09\/3-17-200x150.jpeg 200w, https:\/\/municipalidadpucon.cl\/wp-content\/uploads\/2025\/09\/3-17-300x225.jpeg 300w, https:\/\/municipalidadpucon.cl\/wp-content\/uploads\/2025\/09\/3-17-400x300.jpeg 400w, https:\/\/municipalidadpucon.cl\/wp-content\/uploads\/2025\/09\/3-17-600x450.jpeg 600w, https:\/\/municipalidadpucon.cl\/wp-content\/uploads\/2025\/09\/3-17-768x576.jpeg 768w, https:\/\/municipalidadpucon.cl\/wp-content\/uploads\/2025\/09\/3-17-800x600.jpeg 800w, https:\/\/municipalidadpucon.cl\/wp-content\/uploads\/2025\/09\/3-17-1024x768.jpeg 1024w, https:\/\/municipalidadpucon.cl\/wp-content\/uploads\/2025\/09\/3-17-1200x900.jpeg 1200w, https:\/\/municipalidadpucon.cl\/wp-content\/uploads\/2025\/09\/3-17.jpeg 1280w\" sizes=\"(max-width: 300px) 100vw, 300px\" \/><\/p>\n<p><strong>ESTRUCTURA INSUFICIENTE<\/strong><\/p>\n<p>Entre otros puntos sensibles, en lo referente a la seguridad de las personas, se encuentran el Club de Huasos, el Cerd\u00fao -donde est\u00e1 el Colegio Puc\u00f3n- y los alrededores de la Escuela Palgu\u00edn y Raitrai College.<\/p>\n<audio class=\"wp-audio-shortcode\" id=\"audio-56410-2\" preload=\"none\" style=\"width: 100%;\" controls=\"controls\"><source type=\"audio\/mpeg\" src=\"https:\/\/municipalidadpucon.cl\/wp-content\/uploads\/2025\/09\/Esteban-Backit-explica-la-necesidad-de-trabajos-en-las-vias.mp3?_=2\" \/><a href=\"https:\/\/municipalidadpucon.cl\/wp-content\/uploads\/2025\/09\/Esteban-Backit-explica-la-necesidad-de-trabajos-en-las-vias.mp3\">https:\/\/municipalidadpucon.cl\/wp-content\/uploads\/2025\/09\/Esteban-Backit-explica-la-necesidad-de-trabajos-en-las-vias.mp3<\/a><\/audio>\n<p>\u201cTenemos una infraestructura vial de los a\u00f1os 80 para una comuna pensada de 10 mil habitantes que, al menos, ha triplicado ese n\u00famero, por lo tanto, necesitamos ayuda del Ministerio de Obras P\u00fablica a trav\u00e9s de su Direcci\u00f3n Regional de Vialidad y tambi\u00e9n de los equipos t\u00e9cnicos para que se puedan hacer presentes en nuestra comuna e intervenir lo que tengan que hacer y hacerse cargo tambi\u00e9n de la responsabilidad que les encomienda la ley\u201d, insisti\u00f3 Esteban Backit.<\/p>\n<p>En t\u00e9rminos concretos, en esta reuni\u00f3n t\u00e9cnica, se esperan coordinaciones de remarcaje de los pasos peatonales, iluminaci\u00f3n de estos, instalaci\u00f3n de otros nuevos, todo lo cual ya se hab\u00eda oficiado desde que asumiera la actual administraci\u00f3n municipal.<\/p>\n","protected":false},"excerpt":{"rendered":"<p>Administraci\u00f3n comunal se contact\u00f3 con el ministro del interior, \u00c1lvaro [&hellip;]<\/p>\n","protected":false},"author":10,"featured_media":56415,"comment_status":"closed","ping_status":"open","sticky":false,"template":"","format":"standard","meta":[],"categories":[98,3],"tags":[],"_links":{"self":[{"href":"https:\/\/municipalidadpucon.cl\/index.php?rest_route=\/wp\/v2\/posts\/56410"}],"collection":[{"href":"https:\/\/municipalidadpucon.cl\/index.php?rest_route=\/wp\/v2\/posts"}],"about":[{"href":"https:\/\/municipalidadpucon.cl\/index.php?rest_route=\/wp\/v2\/types\/post"}],"author":[{"embeddable":true,"href":"https:\/\/municipalidadpucon.cl\/index.php?rest_route=\/wp\/v2\/users\/10"}],"replies":[{"embeddable":true,"href":"https:\/\/municipalidadpucon.cl\/index.php?rest_route=%2Fwp%2Fv2%2Fcomments&post=56410"}],"version-history":[{"count":1,"href":"https:\/\/municipalidadpucon.cl\/index.php?rest_route=\/wp\/v2\/posts\/56410\/revisions"}],"predecessor-version":[{"id":56416,"href":"https:\/\/municipalidadpucon.cl\/index.php?rest_route=\/wp\/v2\/posts\/56410\/revisions\/56416"}],"wp:featuredmedia":[{"embeddable":true,"href":"https:\/\/municipalidadpucon.cl\/index.php?rest_route=\/wp\/v2\/media\/56415"}],"wp:attachment":[{"href":"https:\/\/municipalidadpucon.cl\/index.php?rest_route=%2Fwp%2Fv2%2Fmedia&parent=56410"}],"wp:term":[{"taxonomy":"category","embeddable":true,"href":"https:\/\/municipalidadpucon.cl\/index.php?rest_route=%2Fwp%2Fv2%2Fcategories&post=56410"},{"taxonomy":"post_tag","embeddable":true,"href":"https:\/\/municipalidadpucon.cl\/index.php?rest_route=%2Fwp%2Fv2%2Ftags&post=56410"}],"curies":[{"name":"wp","href":"https:\/\/api.w.org\/{rel}","templated":true}]}}