{"id":56417,"date":"2025-09-26T08:40:34","date_gmt":"2025-09-26T11:40:34","guid":{"rendered":"https:\/\/municipalidadpucon.cl\/?p=56417"},"modified":"2025-09-26T08:40:34","modified_gmt":"2025-09-26T11:40:34","slug":"el-dia-del-turismo-se-festeja-con-inedita-coordinacion-publico-privada","status":"publish","type":"post","link":"https:\/\/municipalidadpucon.cl\/?p=56417","title":{"rendered":"El D\u00eda del Turismo se festeja con in\u00e9dita coordinaci\u00f3n p\u00fablico-privada"},"content":{"rendered":"<p><em><strong>Este s\u00e1bado 27 de septiembre, el mundo productivo de la comuna lacustre expondr\u00e1 en la Plaza de Armas actividades l\u00fadicas y promocionales para turistas, visitantes y vecinos, mientras la zona ser\u00e1 representada en la Feria Internacional de Turismo, a realizarse en Buenos Aires, Argentina.<\/strong><\/em><\/p>\n<p>Un ambicioso Plan de Marketing Tur\u00edstico se ha venido desarrollando esta temporada 2025 en la comuna de Puc\u00f3n, gracias a la coordinaci\u00f3n lograda entre el mundo p\u00fablico y privado, con liderazgo de la Municipalidad local, lo que ha cristalizado en la conformaci\u00f3n de la Corporaci\u00f3n de Turismo, instancia que est\u00e1 plenamente vigente justo para este 27 de septiembre, que es el D\u00eda Internacional del Turismo.<\/p>\n<p>Para los festejos de esta efem\u00e9ride es que en Puc\u00f3n habr\u00e1 actividades p\u00fablicas y masivas en la Plaza de Armas de la comuna, a partir de las 10 de la ma\u00f1ana de este s\u00e1bado.<\/p>\n<p>\u201cNuestros empresarios van a poner a disposici\u00f3n todos sus conocimientos, herramientas y t\u00e9cnicas en temas de monta\u00f1a, snowboard, kayak y artesan\u00eda, desde las 10 de la ma\u00f1ana en la Plaza de Armas\u201d, indic\u00f3 la encargada de Turismo del Municipio puconino, Camila Silva, quien agreg\u00f3 que \u201cposterior a eso vamos a tener varios concursos y tambi\u00e9n un acto conmemorativo respecto a la importancia del turismo en nuestra comuna. As\u00ed que invitamos a todas las familias porque vamos a tener talleres\u201d.<\/p>\n<p><img decoding=\"async\" class=\"alignnone size-medium wp-image-56418\" src=\"https:\/\/municipalidadpucon.cl\/wp-content\/uploads\/2025\/09\/2-19-300x225.jpeg\" alt=\"\" width=\"300\" height=\"225\" srcset=\"https:\/\/municipalidadpucon.cl\/wp-content\/uploads\/2025\/09\/2-19-200x150.jpeg 200w, https:\/\/municipalidadpucon.cl\/wp-content\/uploads\/2025\/09\/2-19-300x225.jpeg 300w, https:\/\/municipalidadpucon.cl\/wp-content\/uploads\/2025\/09\/2-19-400x300.jpeg 400w, https:\/\/municipalidadpucon.cl\/wp-content\/uploads\/2025\/09\/2-19-600x450.jpeg 600w, https:\/\/municipalidadpucon.cl\/wp-content\/uploads\/2025\/09\/2-19-768x576.jpeg 768w, https:\/\/municipalidadpucon.cl\/wp-content\/uploads\/2025\/09\/2-19-800x600.jpeg 800w, https:\/\/municipalidadpucon.cl\/wp-content\/uploads\/2025\/09\/2-19-1024x768.jpeg 1024w, https:\/\/municipalidadpucon.cl\/wp-content\/uploads\/2025\/09\/2-19-1200x900.jpeg 1200w, https:\/\/municipalidadpucon.cl\/wp-content\/uploads\/2025\/09\/2-19.jpeg 1280w\" sizes=\"(max-width: 300px) 100vw, 300px\" \/><\/p>\n<p><strong>M\u00c1RKETING TUR\u00cdSTICO<\/strong><\/p>\n<p>Entre los principales hitos del Plan de Marketing Tur\u00edstico durante este a\u00f1o 2025 se anota la estrategia orientada \u201ca la diversificaci\u00f3n de mercados y la mitigaci\u00f3n de la estacionalidad. La focalizaci\u00f3n ha priorizado segmentos nacionales, especialmente en Santiago y Concepci\u00f3n, e internacionales, con \u00e9nfasis en Argentina y Brasil, adem\u00e1s de nichos estrat\u00e9gicos como el turismo MICE\u201d, coment\u00f3 la directora de Fomento y Turismo de la entidad edilicia, Carolina Ruiz.<\/p>\n<p>En ese mismo \u00e1mbito, representantes municipales y privados del turismo local han sido parte de la Feria WTM S\u00e3o Paulo (en abril pasado), donde se atendi\u00f3 a m\u00e1s de 400 visitantes profesionales y p\u00fablico final, concret\u00e1ndose all\u00ed 16 reuniones con agencias brasile\u00f1as, obteni\u00e9ndose un importante impacto en prensa y redes sociales, alcanzando a 6 mil 300 usuarios del mercado brasile\u00f1o.<\/p>\n<p>Camila Silva destac\u00f3 la coordinaci\u00f3n con los actores tur\u00edsticos privados, los que se han coordinado en una Mesa de Turismo, \u201cen donde estamos nosotros como Municipio, como Secretar\u00eda T\u00e9cnica y liderada por el alcalde Sebasti\u00e1n \u00c1lvarez, con la participaci\u00f3n de todos los gremios tur\u00edsticos de la comuna y de la academia colaborando en pro de los desaf\u00edos que tenemos como destino. Esto quiere decir que todas las estrategias que implementamos, siempre consideramos la opini\u00f3n de este espacio de representaci\u00f3n que es democr\u00e1tica, transparente y participativa\u201d, recalc\u00f3 la profesional.<\/p>\n<!--[if lt IE 9]><script>document.createElement('audio');<\/script><![endif]-->\n<audio class=\"wp-audio-shortcode\" id=\"audio-56417-1\" preload=\"none\" style=\"width: 100%;\" controls=\"controls\"><source type=\"audio\/mpeg\" src=\"https:\/\/municipalidadpucon.cl\/wp-content\/uploads\/2025\/09\/Camila-Silva-explica-el-aporte-de-los-privados-para-el-Dia-del-Turismo.mp3?_=1\" \/><a href=\"https:\/\/municipalidadpucon.cl\/wp-content\/uploads\/2025\/09\/Camila-Silva-explica-el-aporte-de-los-privados-para-el-Dia-del-Turismo.mp3\">https:\/\/municipalidadpucon.cl\/wp-content\/uploads\/2025\/09\/Camila-Silva-explica-el-aporte-de-los-privados-para-el-Dia-del-Turismo.mp3<\/a><\/audio>\n<p><img decoding=\"async\" class=\"alignnone size-medium wp-image-56419\" src=\"https:\/\/municipalidadpucon.cl\/wp-content\/uploads\/2025\/09\/3-18-300x200.jpeg\" alt=\"\" width=\"300\" height=\"200\" srcset=\"https:\/\/municipalidadpucon.cl\/wp-content\/uploads\/2025\/09\/3-18-200x134.jpeg 200w, https:\/\/municipalidadpucon.cl\/wp-content\/uploads\/2025\/09\/3-18-300x200.jpeg 300w, https:\/\/municipalidadpucon.cl\/wp-content\/uploads\/2025\/09\/3-18-400x267.jpeg 400w, https:\/\/municipalidadpucon.cl\/wp-content\/uploads\/2025\/09\/3-18-600x401.jpeg 600w, https:\/\/municipalidadpucon.cl\/wp-content\/uploads\/2025\/09\/3-18-768x513.jpeg 768w, https:\/\/municipalidadpucon.cl\/wp-content\/uploads\/2025\/09\/3-18-800x534.jpeg 800w, https:\/\/municipalidadpucon.cl\/wp-content\/uploads\/2025\/09\/3-18-1024x684.jpeg 1024w, https:\/\/municipalidadpucon.cl\/wp-content\/uploads\/2025\/09\/3-18-1200x801.jpeg 1200w, https:\/\/municipalidadpucon.cl\/wp-content\/uploads\/2025\/09\/3-18-scaled.jpeg 1300w, https:\/\/municipalidadpucon.cl\/wp-content\/uploads\/2025\/09\/3-18-1536x1025.jpeg 1536w\" sizes=\"(max-width: 300px) 100vw, 300px\" \/> <img decoding=\"async\" class=\"alignnone size-medium wp-image-56420\" src=\"https:\/\/municipalidadpucon.cl\/wp-content\/uploads\/2025\/09\/4-18-225x300.jpeg\" alt=\"\" width=\"225\" height=\"300\" srcset=\"https:\/\/municipalidadpucon.cl\/wp-content\/uploads\/2025\/09\/4-18-200x267.jpeg 200w, https:\/\/municipalidadpucon.cl\/wp-content\/uploads\/2025\/09\/4-18-225x300.jpeg 225w, https:\/\/municipalidadpucon.cl\/wp-content\/uploads\/2025\/09\/4-18-400x533.jpeg 400w, https:\/\/municipalidadpucon.cl\/wp-content\/uploads\/2025\/09\/4-18-600x800.jpeg 600w, https:\/\/municipalidadpucon.cl\/wp-content\/uploads\/2025\/09\/4-18-768x1024.jpeg 768w, https:\/\/municipalidadpucon.cl\/wp-content\/uploads\/2025\/09\/4-18-800x1067.jpeg 800w, https:\/\/municipalidadpucon.cl\/wp-content\/uploads\/2025\/09\/4-18.jpeg 960w\" sizes=\"(max-width: 225px) 100vw, 225px\" \/><\/p>\n<p><strong>TURISMO LOCAL E INTERNACIONAL \u00a0<\/strong><\/p>\n<p>Este trabajo conjunto tendr\u00e1 su expresi\u00f3n p\u00fablica en los festejos de este s\u00e1bado en el centro neur\u00e1lgico de Puc\u00f3n, donde \u201clos privados quieren fortalecer el nexo de lo que es el turismo con la comunidad, as\u00ed que se va a ofrecer a un curso de un colegio municipal algo as\u00ed como, un d\u00eda como turista\u201d, aport\u00f3 el presidente de la Corporaci\u00f3n de Turismo de Puc\u00f3n, Marcos Mu\u00f1oz.<\/p>\n<audio class=\"wp-audio-shortcode\" id=\"audio-56417-2\" preload=\"none\" style=\"width: 100%;\" controls=\"controls\"><source type=\"audio\/mpeg\" src=\"https:\/\/municipalidadpucon.cl\/wp-content\/uploads\/2025\/09\/Marcos-Munoz-Pdte.-Corporacion-de-Turismo-y-ultima-reunion-con-Municipio-.mp3?_=2\" \/><a href=\"https:\/\/municipalidadpucon.cl\/wp-content\/uploads\/2025\/09\/Marcos-Munoz-Pdte.-Corporacion-de-Turismo-y-ultima-reunion-con-Municipio-.mp3\">https:\/\/municipalidadpucon.cl\/wp-content\/uploads\/2025\/09\/Marcos-Munoz-Pdte.-Corporacion-de-Turismo-y-ultima-reunion-con-Municipio-.mp3<\/a><\/audio>\n<p>Entre las actividades para ese d\u00eda, \u201clos privados se han puesto con una cantidad importante de premios para ser sorteados a todos los que puedan asistir. Entonces podr\u00e1n, por ejemplo, encontrar entradas a las termas, subidas al volc\u00e1n, bajadas en rafting, almuerzos, y un sinf\u00edn de premios que se est\u00e1n dando para poner a disposici\u00f3n de lo que va a ser esa gran celebraci\u00f3n del D\u00eda del Turismo\u201d, agreg\u00f3 el dirigente.<\/p>\n<audio class=\"wp-audio-shortcode\" id=\"audio-56417-3\" preload=\"none\" style=\"width: 100%;\" controls=\"controls\"><source type=\"audio\/mpeg\" src=\"https:\/\/municipalidadpucon.cl\/wp-content\/uploads\/2025\/09\/Marcos-Munoz-premios-de-los-privados-para-el-Dia-del-Turismo-.mp3?_=3\" \/><a href=\"https:\/\/municipalidadpucon.cl\/wp-content\/uploads\/2025\/09\/Marcos-Munoz-premios-de-los-privados-para-el-Dia-del-Turismo-.mp3\">https:\/\/municipalidadpucon.cl\/wp-content\/uploads\/2025\/09\/Marcos-Munoz-premios-de-los-privados-para-el-Dia-del-Turismo-.mp3<\/a><\/audio>\n<p>Paralelamente a esta actividad local, el \u00e1rea tur\u00edstica de Puc\u00f3n est\u00e1 lista para ser parte de la Feria Internacional de Turismo (FIT) de Buenos Aires, Argentina, entre este 27 y el 30 de septiembre de 2025, la que re\u00fane a m\u00e1s de 135 mil visitantes, con el objetivo de reforzar el posicionamiento de Puc\u00f3n como destino imperdible en Chile, adem\u00e1s de consolidar v\u00ednculos con agencias y tour operadores latinoamericanos y, adem\u00e1s, gestionar cobertura en medios especializados.<\/p>\n<p>Adem\u00e1s, se anticipa la participaci\u00f3n en el Workshop Curitiba, en Brasil, con el fin de presentar la oferta m\u00e1s id\u00f3nea para ese mercado ante 30 tour operadores, destacando las experiencias vinculadas a la nieve y el bienestar, altamente demandadas por este p\u00fablico.<\/p>\n<p><img decoding=\"async\" class=\"alignnone size-medium wp-image-56424\" src=\"https:\/\/municipalidadpucon.cl\/wp-content\/uploads\/2025\/09\/5-3-300x199.jpg\" alt=\"\" width=\"300\" height=\"199\" srcset=\"https:\/\/municipalidadpucon.cl\/wp-content\/uploads\/2025\/09\/5-3-200x132.jpg 200w, https:\/\/municipalidadpucon.cl\/wp-content\/uploads\/2025\/09\/5-3-300x199.jpg 300w, https:\/\/municipalidadpucon.cl\/wp-content\/uploads\/2025\/09\/5-3-400x265.jpg 400w, https:\/\/municipalidadpucon.cl\/wp-content\/uploads\/2025\/09\/5-3-600x397.jpg 600w, https:\/\/municipalidadpucon.cl\/wp-content\/uploads\/2025\/09\/5-3-768x509.jpg 768w, https:\/\/municipalidadpucon.cl\/wp-content\/uploads\/2025\/09\/5-3-800x530.jpg 800w, https:\/\/municipalidadpucon.cl\/wp-content\/uploads\/2025\/09\/5-3-1024x678.jpg 1024w, https:\/\/municipalidadpucon.cl\/wp-content\/uploads\/2025\/09\/5-3-1200x795.jpg 1200w, https:\/\/municipalidadpucon.cl\/wp-content\/uploads\/2025\/09\/5-3-scaled.jpg 1300w, https:\/\/municipalidadpucon.cl\/wp-content\/uploads\/2025\/09\/5-3-1536x1017.jpg 1536w\" sizes=\"(max-width: 300px) 100vw, 300px\" \/><\/p>\n<p><strong>N\u00daMEROS Y ALCANCES<\/strong><\/p>\n<p>Este 2025 se concret\u00f3 en Santiago la campa\u00f1a \u201cPuc\u00f3n te espera\u201d, la que incluy\u00f3 activaciones en el Telef\u00e9rico y el Parque Farellones, con mil 706 atenciones directas, m\u00e1s de 500 mil visualizaciones digitales y un aumento de 3 mil 300 seguidores org\u00e1nicos en redes sociales.<\/p>\n<p>A ello se sum\u00f3, en julio pasado, un Fam Press de invierno que hizo part\u00edcipe a medios como CNN Chile, ADN y El Mostrador, la que gener\u00f3 informes -en horario prime- valorizadas en $10 millones con un fuerte alcance digital gracias al influencer Mito Gonz\u00e1lez, con m\u00e1s de 100 mil visualizaciones. Mientras, en agosto, se ejecut\u00f3 la campa\u00f1a \u201cMes de las Termas\u201d -en Concepci\u00f3n y Puc\u00f3n-, la que atendi\u00f3 a 559 personas, consiguiendo 150 mil visualizaciones digitales y cobertura en cinco medios regionales y nacionales.<\/p>\n<p>Por \u00faltimo, la organizaci\u00f3n de un Fam Tour, especializado en adultos mayores, reuni\u00f3 a 4 tour operadores, logrando 57 reuniones comerciales con 23 empresas locales, fortaleciendo la articulaci\u00f3n de la cadena de valor tur\u00edstico en la comuna, agreg\u00e1ndose a la promoci\u00f3n del turismo MICE, apoyando al Convention Bureau local con la meta de consolidar como destino a la siempre tur\u00edstica comuna de Puc\u00f3n.<\/p>\n","protected":false},"excerpt":{"rendered":"<p>Este s\u00e1bado 27 de septiembre, el mundo productivo de la [&hellip;]<\/p>\n","protected":false},"author":10,"featured_media":56425,"comment_status":"closed","ping_status":"open","sticky":false,"template":"","format":"standard","meta":[],"categories":[98,3],"tags":[],"_links":{"self":[{"href":"https:\/\/municipalidadpucon.cl\/index.php?rest_route=\/wp\/v2\/posts\/56417"}],"collection":[{"href":"https:\/\/municipalidadpucon.cl\/index.php?rest_route=\/wp\/v2\/posts"}],"about":[{"href":"https:\/\/municipalidadpucon.cl\/index.php?rest_route=\/wp\/v2\/types\/post"}],"author":[{"embeddable":true,"href":"https:\/\/municipalidadpucon.cl\/index.php?rest_route=\/wp\/v2\/users\/10"}],"replies":[{"embeddable":true,"href":"https:\/\/municipalidadpucon.cl\/index.php?rest_route=%2Fwp%2Fv2%2Fcomments&post=56417"}],"version-history":[{"count":1,"href":"https:\/\/municipalidadpucon.cl\/index.php?rest_route=\/wp\/v2\/posts\/56417\/revisions"}],"predecessor-version":[{"id":56426,"href":"https:\/\/municipalidadpucon.cl\/index.php?rest_route=\/wp\/v2\/posts\/56417\/revisions\/56426"}],"wp:featuredmedia":[{"embeddable":true,"href":"https:\/\/municipalidadpucon.cl\/index.php?rest_route=\/wp\/v2\/media\/56425"}],"wp:attachment":[{"href":"https:\/\/municipalidadpucon.cl\/index.php?rest_route=%2Fwp%2Fv2%2Fmedia&parent=56417"}],"wp:term":[{"taxonomy":"category","embeddable":true,"href":"https:\/\/municipalidadpucon.cl\/index.php?rest_route=%2Fwp%2Fv2%2Fcategories&post=56417"},{"taxonomy":"post_tag","embeddable":true,"href":"https:\/\/municipalidadpucon.cl\/index.php?rest_route=%2Fwp%2Fv2%2Ftags&post=56417"}],"curies":[{"name":"wp","href":"https:\/\/api.w.org\/{rel}","templated":true}]}}