{"id":56458,"date":"2025-09-29T11:35:26","date_gmt":"2025-09-29T14:35:26","guid":{"rendered":"https:\/\/municipalidadpucon.cl\/?p=56458"},"modified":"2025-09-29T11:35:26","modified_gmt":"2025-09-29T14:35:26","slug":"chao-cables-en-pucon-ya-son-27-kilometros-retirados-y-se-adelanta-soterramiento-definitivo","status":"publish","type":"post","link":"https:\/\/municipalidadpucon.cl\/?p=56458","title":{"rendered":"\u201cChao Cables\u201d: En Puc\u00f3n ya son 27 kil\u00f3metros retirados y se adelanta soterramiento definitivo"},"content":{"rendered":"<p><em><strong>Administraci\u00f3n municipal de la comuna ha venido trabajando intensamente desde el mes de marzo con empresas y el Ministerio de Transportes y Telecomunicaciones con el fin de ponerle fin a la \u201cbasura a\u00e9rea\u201d.<\/strong><\/em><\/p>\n<p><img decoding=\"async\" class=\"size-medium wp-image-56459 aligncenter\" src=\"https:\/\/municipalidadpucon.cl\/wp-content\/uploads\/2025\/09\/2-9-300x169.jpg\" alt=\"\" width=\"300\" height=\"169\" srcset=\"https:\/\/municipalidadpucon.cl\/wp-content\/uploads\/2025\/09\/2-9-200x113.jpg 200w, https:\/\/municipalidadpucon.cl\/wp-content\/uploads\/2025\/09\/2-9-300x169.jpg 300w, https:\/\/municipalidadpucon.cl\/wp-content\/uploads\/2025\/09\/2-9-400x225.jpg 400w, https:\/\/municipalidadpucon.cl\/wp-content\/uploads\/2025\/09\/2-9-600x338.jpg 600w, https:\/\/municipalidadpucon.cl\/wp-content\/uploads\/2025\/09\/2-9-768x432.jpg 768w, https:\/\/municipalidadpucon.cl\/wp-content\/uploads\/2025\/09\/2-9-800x450.jpg 800w, https:\/\/municipalidadpucon.cl\/wp-content\/uploads\/2025\/09\/2-9-1024x576.jpg 1024w, https:\/\/municipalidadpucon.cl\/wp-content\/uploads\/2025\/09\/2-9-1200x675.jpg 1200w, https:\/\/municipalidadpucon.cl\/wp-content\/uploads\/2025\/09\/2-9-scaled.jpg 1300w, https:\/\/municipalidadpucon.cl\/wp-content\/uploads\/2025\/09\/2-9-1536x864.jpg 1536w\" sizes=\"(max-width: 300px) 100vw, 300px\" \/><\/p>\n<p>La Municipalidad de Puc\u00f3n se ha transformado en una de las pocas, en el pa\u00eds y en particular de la Regi\u00f3n de La Araucan\u00eda, que m\u00e1s ha avanzado en la concreci\u00f3n de la recientemente entrada en vigor de la denominada Ley \u201cChao Cables\u201d, la que desde el pasado 23 de septiembre obliga a las empresas de telecomunicaciones a identificar, ordenar y retirar el cableado en desuso, considerada como \u201cbasura a\u00e9rea\u201d.<\/p>\n<p>Bas\u00e1ndose en la Ley 21.172 de 2019 y el Decreto 176 del Diario Oficial, que establece su reglamento, el Municipio de Puc\u00f3n indic\u00f3 que, hasta la fecha, se han retirado 27 kil\u00f3metros de cable, gracias a la coordinaci\u00f3n con las empresas de cable de la comuna.<\/p>\n<p><strong>27 MIL METROS<\/strong><\/p>\n<p>\u201cA la fecha ya se han retirado m\u00e1s de 27 mil metros de cable en las calles que nosotros definimos como prioritarias\u201d, coment\u00f3 el director de la Secretar\u00eda de Planificaci\u00f3n Comunal (Secplac) de la Municipalidad de Puc\u00f3n, Alexis Figueroa, quien detall\u00f3 que \u201chay algunas empresas que tienen m\u00e1s presencia que otras, pero mantenemos una coordinaci\u00f3n constante con ellos porque hoy d\u00eda la contaminaci\u00f3n visual que afecta a nuestra comuna es evidente\u201d.<\/p>\n<!--[if lt IE 9]><script>document.createElement('audio');<\/script><![endif]-->\n<audio class=\"wp-audio-shortcode\" id=\"audio-56458-1\" preload=\"none\" style=\"width: 100%;\" controls=\"controls\"><source type=\"audio\/mpeg\" src=\"https:\/\/municipalidadpucon.cl\/wp-content\/uploads\/2025\/09\/Alexis-Figueroa-Secplac-Muni-Pucon-auspiciosos-trabajos-.mp3?_=1\" \/><a href=\"https:\/\/municipalidadpucon.cl\/wp-content\/uploads\/2025\/09\/Alexis-Figueroa-Secplac-Muni-Pucon-auspiciosos-trabajos-.mp3\">https:\/\/municipalidadpucon.cl\/wp-content\/uploads\/2025\/09\/Alexis-Figueroa-Secplac-Muni-Pucon-auspiciosos-trabajos-.mp3<\/a><\/audio>\n<p><img decoding=\"async\" class=\"alignnone size-medium wp-image-56461\" src=\"https:\/\/municipalidadpucon.cl\/wp-content\/uploads\/2025\/09\/3-6-300x169.jpg\" alt=\"\" width=\"300\" height=\"169\" srcset=\"https:\/\/municipalidadpucon.cl\/wp-content\/uploads\/2025\/09\/3-6-200x113.jpg 200w, https:\/\/municipalidadpucon.cl\/wp-content\/uploads\/2025\/09\/3-6-300x169.jpg 300w, https:\/\/municipalidadpucon.cl\/wp-content\/uploads\/2025\/09\/3-6-400x225.jpg 400w, https:\/\/municipalidadpucon.cl\/wp-content\/uploads\/2025\/09\/3-6-600x338.jpg 600w, https:\/\/municipalidadpucon.cl\/wp-content\/uploads\/2025\/09\/3-6-768x432.jpg 768w, https:\/\/municipalidadpucon.cl\/wp-content\/uploads\/2025\/09\/3-6-800x450.jpg 800w, https:\/\/municipalidadpucon.cl\/wp-content\/uploads\/2025\/09\/3-6-1024x576.jpg 1024w, https:\/\/municipalidadpucon.cl\/wp-content\/uploads\/2025\/09\/3-6-1200x675.jpg 1200w, https:\/\/municipalidadpucon.cl\/wp-content\/uploads\/2025\/09\/3-6-scaled.jpg 1300w, https:\/\/municipalidadpucon.cl\/wp-content\/uploads\/2025\/09\/3-6-1536x864.jpg 1536w\" sizes=\"(max-width: 300px) 100vw, 300px\" \/><\/p>\n<p>Al respecto, el alcalde de la comuna, Sebasti\u00e1n \u00c1lvarez, confirm\u00f3 que \u201chemos venido trabajando en una mesa conjunta, precisamente, en la parte est\u00e9tica que es el hermosamiento de la ciudad, con lo que es la reducci\u00f3n de los cables en desuso en la comuna\u201d.<\/p>\n<audio class=\"wp-audio-shortcode\" id=\"audio-56458-2\" preload=\"none\" style=\"width: 100%;\" controls=\"controls\"><source type=\"audio\/mpeg\" src=\"https:\/\/municipalidadpucon.cl\/wp-content\/uploads\/2025\/09\/Alcalde-Sebastian-Alvarez-vlora-la-labor-conjunta-y-proximo-soterramiento-.mp3?_=2\" \/><a href=\"https:\/\/municipalidadpucon.cl\/wp-content\/uploads\/2025\/09\/Alcalde-Sebastian-Alvarez-vlora-la-labor-conjunta-y-proximo-soterramiento-.mp3\">https:\/\/municipalidadpucon.cl\/wp-content\/uploads\/2025\/09\/Alcalde-Sebastian-Alvarez-vlora-la-labor-conjunta-y-proximo-soterramiento-.mp3<\/a><\/audio>\n<p>El jefe comunal valor\u00f3 que la anticipada iniciativa en la zona lacustre \u201cnos lleva a seguir este trabajo, que es un trabajo conjunto que se tiene que seguir en el tiempo para que podamos, ojal\u00e1 alg\u00fan d\u00eda, poder tener distintos sectores de nuestra comuna con cable soterrado. Sabemos que tiene un costo gigante, pero el compromiso conjunto sabemos que podemos avanzar en este objetivo\u201d.<\/p>\n<p><strong>SOTERRAMIENTO DEFINITIVO<\/strong><\/p>\n<p>Al respecto, el Secplac municipal puconino ratific\u00f3 que \u201cnuestro objetivo es que no haya cables a\u00e9reos. Partimos de esa base por ser una comuna tur\u00edstica que, la verdad, su mayor valor es paisaj\u00edstico. Obviamente, el objetivo es -en el largo plazo- poder soterrar todo esto, pero a la fecha mientras m\u00e1s podamos ir retirando, mucho mejor\u201d.<\/p>\n<audio class=\"wp-audio-shortcode\" id=\"audio-56458-3\" preload=\"none\" style=\"width: 100%;\" controls=\"controls\"><source type=\"audio\/mpeg\" src=\"https:\/\/municipalidadpucon.cl\/wp-content\/uploads\/2025\/09\/Alexis-Figueroa-Secplac-y-objetivos-autoimpuestos-por-la-administracion.mp3?_=3\" \/><a href=\"https:\/\/municipalidadpucon.cl\/wp-content\/uploads\/2025\/09\/Alexis-Figueroa-Secplac-y-objetivos-autoimpuestos-por-la-administracion.mp3\">https:\/\/municipalidadpucon.cl\/wp-content\/uploads\/2025\/09\/Alexis-Figueroa-Secplac-y-objetivos-autoimpuestos-por-la-administracion.mp3<\/a><\/audio>\n<p>Los trabajos, hasta ahora, se han priorizado en la m\u00e1s c\u00e9ntrica y concurrida arteria de la ciudad; esto es, en Avenida O\u2019Higgins, para luego ampliarse en otras secundarias y sectores vecinales, con la meta \u00faltima de ampliar lo que se puede ver, por ejemplo, en el grupo habitacional Los Robles, proyecto habitacional que -en el sector oriente de la comuna- se proyect\u00f3 y se concret\u00f3 sin cables a\u00e9reos, sino s\u00f3lo soterrados.<\/p>\n<p><strong>DUPLICAR O TRIPLICAR<\/strong><\/p>\n<p>Sobre el exitoso retiro de cables, que superan los 27 kil\u00f3metros, Alexis Figueroa agreg\u00f3 que \u201cesto tambi\u00e9n depende del seguimiento que nosotros hagamos como Municipio, porque esto es prioritario por el valor paisaj\u00edstico que tenemos en Puc\u00f3n, as\u00ed que vamos a seguir avanzando con las mesas de trabajo a fin de aumentar el retiro de cables y que este n\u00famero que yo les menciono ojal\u00e1 sea el doble o el triple en los pr\u00f3ximos meses\u201d.<\/p>\n","protected":false},"excerpt":{"rendered":"<p>Administraci\u00f3n municipal de la comuna ha venido trabajando intensamente desde [&hellip;]<\/p>\n","protected":false},"author":10,"featured_media":56464,"comment_status":"closed","ping_status":"open","sticky":false,"template":"","format":"standard","meta":[],"categories":[98,3],"tags":[],"_links":{"self":[{"href":"https:\/\/municipalidadpucon.cl\/index.php?rest_route=\/wp\/v2\/posts\/56458"}],"collection":[{"href":"https:\/\/municipalidadpucon.cl\/index.php?rest_route=\/wp\/v2\/posts"}],"about":[{"href":"https:\/\/municipalidadpucon.cl\/index.php?rest_route=\/wp\/v2\/types\/post"}],"author":[{"embeddable":true,"href":"https:\/\/municipalidadpucon.cl\/index.php?rest_route=\/wp\/v2\/users\/10"}],"replies":[{"embeddable":true,"href":"https:\/\/municipalidadpucon.cl\/index.php?rest_route=%2Fwp%2Fv2%2Fcomments&post=56458"}],"version-history":[{"count":1,"href":"https:\/\/municipalidadpucon.cl\/index.php?rest_route=\/wp\/v2\/posts\/56458\/revisions"}],"predecessor-version":[{"id":56465,"href":"https:\/\/municipalidadpucon.cl\/index.php?rest_route=\/wp\/v2\/posts\/56458\/revisions\/56465"}],"wp:featuredmedia":[{"embeddable":true,"href":"https:\/\/municipalidadpucon.cl\/index.php?rest_route=\/wp\/v2\/media\/56464"}],"wp:attachment":[{"href":"https:\/\/municipalidadpucon.cl\/index.php?rest_route=%2Fwp%2Fv2%2Fmedia&parent=56458"}],"wp:term":[{"taxonomy":"category","embeddable":true,"href":"https:\/\/municipalidadpucon.cl\/index.php?rest_route=%2Fwp%2Fv2%2Fcategories&post=56458"},{"taxonomy":"post_tag","embeddable":true,"href":"https:\/\/municipalidadpucon.cl\/index.php?rest_route=%2Fwp%2Fv2%2Ftags&post=56458"}],"curies":[{"name":"wp","href":"https:\/\/api.w.org\/{rel}","templated":true}]}}