{"id":56469,"date":"2025-09-30T08:50:10","date_gmt":"2025-09-30T11:50:10","guid":{"rendered":"https:\/\/municipalidadpucon.cl\/?p=56469"},"modified":"2025-09-30T08:50:10","modified_gmt":"2025-09-30T11:50:10","slug":"en-medio-del-dia-mundial-del-turismo-pucon-lanzo-inedito-octubre-mes-del-turismo-aventura","status":"publish","type":"post","link":"https:\/\/municipalidadpucon.cl\/?p=56469","title":{"rendered":"En medio del D\u00eda Mundial del Turismo Puc\u00f3n lanz\u00f3 in\u00e9dito: \u201cOctubre, Mes del Turismo Aventura\u201d"},"content":{"rendered":"<p><em><strong>Puc\u00f3n Fest se realiz\u00f3 el reciente fin de semana en la Plaza de Armas, hasta donde m\u00e1s de un centenar de asistentes, incluido el alcalde de la comuna lacustre Sebasti\u00e1n \u00c1lvarez, participaron de diferentes talleres, gracias a la organizaci\u00f3n del Municipio local, a trav\u00e9s del Departamento de Turismo.<\/strong><\/em><\/p>\n<p><img decoding=\"async\" class=\"size-medium wp-image-56470 aligncenter\" src=\"https:\/\/municipalidadpucon.cl\/wp-content\/uploads\/2025\/09\/2-21-300x225.jpeg\" alt=\"\" width=\"300\" height=\"225\" srcset=\"https:\/\/municipalidadpucon.cl\/wp-content\/uploads\/2025\/09\/2-21-200x150.jpeg 200w, https:\/\/municipalidadpucon.cl\/wp-content\/uploads\/2025\/09\/2-21-300x225.jpeg 300w, https:\/\/municipalidadpucon.cl\/wp-content\/uploads\/2025\/09\/2-21-400x300.jpeg 400w, https:\/\/municipalidadpucon.cl\/wp-content\/uploads\/2025\/09\/2-21-600x450.jpeg 600w, https:\/\/municipalidadpucon.cl\/wp-content\/uploads\/2025\/09\/2-21-768x576.jpeg 768w, https:\/\/municipalidadpucon.cl\/wp-content\/uploads\/2025\/09\/2-21-800x600.jpeg 800w, https:\/\/municipalidadpucon.cl\/wp-content\/uploads\/2025\/09\/2-21-1024x768.jpeg 1024w, https:\/\/municipalidadpucon.cl\/wp-content\/uploads\/2025\/09\/2-21-1200x900.jpeg 1200w, https:\/\/municipalidadpucon.cl\/wp-content\/uploads\/2025\/09\/2-21.jpeg 1280w\" sizes=\"(max-width: 300px) 100vw, 300px\" \/><\/p>\n<p>Destacando la Gobernanza Tur\u00edstica vigente a nivel comunal, con una valorada coordinaci\u00f3n p\u00fablico-privada, y el lanzamiento in\u00e9dito de la iniciativa: \u201cOctubre, Mes del Turismo Aventura\u201d, se festej\u00f3 en Puc\u00f3n, el \u00faltimo fin de semana, el D\u00eda Mundial del Turismo, evento que se desarroll\u00f3 en la Plaza de Armas con masivos talleres gratuitos de diversas actividades vinculadas, como snowboard, artesan\u00eda en madera, historia de la zona lacustre, monta\u00f1ismo; adem\u00e1s de pesca deportiva.<\/p>\n<p>Fue el mismo s\u00e1bado 27 de septiembre, del reconocimiento internacional del quehacer tur\u00edstico, que la Municipalidad de Puc\u00f3n -a trav\u00e9s de su Departamento de Turismo- organiz\u00f3 este encuentro, gracias a la coordinaci\u00f3n entre el Municipio y los operadores tur\u00edsticos.<\/p>\n<p><strong>BUENA ASISTENCIA<\/strong><\/p>\n<p>\u201cSin duda que fue muy interesante la asistencia que tuvimos, a pesar del poco de lluvia que tuvimos, la convocatoria fue muy buena, as\u00ed es que felicitar a los equipos municipales\u201d, coment\u00f3 el concejal, Claudio Cortez, tambi\u00e9n vicepresidente de la Comisi\u00f3n de Turismo, quien represent\u00f3 a la entidad edilicia, junto al edil Julio Inzunza y el alcalde de la comuna, Sebasti\u00e1n \u00c1lvarez, quien incluso se dio tiempo para ser parte del taller pr\u00e1ctico de artesan\u00eda en madera.<\/p>\n<!--[if lt IE 9]><script>document.createElement('audio');<\/script><![endif]-->\n<audio class=\"wp-audio-shortcode\" id=\"audio-56469-1\" preload=\"none\" style=\"width: 100%;\" controls=\"controls\"><source type=\"audio\/mpeg\" src=\"https:\/\/municipalidadpucon.cl\/wp-content\/uploads\/2025\/09\/Claudio-Cortez-concejal-y-vicepdte-Comision-de-Turismo-.mp3?_=1\" \/><a href=\"https:\/\/municipalidadpucon.cl\/wp-content\/uploads\/2025\/09\/Claudio-Cortez-concejal-y-vicepdte-Comision-de-Turismo-.mp3\">https:\/\/municipalidadpucon.cl\/wp-content\/uploads\/2025\/09\/Claudio-Cortez-concejal-y-vicepdte-Comision-de-Turismo-.mp3<\/a><\/audio>\n<p>\u201cEstoy feliz, porque a la gente le gust\u00f3 mucho, disfrutaron del tallado, se llevan una experiencia \u00fanica a su casa, incluyendo a nuestra primera autoridad. \u00c9l fue un buen alumno, no quer\u00eda hacerlo al principio, pero lo hizo y le result\u00f3 bien, entonces se lleva una experiencia \u00fanica\u201d, destac\u00f3 el masivo y productivo encuentro con el mundo tur\u00edstico comunal, Juan Carlos Palma, presidente de la Agrupaci\u00f3n de Artesanos Rukapulli, quien reconoci\u00f3 que en esta feria \u201cvamos a implementar estos talleres de tallado de artesan\u00eda e invitar al p\u00fablico a participar en nuestro territorio\u201d.<\/p>\n<audio class=\"wp-audio-shortcode\" id=\"audio-56469-2\" preload=\"none\" style=\"width: 100%;\" controls=\"controls\"><source type=\"audio\/mpeg\" src=\"https:\/\/municipalidadpucon.cl\/wp-content\/uploads\/2025\/09\/Juan-C.Palma-Pdte-Agrupacion-de-Artesanos-Rukapulli-feliz-.mp3?_=2\" \/><a href=\"https:\/\/municipalidadpucon.cl\/wp-content\/uploads\/2025\/09\/Juan-C.Palma-Pdte-Agrupacion-de-Artesanos-Rukapulli-feliz-.mp3\">https:\/\/municipalidadpucon.cl\/wp-content\/uploads\/2025\/09\/Juan-C.Palma-Pdte-Agrupacion-de-Artesanos-Rukapulli-feliz-.mp3<\/a><\/audio>\n<p><img decoding=\"async\" class=\"alignnone size-medium wp-image-56473\" src=\"https:\/\/municipalidadpucon.cl\/wp-content\/uploads\/2025\/09\/6-12-300x200.jpeg\" alt=\"\" width=\"300\" height=\"200\" srcset=\"https:\/\/municipalidadpucon.cl\/wp-content\/uploads\/2025\/09\/6-12-200x133.jpeg 200w, https:\/\/municipalidadpucon.cl\/wp-content\/uploads\/2025\/09\/6-12-300x200.jpeg 300w, https:\/\/municipalidadpucon.cl\/wp-content\/uploads\/2025\/09\/6-12-400x266.jpeg 400w, https:\/\/municipalidadpucon.cl\/wp-content\/uploads\/2025\/09\/6-12-600x399.jpeg 600w, https:\/\/municipalidadpucon.cl\/wp-content\/uploads\/2025\/09\/6-12-768x511.jpeg 768w, https:\/\/municipalidadpucon.cl\/wp-content\/uploads\/2025\/09\/6-12-800x532.jpeg 800w, https:\/\/municipalidadpucon.cl\/wp-content\/uploads\/2025\/09\/6-12-1024x681.jpeg 1024w, https:\/\/municipalidadpucon.cl\/wp-content\/uploads\/2025\/09\/6-12-1200x798.jpeg 1200w, https:\/\/municipalidadpucon.cl\/wp-content\/uploads\/2025\/09\/6-12-scaled.jpeg 1300w, https:\/\/municipalidadpucon.cl\/wp-content\/uploads\/2025\/09\/6-12-1536x1022.jpeg 1536w\" sizes=\"(max-width: 300px) 100vw, 300px\" \/> <img decoding=\"async\" class=\"alignnone size-medium wp-image-56474\" src=\"https:\/\/municipalidadpucon.cl\/wp-content\/uploads\/2025\/09\/WhatsApp-Image-2025-09-29-at-10.42.51-1-300x225.jpeg\" alt=\"\" width=\"300\" height=\"225\" srcset=\"https:\/\/municipalidadpucon.cl\/wp-content\/uploads\/2025\/09\/WhatsApp-Image-2025-09-29-at-10.42.51-1-200x150.jpeg 200w, https:\/\/municipalidadpucon.cl\/wp-content\/uploads\/2025\/09\/WhatsApp-Image-2025-09-29-at-10.42.51-1-300x225.jpeg 300w, https:\/\/municipalidadpucon.cl\/wp-content\/uploads\/2025\/09\/WhatsApp-Image-2025-09-29-at-10.42.51-1-400x300.jpeg 400w, https:\/\/municipalidadpucon.cl\/wp-content\/uploads\/2025\/09\/WhatsApp-Image-2025-09-29-at-10.42.51-1-600x450.jpeg 600w, https:\/\/municipalidadpucon.cl\/wp-content\/uploads\/2025\/09\/WhatsApp-Image-2025-09-29-at-10.42.51-1-768x576.jpeg 768w, https:\/\/municipalidadpucon.cl\/wp-content\/uploads\/2025\/09\/WhatsApp-Image-2025-09-29-at-10.42.51-1-800x600.jpeg 800w, https:\/\/municipalidadpucon.cl\/wp-content\/uploads\/2025\/09\/WhatsApp-Image-2025-09-29-at-10.42.51-1-1024x768.jpeg 1024w, https:\/\/municipalidadpucon.cl\/wp-content\/uploads\/2025\/09\/WhatsApp-Image-2025-09-29-at-10.42.51-1-1200x900.jpeg 1200w, https:\/\/municipalidadpucon.cl\/wp-content\/uploads\/2025\/09\/WhatsApp-Image-2025-09-29-at-10.42.51-1.jpeg 1280w\" sizes=\"(max-width: 300px) 100vw, 300px\" \/><\/p>\n<p><strong>PARTICIPANTES<\/strong><\/p>\n<p>\u201cHa sido una actividad tremenda, donde se est\u00e1 impulsando el tema de las actividades del turismo o la Historia de Puc\u00f3n, estuve un ratito ah\u00ed, ya que hab\u00eda cosas que no conoc\u00edamos. Estuvimos jugando tambi\u00e9 as\u00ed que estuvo genial. Estamos aprendiendo cosas que ni los mismos puconinos a lo mejor sabemos\u201d, destac\u00f3 Francisco Droguett, asistente al tambi\u00e9n denominado \u201cPuc\u00f3n Fest\u201d.<\/p>\n<audio class=\"wp-audio-shortcode\" id=\"audio-56469-3\" preload=\"none\" style=\"width: 100%;\" controls=\"controls\"><source type=\"audio\/mpeg\" src=\"https:\/\/municipalidadpucon.cl\/wp-content\/uploads\/2025\/09\/Francisco-Droguett-puconino-valoro-las-instancias-de-aprendizaje-turistico-.mp3?_=3\" \/><a href=\"https:\/\/municipalidadpucon.cl\/wp-content\/uploads\/2025\/09\/Francisco-Droguett-puconino-valoro-las-instancias-de-aprendizaje-turistico-.mp3\">https:\/\/municipalidadpucon.cl\/wp-content\/uploads\/2025\/09\/Francisco-Droguett-puconino-valoro-las-instancias-de-aprendizaje-turistico-.mp3<\/a><\/audio>\n<p><img decoding=\"async\" class=\"alignnone size-medium wp-image-56476\" src=\"https:\/\/municipalidadpucon.cl\/wp-content\/uploads\/2025\/09\/3-20-300x225.jpeg\" alt=\"\" width=\"300\" height=\"225\" srcset=\"https:\/\/municipalidadpucon.cl\/wp-content\/uploads\/2025\/09\/3-20-200x150.jpeg 200w, https:\/\/municipalidadpucon.cl\/wp-content\/uploads\/2025\/09\/3-20-300x225.jpeg 300w, https:\/\/municipalidadpucon.cl\/wp-content\/uploads\/2025\/09\/3-20-400x300.jpeg 400w, https:\/\/municipalidadpucon.cl\/wp-content\/uploads\/2025\/09\/3-20-600x450.jpeg 600w, https:\/\/municipalidadpucon.cl\/wp-content\/uploads\/2025\/09\/3-20-768x576.jpeg 768w, https:\/\/municipalidadpucon.cl\/wp-content\/uploads\/2025\/09\/3-20-800x600.jpeg 800w, https:\/\/municipalidadpucon.cl\/wp-content\/uploads\/2025\/09\/3-20-1024x768.jpeg 1024w, https:\/\/municipalidadpucon.cl\/wp-content\/uploads\/2025\/09\/3-20-1200x900.jpeg 1200w, https:\/\/municipalidadpucon.cl\/wp-content\/uploads\/2025\/09\/3-20.jpeg 1280w\" sizes=\"(max-width: 300px) 100vw, 300px\" \/> <img decoding=\"async\" class=\"alignnone size-medium wp-image-56477\" src=\"https:\/\/municipalidadpucon.cl\/wp-content\/uploads\/2025\/09\/4-19-300x200.jpeg\" alt=\"\" width=\"300\" height=\"200\" srcset=\"https:\/\/municipalidadpucon.cl\/wp-content\/uploads\/2025\/09\/4-19-200x133.jpeg 200w, https:\/\/municipalidadpucon.cl\/wp-content\/uploads\/2025\/09\/4-19-300x200.jpeg 300w, https:\/\/municipalidadpucon.cl\/wp-content\/uploads\/2025\/09\/4-19-400x266.jpeg 400w, https:\/\/municipalidadpucon.cl\/wp-content\/uploads\/2025\/09\/4-19-600x399.jpeg 600w, https:\/\/municipalidadpucon.cl\/wp-content\/uploads\/2025\/09\/4-19-768x511.jpeg 768w, https:\/\/municipalidadpucon.cl\/wp-content\/uploads\/2025\/09\/4-19-800x532.jpeg 800w, https:\/\/municipalidadpucon.cl\/wp-content\/uploads\/2025\/09\/4-19-1024x681.jpeg 1024w, https:\/\/municipalidadpucon.cl\/wp-content\/uploads\/2025\/09\/4-19-1200x798.jpeg 1200w, https:\/\/municipalidadpucon.cl\/wp-content\/uploads\/2025\/09\/4-19-scaled.jpeg 1300w, https:\/\/municipalidadpucon.cl\/wp-content\/uploads\/2025\/09\/4-19-1536x1022.jpeg 1536w\" sizes=\"(max-width: 300px) 100vw, 300px\" \/> <img decoding=\"async\" class=\"alignnone size-medium wp-image-56478\" src=\"https:\/\/municipalidadpucon.cl\/wp-content\/uploads\/2025\/09\/5-11-300x200.jpeg\" alt=\"\" width=\"300\" height=\"200\" srcset=\"https:\/\/municipalidadpucon.cl\/wp-content\/uploads\/2025\/09\/5-11-200x133.jpeg 200w, https:\/\/municipalidadpucon.cl\/wp-content\/uploads\/2025\/09\/5-11-300x200.jpeg 300w, https:\/\/municipalidadpucon.cl\/wp-content\/uploads\/2025\/09\/5-11-400x266.jpeg 400w, https:\/\/municipalidadpucon.cl\/wp-content\/uploads\/2025\/09\/5-11-600x399.jpeg 600w, https:\/\/municipalidadpucon.cl\/wp-content\/uploads\/2025\/09\/5-11-768x511.jpeg 768w, https:\/\/municipalidadpucon.cl\/wp-content\/uploads\/2025\/09\/5-11-800x532.jpeg 800w, https:\/\/municipalidadpucon.cl\/wp-content\/uploads\/2025\/09\/5-11-1024x681.jpeg 1024w, https:\/\/municipalidadpucon.cl\/wp-content\/uploads\/2025\/09\/5-11-1200x798.jpeg 1200w, https:\/\/municipalidadpucon.cl\/wp-content\/uploads\/2025\/09\/5-11-scaled.jpeg 1300w, https:\/\/municipalidadpucon.cl\/wp-content\/uploads\/2025\/09\/5-11-1536x1022.jpeg 1536w\" sizes=\"(max-width: 300px) 100vw, 300px\" \/> <img decoding=\"async\" class=\"alignnone size-medium wp-image-56479\" src=\"https:\/\/municipalidadpucon.cl\/wp-content\/uploads\/2025\/09\/7-9-300x285.jpeg\" alt=\"\" width=\"300\" height=\"285\" srcset=\"https:\/\/municipalidadpucon.cl\/wp-content\/uploads\/2025\/09\/7-9-200x190.jpeg 200w, https:\/\/municipalidadpucon.cl\/wp-content\/uploads\/2025\/09\/7-9-300x285.jpeg 300w, https:\/\/municipalidadpucon.cl\/wp-content\/uploads\/2025\/09\/7-9-400x380.jpeg 400w, https:\/\/municipalidadpucon.cl\/wp-content\/uploads\/2025\/09\/7-9-600x569.jpeg 600w, https:\/\/municipalidadpucon.cl\/wp-content\/uploads\/2025\/09\/7-9-768x729.jpeg 768w, https:\/\/municipalidadpucon.cl\/wp-content\/uploads\/2025\/09\/7-9-800x759.jpeg 800w, https:\/\/municipalidadpucon.cl\/wp-content\/uploads\/2025\/09\/7-9-1024x972.jpeg 1024w, https:\/\/municipalidadpucon.cl\/wp-content\/uploads\/2025\/09\/7-9-1200x1139.jpeg 1200w, https:\/\/municipalidadpucon.cl\/wp-content\/uploads\/2025\/09\/7-9-scaled.jpeg 1300w, https:\/\/municipalidadpucon.cl\/wp-content\/uploads\/2025\/09\/7-9-1536x1457.jpeg 1536w\" sizes=\"(max-width: 300px) 100vw, 300px\" \/><\/p>\n<p>\u201cEstuvo bueno lo de los talleres, muy interesante. Yo creo que en esta zona igual es costumbre, pero nunca est\u00e1 de m\u00e1s saber\u201d, coment\u00f3 otro inscrito en las actividades gratuitas, Giovanni Mart\u00ednez; mientras que Maura Guzm\u00e1n valor\u00f3 que \u201ces buena esta actividad, para que toda la comunidad pudiera participar y conocer siempre las actividades que se realizan en Puc\u00f3n y en los alrededores. Siento que es una experiencia en la que todos podemos aprender a desarrollar distintas habilidades. Agradezco al Municipio, por permitir estas actividades\u201d.<\/p>\n<audio class=\"wp-audio-shortcode\" id=\"audio-56469-4\" preload=\"none\" style=\"width: 100%;\" controls=\"controls\"><source type=\"audio\/mpeg\" src=\"https:\/\/municipalidadpucon.cl\/wp-content\/uploads\/2025\/09\/Asistentes-Giovani-Martinez-y-Maura-Guzman-que-valoran-el-encuentro-.mp3?_=4\" \/><a href=\"https:\/\/municipalidadpucon.cl\/wp-content\/uploads\/2025\/09\/Asistentes-Giovani-Martinez-y-Maura-Guzman-que-valoran-el-encuentro-.mp3\">https:\/\/municipalidadpucon.cl\/wp-content\/uploads\/2025\/09\/Asistentes-Giovani-Martinez-y-Maura-Guzman-que-valoran-el-encuentro-.mp3<\/a><\/audio>\n<p><img decoding=\"async\" class=\"alignnone size-medium wp-image-56481\" src=\"https:\/\/municipalidadpucon.cl\/wp-content\/uploads\/2025\/09\/8-7-300x225.jpeg\" alt=\"\" width=\"300\" height=\"225\" srcset=\"https:\/\/municipalidadpucon.cl\/wp-content\/uploads\/2025\/09\/8-7-200x150.jpeg 200w, https:\/\/municipalidadpucon.cl\/wp-content\/uploads\/2025\/09\/8-7-300x225.jpeg 300w, https:\/\/municipalidadpucon.cl\/wp-content\/uploads\/2025\/09\/8-7-400x300.jpeg 400w, https:\/\/municipalidadpucon.cl\/wp-content\/uploads\/2025\/09\/8-7-600x450.jpeg 600w, https:\/\/municipalidadpucon.cl\/wp-content\/uploads\/2025\/09\/8-7-768x576.jpeg 768w, https:\/\/municipalidadpucon.cl\/wp-content\/uploads\/2025\/09\/8-7-800x600.jpeg 800w, https:\/\/municipalidadpucon.cl\/wp-content\/uploads\/2025\/09\/8-7-1024x768.jpeg 1024w, https:\/\/municipalidadpucon.cl\/wp-content\/uploads\/2025\/09\/8-7-1200x900.jpeg 1200w, https:\/\/municipalidadpucon.cl\/wp-content\/uploads\/2025\/09\/8-7.jpeg 1280w\" sizes=\"(max-width: 300px) 100vw, 300px\" \/> <img decoding=\"async\" class=\"alignnone size-medium wp-image-56482\" src=\"https:\/\/municipalidadpucon.cl\/wp-content\/uploads\/2025\/09\/9-5-300x200.jpeg\" alt=\"\" width=\"300\" height=\"200\" srcset=\"https:\/\/municipalidadpucon.cl\/wp-content\/uploads\/2025\/09\/9-5-200x133.jpeg 200w, https:\/\/municipalidadpucon.cl\/wp-content\/uploads\/2025\/09\/9-5-300x200.jpeg 300w, https:\/\/municipalidadpucon.cl\/wp-content\/uploads\/2025\/09\/9-5-400x266.jpeg 400w, https:\/\/municipalidadpucon.cl\/wp-content\/uploads\/2025\/09\/9-5-600x399.jpeg 600w, https:\/\/municipalidadpucon.cl\/wp-content\/uploads\/2025\/09\/9-5-768x511.jpeg 768w, https:\/\/municipalidadpucon.cl\/wp-content\/uploads\/2025\/09\/9-5-800x532.jpeg 800w, https:\/\/municipalidadpucon.cl\/wp-content\/uploads\/2025\/09\/9-5-1024x681.jpeg 1024w, https:\/\/municipalidadpucon.cl\/wp-content\/uploads\/2025\/09\/9-5-1200x798.jpeg 1200w, https:\/\/municipalidadpucon.cl\/wp-content\/uploads\/2025\/09\/9-5-scaled.jpeg 1300w, https:\/\/municipalidadpucon.cl\/wp-content\/uploads\/2025\/09\/9-5-1536x1022.jpeg 1536w\" sizes=\"(max-width: 300px) 100vw, 300px\" \/> <img decoding=\"async\" class=\"alignnone size-medium wp-image-56483\" src=\"https:\/\/municipalidadpucon.cl\/wp-content\/uploads\/2025\/09\/10-300x200.jpg\" alt=\"\" width=\"300\" height=\"200\" srcset=\"https:\/\/municipalidadpucon.cl\/wp-content\/uploads\/2025\/09\/10-200x133.jpg 200w, https:\/\/municipalidadpucon.cl\/wp-content\/uploads\/2025\/09\/10-300x200.jpg 300w, https:\/\/municipalidadpucon.cl\/wp-content\/uploads\/2025\/09\/10-400x266.jpg 400w, https:\/\/municipalidadpucon.cl\/wp-content\/uploads\/2025\/09\/10-600x399.jpg 600w, https:\/\/municipalidadpucon.cl\/wp-content\/uploads\/2025\/09\/10-768x511.jpg 768w, https:\/\/municipalidadpucon.cl\/wp-content\/uploads\/2025\/09\/10-800x532.jpg 800w, https:\/\/municipalidadpucon.cl\/wp-content\/uploads\/2025\/09\/10-1024x681.jpg 1024w, https:\/\/municipalidadpucon.cl\/wp-content\/uploads\/2025\/09\/10-1200x798.jpg 1200w, https:\/\/municipalidadpucon.cl\/wp-content\/uploads\/2025\/09\/10-scaled.jpg 1300w, https:\/\/municipalidadpucon.cl\/wp-content\/uploads\/2025\/09\/10-1536x1022.jpg 1536w\" sizes=\"(max-width: 300px) 100vw, 300px\" \/> <img decoding=\"async\" class=\"alignnone size-medium wp-image-56484\" src=\"https:\/\/municipalidadpucon.cl\/wp-content\/uploads\/2025\/09\/11-3-300x200.jpeg\" alt=\"\" width=\"300\" height=\"200\" srcset=\"https:\/\/municipalidadpucon.cl\/wp-content\/uploads\/2025\/09\/11-3-200x133.jpeg 200w, https:\/\/municipalidadpucon.cl\/wp-content\/uploads\/2025\/09\/11-3-300x200.jpeg 300w, https:\/\/municipalidadpucon.cl\/wp-content\/uploads\/2025\/09\/11-3-400x266.jpeg 400w, https:\/\/municipalidadpucon.cl\/wp-content\/uploads\/2025\/09\/11-3-600x399.jpeg 600w, https:\/\/municipalidadpucon.cl\/wp-content\/uploads\/2025\/09\/11-3-768x511.jpeg 768w, https:\/\/municipalidadpucon.cl\/wp-content\/uploads\/2025\/09\/11-3-800x532.jpeg 800w, https:\/\/municipalidadpucon.cl\/wp-content\/uploads\/2025\/09\/11-3-1024x681.jpeg 1024w, https:\/\/municipalidadpucon.cl\/wp-content\/uploads\/2025\/09\/11-3-1200x798.jpeg 1200w, https:\/\/municipalidadpucon.cl\/wp-content\/uploads\/2025\/09\/11-3-scaled.jpeg 1300w, https:\/\/municipalidadpucon.cl\/wp-content\/uploads\/2025\/09\/11-3-1536x1022.jpeg 1536w\" sizes=\"(max-width: 300px) 100vw, 300px\" \/><\/p>\n<p><strong>MES DE LA AVENTURA<\/strong><\/p>\n<p>Fue en la misma jornada -en la que la presencia art\u00edstica estuvo a cargo del grupo local Aguajira- que el presidente de la Asociaci\u00f3n de Empresas de Turismo Aventura de Puc\u00f3n, Roberto Ventura, ratific\u00f3 que octubre ser\u00e1 el Mes del Turismo Aventura, la cual es \u201cuna iniciativa p\u00fablico-privada que estamos teniendo con la Municipalidad y en conjunto tambi\u00e9n con la Corporaci\u00f3n de Turismo para lograr que el Mes de la Aventura sea octubre y durante todo este mes tengamos distintos descuentos (del 10 \u00f3 20 por ciento) para todas las actividades\u201d, las cuales pueden conocerse en la p\u00e1gina municipal (<a href=\"http:\/\/www.municipalidadpuc\u00f3n.cl\">www.municipalidadpuc\u00f3n.cl<\/a>) y en los propios tour operadores locales.<\/p>\n<audio class=\"wp-audio-shortcode\" id=\"audio-56469-5\" preload=\"none\" style=\"width: 100%;\" controls=\"controls\"><source type=\"audio\/mpeg\" src=\"https:\/\/municipalidadpucon.cl\/wp-content\/uploads\/2025\/09\/Roberto-Ventura-Pdte-Asoc-de-Empresas-de-Turismo-y-el-Mes-de-la-Aventura-.mp3?_=5\" \/><a href=\"https:\/\/municipalidadpucon.cl\/wp-content\/uploads\/2025\/09\/Roberto-Ventura-Pdte-Asoc-de-Empresas-de-Turismo-y-el-Mes-de-la-Aventura-.mp3\">https:\/\/municipalidadpucon.cl\/wp-content\/uploads\/2025\/09\/Roberto-Ventura-Pdte-Asoc-de-Empresas-de-Turismo-y-el-Mes-de-la-Aventura-.mp3<\/a><\/audio>\n<p><img decoding=\"async\" class=\"alignnone size-medium wp-image-56486\" src=\"https:\/\/municipalidadpucon.cl\/wp-content\/uploads\/2025\/09\/WhatsApp-Image-2025-09-29-at-10.42.51-300x225.jpeg\" alt=\"\" width=\"300\" height=\"225\" srcset=\"https:\/\/municipalidadpucon.cl\/wp-content\/uploads\/2025\/09\/WhatsApp-Image-2025-09-29-at-10.42.51-200x150.jpeg 200w, https:\/\/municipalidadpucon.cl\/wp-content\/uploads\/2025\/09\/WhatsApp-Image-2025-09-29-at-10.42.51-300x225.jpeg 300w, https:\/\/municipalidadpucon.cl\/wp-content\/uploads\/2025\/09\/WhatsApp-Image-2025-09-29-at-10.42.51-400x300.jpeg 400w, https:\/\/municipalidadpucon.cl\/wp-content\/uploads\/2025\/09\/WhatsApp-Image-2025-09-29-at-10.42.51-600x450.jpeg 600w, https:\/\/municipalidadpucon.cl\/wp-content\/uploads\/2025\/09\/WhatsApp-Image-2025-09-29-at-10.42.51-768x576.jpeg 768w, https:\/\/municipalidadpucon.cl\/wp-content\/uploads\/2025\/09\/WhatsApp-Image-2025-09-29-at-10.42.51-800x600.jpeg 800w, https:\/\/municipalidadpucon.cl\/wp-content\/uploads\/2025\/09\/WhatsApp-Image-2025-09-29-at-10.42.51-1024x768.jpeg 1024w, https:\/\/municipalidadpucon.cl\/wp-content\/uploads\/2025\/09\/WhatsApp-Image-2025-09-29-at-10.42.51-1200x900.jpeg 1200w, https:\/\/municipalidadpucon.cl\/wp-content\/uploads\/2025\/09\/WhatsApp-Image-2025-09-29-at-10.42.51.jpeg 1280w\" sizes=\"(max-width: 300px) 100vw, 300px\" \/> <img decoding=\"async\" class=\"alignnone size-medium wp-image-56487\" src=\"https:\/\/municipalidadpucon.cl\/wp-content\/uploads\/2025\/09\/WhatsApp-Image-2025-09-29-at-10.42.53-300x225.jpeg\" alt=\"\" width=\"300\" height=\"225\" srcset=\"https:\/\/municipalidadpucon.cl\/wp-content\/uploads\/2025\/09\/WhatsApp-Image-2025-09-29-at-10.42.53-200x150.jpeg 200w, https:\/\/municipalidadpucon.cl\/wp-content\/uploads\/2025\/09\/WhatsApp-Image-2025-09-29-at-10.42.53-300x225.jpeg 300w, https:\/\/municipalidadpucon.cl\/wp-content\/uploads\/2025\/09\/WhatsApp-Image-2025-09-29-at-10.42.53-400x300.jpeg 400w, https:\/\/municipalidadpucon.cl\/wp-content\/uploads\/2025\/09\/WhatsApp-Image-2025-09-29-at-10.42.53-600x450.jpeg 600w, https:\/\/municipalidadpucon.cl\/wp-content\/uploads\/2025\/09\/WhatsApp-Image-2025-09-29-at-10.42.53-768x576.jpeg 768w, https:\/\/municipalidadpucon.cl\/wp-content\/uploads\/2025\/09\/WhatsApp-Image-2025-09-29-at-10.42.53-800x600.jpeg 800w, https:\/\/municipalidadpucon.cl\/wp-content\/uploads\/2025\/09\/WhatsApp-Image-2025-09-29-at-10.42.53-1024x768.jpeg 1024w, https:\/\/municipalidadpucon.cl\/wp-content\/uploads\/2025\/09\/WhatsApp-Image-2025-09-29-at-10.42.53-1200x900.jpeg 1200w, https:\/\/municipalidadpucon.cl\/wp-content\/uploads\/2025\/09\/WhatsApp-Image-2025-09-29-at-10.42.53.jpeg 1280w\" sizes=\"(max-width: 300px) 100vw, 300px\" \/><\/p>\n<p>Siempre en el marco de las actividades por el D\u00eda del Turismo, este lunes se realiz\u00f3 en la Universidad de la Frontera (Ufro), sede Puc\u00f3n, un encuentro denominado Turismo y Transformaci\u00f3n Sostenible, organizado por el Programa Estrat\u00e9gico Mesoregional de CORFO y la Ruta Esc\u00e9nica Lagos y Volcanes, evento en el que hubo exposiciones y din\u00e1micas que persegu\u00edan posicionar y analizar el quehacer tur\u00edstico regional y, en particular, de la zona lacustre, con Puc\u00f3n como el Centro del Sur de Chile.<\/p>\n","protected":false},"excerpt":{"rendered":"<p>Puc\u00f3n Fest se realiz\u00f3 el reciente fin de semana en [&hellip;]<\/p>\n","protected":false},"author":10,"featured_media":56488,"comment_status":"closed","ping_status":"open","sticky":false,"template":"","format":"standard","meta":[],"categories":[98,3],"tags":[],"_links":{"self":[{"href":"https:\/\/municipalidadpucon.cl\/index.php?rest_route=\/wp\/v2\/posts\/56469"}],"collection":[{"href":"https:\/\/municipalidadpucon.cl\/index.php?rest_route=\/wp\/v2\/posts"}],"about":[{"href":"https:\/\/municipalidadpucon.cl\/index.php?rest_route=\/wp\/v2\/types\/post"}],"author":[{"embeddable":true,"href":"https:\/\/municipalidadpucon.cl\/index.php?rest_route=\/wp\/v2\/users\/10"}],"replies":[{"embeddable":true,"href":"https:\/\/municipalidadpucon.cl\/index.php?rest_route=%2Fwp%2Fv2%2Fcomments&post=56469"}],"version-history":[{"count":1,"href":"https:\/\/municipalidadpucon.cl\/index.php?rest_route=\/wp\/v2\/posts\/56469\/revisions"}],"predecessor-version":[{"id":56489,"href":"https:\/\/municipalidadpucon.cl\/index.php?rest_route=\/wp\/v2\/posts\/56469\/revisions\/56489"}],"wp:featuredmedia":[{"embeddable":true,"href":"https:\/\/municipalidadpucon.cl\/index.php?rest_route=\/wp\/v2\/media\/56488"}],"wp:attachment":[{"href":"https:\/\/municipalidadpucon.cl\/index.php?rest_route=%2Fwp%2Fv2%2Fmedia&parent=56469"}],"wp:term":[{"taxonomy":"category","embeddable":true,"href":"https:\/\/municipalidadpucon.cl\/index.php?rest_route=%2Fwp%2Fv2%2Fcategories&post=56469"},{"taxonomy":"post_tag","embeddable":true,"href":"https:\/\/municipalidadpucon.cl\/index.php?rest_route=%2Fwp%2Fv2%2Ftags&post=56469"}],"curies":[{"name":"wp","href":"https:\/\/api.w.org\/{rel}","templated":true}]}}