{"id":56494,"date":"2025-10-01T08:29:36","date_gmt":"2025-10-01T11:29:36","guid":{"rendered":"https:\/\/municipalidadpucon.cl\/?p=56494"},"modified":"2025-10-01T08:29:36","modified_gmt":"2025-10-01T11:29:36","slug":"ya-esta-trabajando-la-inedita-union-comunal-de-agua-potable-rural","status":"publish","type":"post","link":"https:\/\/municipalidadpucon.cl\/?p=56494","title":{"rendered":"Ya est\u00e1 trabajando la in\u00e9dita Uni\u00f3n Comunal de Agua Potable Rural"},"content":{"rendered":"<p><em><strong>Organizaci\u00f3n que re\u00fane a las conocidas APRs, busca que todos los proyectos puedan avanzar lo m\u00e1s r\u00e1pido posible para su concreci\u00f3n. Municipio lacustre aprovech\u00f3 la masiva reuni\u00f3n para confirmar que se conformar\u00e1 la Unidad de Recursos H\u00eddricos con el fin de acelerar estas esenciales iniciativas.<\/strong><\/em><\/p>\n<p><img decoding=\"async\" class=\"size-medium wp-image-56495 aligncenter\" src=\"https:\/\/municipalidadpucon.cl\/wp-content\/uploads\/2025\/10\/2-300x225.jpeg\" alt=\"\" width=\"300\" height=\"225\" srcset=\"https:\/\/municipalidadpucon.cl\/wp-content\/uploads\/2025\/10\/2-200x150.jpeg 200w, https:\/\/municipalidadpucon.cl\/wp-content\/uploads\/2025\/10\/2-300x225.jpeg 300w, https:\/\/municipalidadpucon.cl\/wp-content\/uploads\/2025\/10\/2-400x300.jpeg 400w, https:\/\/municipalidadpucon.cl\/wp-content\/uploads\/2025\/10\/2-600x450.jpeg 600w, https:\/\/municipalidadpucon.cl\/wp-content\/uploads\/2025\/10\/2-768x576.jpeg 768w, https:\/\/municipalidadpucon.cl\/wp-content\/uploads\/2025\/10\/2-800x600.jpeg 800w, https:\/\/municipalidadpucon.cl\/wp-content\/uploads\/2025\/10\/2-1024x768.jpeg 1024w, https:\/\/municipalidadpucon.cl\/wp-content\/uploads\/2025\/10\/2-1200x900.jpeg 1200w, https:\/\/municipalidadpucon.cl\/wp-content\/uploads\/2025\/10\/2.jpeg 1280w\" sizes=\"(max-width: 300px) 100vw, 300px\" \/><\/p>\n<p>En una concurrida reuni\u00f3n, realizada en la Sala del Concejo de la Municipalidad de Puc\u00f3n, se conform\u00f3 la in\u00e9dita Uni\u00f3n Comunal de Agua Potable Rural (APR), con el objetivo de reunir en una sola org\u00e1nica m\u00e1s de una decena de iniciativas que buscan tener acceso al vital elemento, luego que varios de estos proyectos sumen a\u00f1os de espera, debido a las complejas exigencias legales, t\u00e9cnicas y administrativas.<\/p>\n<p>Adem\u00e1s de definirse la nueva directiva, liderada por el conocido dirigente Edgardo Ib\u00e1\u00f1ez, en la oportunidad fue el alcalde de la comuna, Sebasti\u00e1n \u00c1lvarez, quien confirm\u00f3 que la instituci\u00f3n edilicia dar\u00e1 forma a la Unidad de Recursos H\u00eddricos, con la cual -en el seno municipal- puedan acelerarse gestiones y concretar estos proyectos, en beneficio de vecinas y vecinos.<\/p>\n<p><strong>MEJORAS EN 2026<\/strong><\/p>\n<p>\u201cVamos a contratar un profesional experto para que pueda trabajar en conjunto con todos los dirigentes de APR y, de una vez por todas, podamos avanzar con esta gran necesidad\u201d, indic\u00f3 el jefe comunal, quien aclar\u00f3 que \u201cen nuestro programa 2026 el tema del agua es una prioridad y a partir de hoy, de este gran hito de la Uni\u00f3n Comunal de los APR de la comuna Puc\u00f3n, vamos a avanzar juntos, en equipo y vamos a llegar a todas las autoridades que tengamos que llegar para que no se siga dejando atr\u00e1s a Puc\u00f3n\u201d.<\/p>\n<!--[if lt IE 9]><script>document.createElement('audio');<\/script><![endif]-->\n<audio class=\"wp-audio-shortcode\" id=\"audio-56494-1\" preload=\"none\" style=\"width: 100%;\" controls=\"controls\"><source type=\"audio\/mpeg\" src=\"https:\/\/municipalidadpucon.cl\/wp-content\/uploads\/2025\/10\/Alcalde-Sebastian-Alvarez-confirma-creacion-de-Oficina-de-Recursos-Hidricos-.mp3?_=1\" \/><a href=\"https:\/\/municipalidadpucon.cl\/wp-content\/uploads\/2025\/10\/Alcalde-Sebastian-Alvarez-confirma-creacion-de-Oficina-de-Recursos-Hidricos-.mp3\">https:\/\/municipalidadpucon.cl\/wp-content\/uploads\/2025\/10\/Alcalde-Sebastian-Alvarez-confirma-creacion-de-Oficina-de-Recursos-Hidricos-.mp3<\/a><\/audio>\n<p>El electo presidente de esta Uni\u00f3n Comunal de APRs de Puc\u00f3n, Edgardo Ib\u00e1\u00f1ez reconoci\u00f3 que \u201cno era la idea ser presidente, pero ya que me eligieron vamos a trabajar por estos tres meses que son los fundamentales y ah\u00ed veremos m\u00e1s adelante\u201d. El directivo -electo junto a Alexis Gonz\u00e1lez, Thiare Basaure, Miriam Mari\u00e1ngel y Viviana Krause- especific\u00f3 que la idea es conformar esta org\u00e1nica \u201cpara poder ayudar a los m\u00e1s chicos. Nunca vamos a estar parejos, pero que tambi\u00e9n vayan aprendiendo y vayan saliendo a flote con su proyecto, porque este es un trabajo arduo y hay que tener paciencia y ense\u00f1ar tambi\u00e9n lo que sabemos. En mi caso, la primera espera fue de 9 a\u00f1os y ahora, con este segundo proceso en el que estamos (ampliaci\u00f3n) ya llevamos 4\u201d.<\/p>\n<audio class=\"wp-audio-shortcode\" id=\"audio-56494-2\" preload=\"none\" style=\"width: 100%;\" controls=\"controls\"><source type=\"audio\/mpeg\" src=\"https:\/\/municipalidadpucon.cl\/wp-content\/uploads\/2025\/10\/Edgardo-Ibanez-electo-Pdte.-Union-Comunal-de-APR-de-Pucon-.mp3?_=2\" \/><a href=\"https:\/\/municipalidadpucon.cl\/wp-content\/uploads\/2025\/10\/Edgardo-Ibanez-electo-Pdte.-Union-Comunal-de-APR-de-Pucon-.mp3\">https:\/\/municipalidadpucon.cl\/wp-content\/uploads\/2025\/10\/Edgardo-Ibanez-electo-Pdte.-Union-Comunal-de-APR-de-Pucon-.mp3<\/a><\/audio>\n<p><img decoding=\"async\" class=\"alignnone size-medium wp-image-56498\" src=\"https:\/\/municipalidadpucon.cl\/wp-content\/uploads\/2025\/10\/4-300x225.jpeg\" alt=\"\" width=\"300\" height=\"225\" srcset=\"https:\/\/municipalidadpucon.cl\/wp-content\/uploads\/2025\/10\/4-200x150.jpeg 200w, https:\/\/municipalidadpucon.cl\/wp-content\/uploads\/2025\/10\/4-300x225.jpeg 300w, https:\/\/municipalidadpucon.cl\/wp-content\/uploads\/2025\/10\/4-400x300.jpeg 400w, https:\/\/municipalidadpucon.cl\/wp-content\/uploads\/2025\/10\/4-600x450.jpeg 600w, https:\/\/municipalidadpucon.cl\/wp-content\/uploads\/2025\/10\/4-768x576.jpeg 768w, https:\/\/municipalidadpucon.cl\/wp-content\/uploads\/2025\/10\/4-800x600.jpeg 800w, https:\/\/municipalidadpucon.cl\/wp-content\/uploads\/2025\/10\/4-1024x768.jpeg 1024w, https:\/\/municipalidadpucon.cl\/wp-content\/uploads\/2025\/10\/4-1200x900.jpeg 1200w, https:\/\/municipalidadpucon.cl\/wp-content\/uploads\/2025\/10\/4.jpeg 1280w\" sizes=\"(max-width: 300px) 100vw, 300px\" \/><\/p>\n<p><strong>ALTA PARTICIPACI\u00d3N<\/strong><\/p>\n<p>Delia Cifuentes, encargada de organizaciones sociales del Municipio puconino, destac\u00f3 la alta participaci\u00f3n, ya que \u201ccerca del 80 por ciento de los comit\u00e9s legalmente constituidos con personalidad jur\u00eddica y directorio vigente se dieron cita para constituir la Uni\u00f3n Comunal de Comit\u00e9s de Agua Potable Rural de Puc\u00f3n. Ellos tienen muchas expectativas y tambi\u00e9n tienen la responsabilidad de liderar esta nueva organizaci\u00f3n con el respaldo del alcalde Sebasti\u00e1n \u00c1lvarez\u201d.<\/p>\n<audio class=\"wp-audio-shortcode\" id=\"audio-56494-3\" preload=\"none\" style=\"width: 100%;\" controls=\"controls\"><source type=\"audio\/mpeg\" src=\"https:\/\/municipalidadpucon.cl\/wp-content\/uploads\/2025\/10\/Delia-Cifuentes-encargada-de-Organizaciones-Sociales-Muni-Pucon-y-alta-participacion-.mp3?_=3\" \/><a href=\"https:\/\/municipalidadpucon.cl\/wp-content\/uploads\/2025\/10\/Delia-Cifuentes-encargada-de-Organizaciones-Sociales-Muni-Pucon-y-alta-participacion-.mp3\">https:\/\/municipalidadpucon.cl\/wp-content\/uploads\/2025\/10\/Delia-Cifuentes-encargada-de-Organizaciones-Sociales-Muni-Pucon-y-alta-participacion-.mp3<\/a><\/audio>\n<p><img decoding=\"async\" class=\"alignnone size-medium wp-image-56500\" src=\"https:\/\/municipalidadpucon.cl\/wp-content\/uploads\/2025\/10\/3-300x225.jpeg\" alt=\"\" width=\"300\" height=\"225\" srcset=\"https:\/\/municipalidadpucon.cl\/wp-content\/uploads\/2025\/10\/3-200x150.jpeg 200w, https:\/\/municipalidadpucon.cl\/wp-content\/uploads\/2025\/10\/3-300x225.jpeg 300w, https:\/\/municipalidadpucon.cl\/wp-content\/uploads\/2025\/10\/3-400x300.jpeg 400w, https:\/\/municipalidadpucon.cl\/wp-content\/uploads\/2025\/10\/3-600x450.jpeg 600w, https:\/\/municipalidadpucon.cl\/wp-content\/uploads\/2025\/10\/3-768x576.jpeg 768w, https:\/\/municipalidadpucon.cl\/wp-content\/uploads\/2025\/10\/3-800x600.jpeg 800w, https:\/\/municipalidadpucon.cl\/wp-content\/uploads\/2025\/10\/3-1024x768.jpeg 1024w, https:\/\/municipalidadpucon.cl\/wp-content\/uploads\/2025\/10\/3-1200x900.jpeg 1200w, https:\/\/municipalidadpucon.cl\/wp-content\/uploads\/2025\/10\/3.jpeg 1280w\" sizes=\"(max-width: 300px) 100vw, 300px\" \/><\/p>\n<p>En la jornada, que cont\u00f3 con la presencia de los concejales Ver\u00f3nica Castillo, Claudio Cortez, Julio Inzunza y Emilio Ulloa, la electa directora Thiare Basaure coment\u00f3 que, para acceder al agua, \u201cnosotros tenemos la mayor\u00eda pozo, hay enfermedades por el asunto de la contaminaci\u00f3n, entonces al tener Agua Potable Rural, solucionamos eso y con esta organizaci\u00f3n nos potenciamos. Hay APRs que llevan 25 a\u00f1os, otras 10 y nosotros que llevamos un poquito m\u00e1s de un a\u00f1o, entonces los que somos nuevos aprendemos de esas antiguas que ya llevan un camino recorrido y nos ayudan a hacer nuestro camino m\u00e1s f\u00e1cil\u201d.<\/p>\n<audio class=\"wp-audio-shortcode\" id=\"audio-56494-4\" preload=\"none\" style=\"width: 100%;\" controls=\"controls\"><source type=\"audio\/mpeg\" src=\"https:\/\/municipalidadpucon.cl\/wp-content\/uploads\/2025\/10\/Thiare-Basaure-directora-electa-del-sector-La-Fortuna-.mp3?_=4\" \/><a href=\"https:\/\/municipalidadpucon.cl\/wp-content\/uploads\/2025\/10\/Thiare-Basaure-directora-electa-del-sector-La-Fortuna-.mp3\">https:\/\/municipalidadpucon.cl\/wp-content\/uploads\/2025\/10\/Thiare-Basaure-directora-electa-del-sector-La-Fortuna-.mp3<\/a><\/audio>\n<p>Finalmente, el edil Julio Inzunza destac\u00f3 que lo realizado \u201ces un hito en la comuna, para fortalecer el trabajo y el apoyo que necesitan los dirigentes en sacar adelante estos proyectos que tenemos muchos en la comuna y que est\u00e1n en espera de recursos del Estado para seguir avanzando en sus dise\u00f1os y construcci\u00f3n de obras, lo que es tan vital para poder asegurar el recurso h\u00eddrico de consumo humano, principalmente\u201d.<\/p>\n<audio class=\"wp-audio-shortcode\" id=\"audio-56494-5\" preload=\"none\" style=\"width: 100%;\" controls=\"controls\"><source type=\"audio\/mpeg\" src=\"https:\/\/municipalidadpucon.cl\/wp-content\/uploads\/2025\/10\/Julio-Inzunza-concejal-destaca-la-formacion-de-la-Union-Comunal-de-APR-.mp3?_=5\" \/><a href=\"https:\/\/municipalidadpucon.cl\/wp-content\/uploads\/2025\/10\/Julio-Inzunza-concejal-destaca-la-formacion-de-la-Union-Comunal-de-APR-.mp3\">https:\/\/municipalidadpucon.cl\/wp-content\/uploads\/2025\/10\/Julio-Inzunza-concejal-destaca-la-formacion-de-la-Union-Comunal-de-APR-.mp3<\/a><\/audio>\n<p>&nbsp;<\/p>\n","protected":false},"excerpt":{"rendered":"<p>Organizaci\u00f3n que re\u00fane a las conocidas APRs, busca que todos [&hellip;]<\/p>\n","protected":false},"author":10,"featured_media":56503,"comment_status":"closed","ping_status":"open","sticky":false,"template":"","format":"standard","meta":[],"categories":[98,3],"tags":[],"_links":{"self":[{"href":"https:\/\/municipalidadpucon.cl\/index.php?rest_route=\/wp\/v2\/posts\/56494"}],"collection":[{"href":"https:\/\/municipalidadpucon.cl\/index.php?rest_route=\/wp\/v2\/posts"}],"about":[{"href":"https:\/\/municipalidadpucon.cl\/index.php?rest_route=\/wp\/v2\/types\/post"}],"author":[{"embeddable":true,"href":"https:\/\/municipalidadpucon.cl\/index.php?rest_route=\/wp\/v2\/users\/10"}],"replies":[{"embeddable":true,"href":"https:\/\/municipalidadpucon.cl\/index.php?rest_route=%2Fwp%2Fv2%2Fcomments&post=56494"}],"version-history":[{"count":1,"href":"https:\/\/municipalidadpucon.cl\/index.php?rest_route=\/wp\/v2\/posts\/56494\/revisions"}],"predecessor-version":[{"id":56504,"href":"https:\/\/municipalidadpucon.cl\/index.php?rest_route=\/wp\/v2\/posts\/56494\/revisions\/56504"}],"wp:featuredmedia":[{"embeddable":true,"href":"https:\/\/municipalidadpucon.cl\/index.php?rest_route=\/wp\/v2\/media\/56503"}],"wp:attachment":[{"href":"https:\/\/municipalidadpucon.cl\/index.php?rest_route=%2Fwp%2Fv2%2Fmedia&parent=56494"}],"wp:term":[{"taxonomy":"category","embeddable":true,"href":"https:\/\/municipalidadpucon.cl\/index.php?rest_route=%2Fwp%2Fv2%2Fcategories&post=56494"},{"taxonomy":"post_tag","embeddable":true,"href":"https:\/\/municipalidadpucon.cl\/index.php?rest_route=%2Fwp%2Fv2%2Ftags&post=56494"}],"curies":[{"name":"wp","href":"https:\/\/api.w.org\/{rel}","templated":true}]}}