{"id":56505,"date":"2025-10-01T11:09:36","date_gmt":"2025-10-01T14:09:36","guid":{"rendered":"https:\/\/municipalidadpucon.cl\/?p=56505"},"modified":"2025-10-01T11:09:36","modified_gmt":"2025-10-01T14:09:36","slug":"se-aumento-la-potencia-de-energia-electrica-en-zona-centrica-de-pucon","status":"publish","type":"post","link":"https:\/\/municipalidadpucon.cl\/?p=56505","title":{"rendered":"Se aument\u00f3 la potencia de energ\u00eda el\u00e9ctrica en zona c\u00e9ntrica de Puc\u00f3n"},"content":{"rendered":"<p><em><strong>La Compa\u00f1\u00eda General de Electricidad (CGE) reemplaz\u00f3 un transformador en calle Colo Colo, lo que justific\u00f3 la interrupci\u00f3n del suministro durante seis horas.<\/strong><\/em><\/p>\n<p><img decoding=\"async\" class=\"alignnone size-medium wp-image-56507\" src=\"https:\/\/municipalidadpucon.cl\/wp-content\/uploads\/2025\/10\/3-1-227x300.jpeg\" alt=\"\" width=\"227\" height=\"300\" srcset=\"https:\/\/municipalidadpucon.cl\/wp-content\/uploads\/2025\/10\/3-1-200x265.jpeg 200w, https:\/\/municipalidadpucon.cl\/wp-content\/uploads\/2025\/10\/3-1-227x300.jpeg 227w, https:\/\/municipalidadpucon.cl\/wp-content\/uploads\/2025\/10\/3-1-400x530.jpeg 400w, https:\/\/municipalidadpucon.cl\/wp-content\/uploads\/2025\/10\/3-1-600x795.jpeg 600w, https:\/\/municipalidadpucon.cl\/wp-content\/uploads\/2025\/10\/3-1-768x1017.jpeg 768w, https:\/\/municipalidadpucon.cl\/wp-content\/uploads\/2025\/10\/3-1-773x1024.jpeg 773w, https:\/\/municipalidadpucon.cl\/wp-content\/uploads\/2025\/10\/3-1-800x1060.jpeg 800w, https:\/\/municipalidadpucon.cl\/wp-content\/uploads\/2025\/10\/3-1.jpeg 900w\" sizes=\"(max-width: 227px) 100vw, 227px\" \/> <img decoding=\"async\" class=\"alignnone size-medium wp-image-56506\" src=\"https:\/\/municipalidadpucon.cl\/wp-content\/uploads\/2025\/10\/2-1-169x300.jpeg\" alt=\"\" width=\"169\" height=\"300\" srcset=\"https:\/\/municipalidadpucon.cl\/wp-content\/uploads\/2025\/10\/2-1-169x300.jpeg 169w, https:\/\/municipalidadpucon.cl\/wp-content\/uploads\/2025\/10\/2-1-200x356.jpeg 200w, https:\/\/municipalidadpucon.cl\/wp-content\/uploads\/2025\/10\/2-1-400x711.jpeg 400w, https:\/\/municipalidadpucon.cl\/wp-content\/uploads\/2025\/10\/2-1-576x1024.jpeg 576w, https:\/\/municipalidadpucon.cl\/wp-content\/uploads\/2025\/10\/2-1-600x1067.jpeg 600w, https:\/\/municipalidadpucon.cl\/wp-content\/uploads\/2025\/10\/2-1.jpeg 720w\" sizes=\"(max-width: 169px) 100vw, 169px\" \/><\/p>\n<p>Un proyecto de mejoramiento el\u00e9ctrico realiz\u00f3 esta semana, en pleno centro de la comuna de Puc\u00f3n la Compa\u00f1\u00eda General de Electricidad (CGE), con el objetivo de responder al aumento en la exigencia energ\u00e9tica de la urbe lacustre y tur\u00edstica, especialmente previo a la pr\u00f3xima temporada estival que ve aumentada significativamente la \u201cpoblaci\u00f3n flotante\u201d en la zona.<\/p>\n<p>La acci\u00f3n, realizada en calle Colo Colo, \u201cbusca fortalecer el suministro el\u00e9ctrico del sector, espec\u00edficamente reemplazando un transformador en calle Colo Colo\u201d, explic\u00f3 la acci\u00f3n Jonathan Salloni, jefe de la delegaci\u00f3n CGE de Puc\u00f3n.<\/p>\n<!--[if lt IE 9]><script>document.createElement('audio');<\/script><![endif]-->\n<audio class=\"wp-audio-shortcode\" id=\"audio-56505-1\" preload=\"none\" style=\"width: 100%;\" controls=\"controls\"><source type=\"audio\/mpeg\" src=\"https:\/\/municipalidadpucon.cl\/wp-content\/uploads\/2025\/10\/Jonathan-Salloni-Jefe-de-la-Delegacion-CGE-Pucon.mp3?_=1\" \/><a href=\"https:\/\/municipalidadpucon.cl\/wp-content\/uploads\/2025\/10\/Jonathan-Salloni-Jefe-de-la-Delegacion-CGE-Pucon.mp3\">https:\/\/municipalidadpucon.cl\/wp-content\/uploads\/2025\/10\/Jonathan-Salloni-Jefe-de-la-Delegacion-CGE-Pucon.mp3<\/a><\/audio>\n<p><img decoding=\"async\" class=\"alignnone size-medium wp-image-56509\" src=\"https:\/\/municipalidadpucon.cl\/wp-content\/uploads\/2025\/10\/4-1-225x300.jpeg\" alt=\"\" width=\"225\" height=\"300\" srcset=\"https:\/\/municipalidadpucon.cl\/wp-content\/uploads\/2025\/10\/4-1-200x267.jpeg 200w, https:\/\/municipalidadpucon.cl\/wp-content\/uploads\/2025\/10\/4-1-225x300.jpeg 225w, https:\/\/municipalidadpucon.cl\/wp-content\/uploads\/2025\/10\/4-1-400x533.jpeg 400w, https:\/\/municipalidadpucon.cl\/wp-content\/uploads\/2025\/10\/4-1-600x800.jpeg 600w, https:\/\/municipalidadpucon.cl\/wp-content\/uploads\/2025\/10\/4-1-768x1024.jpeg 768w, https:\/\/municipalidadpucon.cl\/wp-content\/uploads\/2025\/10\/4-1-800x1067.jpeg 800w, https:\/\/municipalidadpucon.cl\/wp-content\/uploads\/2025\/10\/4-1-scaled.jpeg 975w, https:\/\/municipalidadpucon.cl\/wp-content\/uploads\/2025\/10\/4-1-1152x1536.jpeg 1152w\" sizes=\"(max-width: 225px) 100vw, 225px\" \/><\/p>\n<p>Fue por esto que la mencionada desconexi\u00f3n afect\u00f3, durante seis horas, a un total de 933 clientes de la comuna de Puc\u00f3n, seg\u00fan reconoci\u00f3 la propia el\u00e9ctrica regional.<\/p>\n","protected":false},"excerpt":{"rendered":"<p>La Compa\u00f1\u00eda General de Electricidad (CGE) reemplaz\u00f3 un transformador en [&hellip;]<\/p>\n","protected":false},"author":10,"featured_media":56510,"comment_status":"closed","ping_status":"open","sticky":false,"template":"","format":"standard","meta":[],"categories":[3],"tags":[],"_links":{"self":[{"href":"https:\/\/municipalidadpucon.cl\/index.php?rest_route=\/wp\/v2\/posts\/56505"}],"collection":[{"href":"https:\/\/municipalidadpucon.cl\/index.php?rest_route=\/wp\/v2\/posts"}],"about":[{"href":"https:\/\/municipalidadpucon.cl\/index.php?rest_route=\/wp\/v2\/types\/post"}],"author":[{"embeddable":true,"href":"https:\/\/municipalidadpucon.cl\/index.php?rest_route=\/wp\/v2\/users\/10"}],"replies":[{"embeddable":true,"href":"https:\/\/municipalidadpucon.cl\/index.php?rest_route=%2Fwp%2Fv2%2Fcomments&post=56505"}],"version-history":[{"count":1,"href":"https:\/\/municipalidadpucon.cl\/index.php?rest_route=\/wp\/v2\/posts\/56505\/revisions"}],"predecessor-version":[{"id":56511,"href":"https:\/\/municipalidadpucon.cl\/index.php?rest_route=\/wp\/v2\/posts\/56505\/revisions\/56511"}],"wp:featuredmedia":[{"embeddable":true,"href":"https:\/\/municipalidadpucon.cl\/index.php?rest_route=\/wp\/v2\/media\/56510"}],"wp:attachment":[{"href":"https:\/\/municipalidadpucon.cl\/index.php?rest_route=%2Fwp%2Fv2%2Fmedia&parent=56505"}],"wp:term":[{"taxonomy":"category","embeddable":true,"href":"https:\/\/municipalidadpucon.cl\/index.php?rest_route=%2Fwp%2Fv2%2Fcategories&post=56505"},{"taxonomy":"post_tag","embeddable":true,"href":"https:\/\/municipalidadpucon.cl\/index.php?rest_route=%2Fwp%2Fv2%2Ftags&post=56505"}],"curies":[{"name":"wp","href":"https:\/\/api.w.org\/{rel}","templated":true}]}}