{"id":56513,"date":"2025-10-02T08:34:07","date_gmt":"2025-10-02T11:34:07","guid":{"rendered":"https:\/\/municipalidadpucon.cl\/?p=56513"},"modified":"2025-10-02T08:34:07","modified_gmt":"2025-10-02T11:34:07","slug":"liceo-pablo-vi-de-pucon-gano-concurso-de-jovenes-por-un-turismo-sustentable","status":"publish","type":"post","link":"https:\/\/municipalidadpucon.cl\/?p=56513","title":{"rendered":"Liceo Pablo VI de Puc\u00f3n gan\u00f3 concurso de J\u00f3venes por un Turismo Sustentable"},"content":{"rendered":"<p><em><strong>Certamen, organizado por la Municipalidad lacustre, a trav\u00e9s de su Direcci\u00f3n de Fomento y Turismo, present\u00f3 a un jurado propuestas estudiantiles con el fin de aportar acciones concretas al turismo y al medioambiente local.<\/strong><\/em><\/p>\n<p><img decoding=\"async\" class=\"alignnone size-medium wp-image-56514\" src=\"https:\/\/municipalidadpucon.cl\/wp-content\/uploads\/2025\/10\/2-2-300x225.jpeg\" alt=\"\" width=\"300\" height=\"225\" srcset=\"https:\/\/municipalidadpucon.cl\/wp-content\/uploads\/2025\/10\/2-2-200x150.jpeg 200w, https:\/\/municipalidadpucon.cl\/wp-content\/uploads\/2025\/10\/2-2-300x225.jpeg 300w, https:\/\/municipalidadpucon.cl\/wp-content\/uploads\/2025\/10\/2-2-400x300.jpeg 400w, https:\/\/municipalidadpucon.cl\/wp-content\/uploads\/2025\/10\/2-2-600x450.jpeg 600w, https:\/\/municipalidadpucon.cl\/wp-content\/uploads\/2025\/10\/2-2-768x576.jpeg 768w, https:\/\/municipalidadpucon.cl\/wp-content\/uploads\/2025\/10\/2-2-800x600.jpeg 800w, https:\/\/municipalidadpucon.cl\/wp-content\/uploads\/2025\/10\/2-2-1024x768.jpeg 1024w, https:\/\/municipalidadpucon.cl\/wp-content\/uploads\/2025\/10\/2-2-1200x900.jpeg 1200w, https:\/\/municipalidadpucon.cl\/wp-content\/uploads\/2025\/10\/2-2.jpeg 1280w\" sizes=\"(max-width: 300px) 100vw, 300px\" \/> <img decoding=\"async\" class=\"alignnone size-medium wp-image-56515\" src=\"https:\/\/municipalidadpucon.cl\/wp-content\/uploads\/2025\/10\/3-2-300x163.jpeg\" alt=\"\" width=\"300\" height=\"163\" srcset=\"https:\/\/municipalidadpucon.cl\/wp-content\/uploads\/2025\/10\/3-2-200x108.jpeg 200w, https:\/\/municipalidadpucon.cl\/wp-content\/uploads\/2025\/10\/3-2-300x163.jpeg 300w, https:\/\/municipalidadpucon.cl\/wp-content\/uploads\/2025\/10\/3-2-400x217.jpeg 400w, https:\/\/municipalidadpucon.cl\/wp-content\/uploads\/2025\/10\/3-2-600x325.jpeg 600w, https:\/\/municipalidadpucon.cl\/wp-content\/uploads\/2025\/10\/3-2-768x416.jpeg 768w, https:\/\/municipalidadpucon.cl\/wp-content\/uploads\/2025\/10\/3-2-800x434.jpeg 800w, https:\/\/municipalidadpucon.cl\/wp-content\/uploads\/2025\/10\/3-2-1024x555.jpeg 1024w, https:\/\/municipalidadpucon.cl\/wp-content\/uploads\/2025\/10\/3-2-1200x651.jpeg 1200w, https:\/\/municipalidadpucon.cl\/wp-content\/uploads\/2025\/10\/3-2.jpeg 1280w\" sizes=\"(max-width: 300px) 100vw, 300px\" \/><\/p>\n<p>Participativo y exitoso result\u00f3 en la comuna de Puc\u00f3n el Concurso \u201cJ\u00f3venes por un Turismo Sostenible\u201d, actividad que esta semana reuni\u00f3 a estudiantes de la zona para que presentaran a un jurado, liderado por el alcalde Sebasti\u00e1n \u00c1lvarez, \u201cla promoci\u00f3n de la innovaci\u00f3n social y el fortalecimiento del encadenamiento de los estudiantes con la gesti\u00f3n del destino tur\u00edstico y el territorio\u201d, seg\u00fan se explic\u00f3 entre los objetivos de esta iniciativa encabezada por el Municipio lacustre, a trav\u00e9s de su \u00e1rea de Fomento y Turismo.<\/p>\n<p>Los calificadores de las exposiciones que se presentaron por espacio de diez minutos en dependencias del Hotel Martina de Go\u00f1i fueron, junto al jefe comunal, representantes de la Direcci\u00f3n de Educaci\u00f3n Municipal (DAEM) y de la Corporaci\u00f3n de Turismo, a quienes se sumaron, como privilegiados espectadores, los concejales Julio Inzunza y Claudio Cortez.<\/p>\n<p><strong>PREMIADOS<\/strong><\/p>\n<p>Tras las deliberaciones, los premiados fueron, en el primer puesto, los estudiantes del Liceo Pablo VI y su propuesta denominada Biodigestores, seguidos en el segundo lugar por el Liceo Tecnol\u00f3gico Montemar\u00eda, y su proyecto Pasaporte Verde; mientras que terceros resultaron los alumnos del Colegio Liahona, con su Registro SICONS.<\/p>\n<p>\u201cYo todav\u00eda no me lo creo que hayamos ganado, fue algo en lo que nos esforzamos mucho y la verdad es que me parece una idea s\u00faper excelente, porque va a beneficiar mucho a Puc\u00f3n, porque est\u00e1 en constante crecimiento, entonces va a poder seguir sustent\u00e1ndose por muchos a\u00f1os m\u00e1s y va a poder brillar como la perla del sur\u201d, coment\u00f3 la l\u00edder del grupo del Liceo Pablo VI, Javiera Escalona, quien destac\u00f3 la instancia \u201cporque as\u00ed se hace m\u00e1s conciencia ambiental, entonces ser\u00eda menos tab\u00fa el poder decir: Recicla, reutiliza y cosas as\u00ed\u201d.<\/p>\n<!--[if lt IE 9]><script>document.createElement('audio');<\/script><![endif]-->\n<audio class=\"wp-audio-shortcode\" id=\"audio-56513-1\" preload=\"none\" style=\"width: 100%;\" controls=\"controls\"><source type=\"audio\/mpeg\" src=\"https:\/\/municipalidadpucon.cl\/wp-content\/uploads\/2025\/10\/Javiera-Escalona-Liceo-Pablo-VI-Proyecto-Biodigestores-Ganador-.mp3?_=1\" \/><a href=\"https:\/\/municipalidadpucon.cl\/wp-content\/uploads\/2025\/10\/Javiera-Escalona-Liceo-Pablo-VI-Proyecto-Biodigestores-Ganador-.mp3\">https:\/\/municipalidadpucon.cl\/wp-content\/uploads\/2025\/10\/Javiera-Escalona-Liceo-Pablo-VI-Proyecto-Biodigestores-Ganador-.mp3<\/a><\/audio>\n<p><img decoding=\"async\" class=\"alignnone size-medium wp-image-56517\" src=\"https:\/\/municipalidadpucon.cl\/wp-content\/uploads\/2025\/10\/4-2-300x225.jpeg\" alt=\"\" width=\"300\" height=\"225\" srcset=\"https:\/\/municipalidadpucon.cl\/wp-content\/uploads\/2025\/10\/4-2-200x150.jpeg 200w, https:\/\/municipalidadpucon.cl\/wp-content\/uploads\/2025\/10\/4-2-300x225.jpeg 300w, https:\/\/municipalidadpucon.cl\/wp-content\/uploads\/2025\/10\/4-2-400x300.jpeg 400w, https:\/\/municipalidadpucon.cl\/wp-content\/uploads\/2025\/10\/4-2-600x450.jpeg 600w, https:\/\/municipalidadpucon.cl\/wp-content\/uploads\/2025\/10\/4-2-768x576.jpeg 768w, https:\/\/municipalidadpucon.cl\/wp-content\/uploads\/2025\/10\/4-2-800x600.jpeg 800w, https:\/\/municipalidadpucon.cl\/wp-content\/uploads\/2025\/10\/4-2-1024x768.jpeg 1024w, https:\/\/municipalidadpucon.cl\/wp-content\/uploads\/2025\/10\/4-2-1200x900.jpeg 1200w, https:\/\/municipalidadpucon.cl\/wp-content\/uploads\/2025\/10\/4-2.jpeg 1280w\" sizes=\"(max-width: 300px) 100vw, 300px\" \/> <img decoding=\"async\" class=\"alignnone size-medium wp-image-56518\" src=\"https:\/\/municipalidadpucon.cl\/wp-content\/uploads\/2025\/10\/5-300x184.jpeg\" alt=\"\" width=\"300\" height=\"184\" srcset=\"https:\/\/municipalidadpucon.cl\/wp-content\/uploads\/2025\/10\/5-200x123.jpeg 200w, https:\/\/municipalidadpucon.cl\/wp-content\/uploads\/2025\/10\/5-300x184.jpeg 300w, https:\/\/municipalidadpucon.cl\/wp-content\/uploads\/2025\/10\/5-400x246.jpeg 400w, https:\/\/municipalidadpucon.cl\/wp-content\/uploads\/2025\/10\/5-600x369.jpeg 600w, https:\/\/municipalidadpucon.cl\/wp-content\/uploads\/2025\/10\/5-768x472.jpeg 768w, https:\/\/municipalidadpucon.cl\/wp-content\/uploads\/2025\/10\/5-800x492.jpeg 800w, https:\/\/municipalidadpucon.cl\/wp-content\/uploads\/2025\/10\/5-1024x630.jpeg 1024w, https:\/\/municipalidadpucon.cl\/wp-content\/uploads\/2025\/10\/5-1200x738.jpeg 1200w, https:\/\/municipalidadpucon.cl\/wp-content\/uploads\/2025\/10\/5.jpeg 1280w\" sizes=\"(max-width: 300px) 100vw, 300px\" \/><\/p>\n<p><strong>MOTIVACI\u00d3N JUVENIL<\/strong><\/p>\n<p>El alcalde Sebasti\u00e1n \u00c1lvarez valor\u00f3 este concurso, ya que \u201ces s\u00faper importante motivar a los j\u00f3venes estudiantes de la Educaci\u00f3n Media de Puc\u00f3n a vincularse con la industria del turismo y a hacer propuestas. Lo t\u00edpico es, muchas veces, hacer cr\u00edticas, pero es muy diferente proponer soluciones a las distintas problem\u00e1ticas\u201d.<\/p>\n<audio class=\"wp-audio-shortcode\" id=\"audio-56513-2\" preload=\"none\" style=\"width: 100%;\" controls=\"controls\"><source type=\"audio\/mpeg\" src=\"https:\/\/municipalidadpucon.cl\/wp-content\/uploads\/2025\/10\/Alcalde-Sebastian-Alvarez-valora-esta-iniciativa-turistica-y-sustentable-.mp3?_=2\" \/><a href=\"https:\/\/municipalidadpucon.cl\/wp-content\/uploads\/2025\/10\/Alcalde-Sebastian-Alvarez-valora-esta-iniciativa-turistica-y-sustentable-.mp3\">https:\/\/municipalidadpucon.cl\/wp-content\/uploads\/2025\/10\/Alcalde-Sebastian-Alvarez-valora-esta-iniciativa-turistica-y-sustentable-.mp3<\/a><\/audio>\n<p>Desde la Direcci\u00f3n de Fomento y Turismo de la Municipalidad de Puc\u00f3n, su directora \u00a0Carolina Ruiz coment\u00f3 que \u201clo m\u00e1s importante era poder tener un primer acercamiento real con los estudiantes y los j\u00f3venes de nuestra comuna y estamos muy contentos porque logramos cautivar la atenci\u00f3n de ellos, a trav\u00e9s de sus profesores, de sus liceos y poder participar de proyectos que, la verdad, es que escucharlos fue bastante motivador porque vemos que en ellos viene un futuro importante del poder resguardar nuestro destino\u201d.<\/p>\n<audio class=\"wp-audio-shortcode\" id=\"audio-56513-3\" preload=\"none\" style=\"width: 100%;\" controls=\"controls\"><source type=\"audio\/mpeg\" src=\"https:\/\/municipalidadpucon.cl\/wp-content\/uploads\/2025\/10\/Carolina-Ruiz-directora-de-Fomento-y-Turismo-satisfecha-con-la-respuesta-.mp3?_=3\" \/><a href=\"https:\/\/municipalidadpucon.cl\/wp-content\/uploads\/2025\/10\/Carolina-Ruiz-directora-de-Fomento-y-Turismo-satisfecha-con-la-respuesta-.mp3\">https:\/\/municipalidadpucon.cl\/wp-content\/uploads\/2025\/10\/Carolina-Ruiz-directora-de-Fomento-y-Turismo-satisfecha-con-la-respuesta-.mp3<\/a><\/audio>\n<p>\u201cEso es lo que vimos en este concurso de Sustentabilidad y Turismo, cinco grandes presentaciones. Los cinco establecimientos que hicieron sus propuestas demostraron el compromiso de los estudiantes, de los profesores y de las instituciones, por aportar al desarrollo de la comuna\u201d, agreg\u00f3 el alcalde \u00c1lvarez.<\/p>\n<p><img decoding=\"async\" class=\"alignnone size-medium wp-image-56522\" src=\"https:\/\/municipalidadpucon.cl\/wp-content\/uploads\/2025\/10\/6-300x225.jpeg\" alt=\"\" width=\"300\" height=\"225\" srcset=\"https:\/\/municipalidadpucon.cl\/wp-content\/uploads\/2025\/10\/6-200x150.jpeg 200w, https:\/\/municipalidadpucon.cl\/wp-content\/uploads\/2025\/10\/6-300x225.jpeg 300w, https:\/\/municipalidadpucon.cl\/wp-content\/uploads\/2025\/10\/6-400x300.jpeg 400w, https:\/\/municipalidadpucon.cl\/wp-content\/uploads\/2025\/10\/6-600x450.jpeg 600w, https:\/\/municipalidadpucon.cl\/wp-content\/uploads\/2025\/10\/6-768x576.jpeg 768w, https:\/\/municipalidadpucon.cl\/wp-content\/uploads\/2025\/10\/6-800x600.jpeg 800w, https:\/\/municipalidadpucon.cl\/wp-content\/uploads\/2025\/10\/6-1024x768.jpeg 1024w, https:\/\/municipalidadpucon.cl\/wp-content\/uploads\/2025\/10\/6-1200x900.jpeg 1200w, https:\/\/municipalidadpucon.cl\/wp-content\/uploads\/2025\/10\/6.jpeg 1280w\" sizes=\"(max-width: 300px) 100vw, 300px\" \/> <img decoding=\"async\" class=\"alignnone size-medium wp-image-56523\" src=\"https:\/\/municipalidadpucon.cl\/wp-content\/uploads\/2025\/10\/7-300x225.jpeg\" alt=\"\" width=\"300\" height=\"225\" srcset=\"https:\/\/municipalidadpucon.cl\/wp-content\/uploads\/2025\/10\/7-200x150.jpeg 200w, https:\/\/municipalidadpucon.cl\/wp-content\/uploads\/2025\/10\/7-300x225.jpeg 300w, https:\/\/municipalidadpucon.cl\/wp-content\/uploads\/2025\/10\/7-400x300.jpeg 400w, https:\/\/municipalidadpucon.cl\/wp-content\/uploads\/2025\/10\/7-600x450.jpeg 600w, https:\/\/municipalidadpucon.cl\/wp-content\/uploads\/2025\/10\/7-768x576.jpeg 768w, https:\/\/municipalidadpucon.cl\/wp-content\/uploads\/2025\/10\/7-800x600.jpeg 800w, https:\/\/municipalidadpucon.cl\/wp-content\/uploads\/2025\/10\/7-1024x768.jpeg 1024w, https:\/\/municipalidadpucon.cl\/wp-content\/uploads\/2025\/10\/7-1200x900.jpeg 1200w, https:\/\/municipalidadpucon.cl\/wp-content\/uploads\/2025\/10\/7.jpeg 1280w\" sizes=\"(max-width: 300px) 100vw, 300px\" \/><\/p>\n<p><strong>APOYO EDUCATIVO<\/strong><\/p>\n<p>Margarita Avil\u00e9s, profesora de Ciencias del Liceo Tecnol\u00f3gico Montemar\u00eda, segundo en este valorado concurso juvenil puconino, reconoci\u00f3 que la participaci\u00f3n de sus estudiantes \u201cfue una experiencia muy grata, trabaj\u00e9 con un grupo que es muy bueno y los chicos son muy comprometidos tambi\u00e9n\u201d.<\/p>\n<audio class=\"wp-audio-shortcode\" id=\"audio-56513-4\" preload=\"none\" style=\"width: 100%;\" controls=\"controls\"><source type=\"audio\/mpeg\" src=\"https:\/\/municipalidadpucon.cl\/wp-content\/uploads\/2025\/10\/Margarita-Aviles-prof.-ciencias-Colegio-Montemaria.mp3?_=4\" \/><a href=\"https:\/\/municipalidadpucon.cl\/wp-content\/uploads\/2025\/10\/Margarita-Aviles-prof.-ciencias-Colegio-Montemaria.mp3\">https:\/\/municipalidadpucon.cl\/wp-content\/uploads\/2025\/10\/Margarita-Aviles-prof.-ciencias-Colegio-Montemaria.mp3<\/a><\/audio>\n<p>La maestra agreg\u00f3 que el evento abord\u00f3 \u201ctem\u00e1ticas que hemos tocado dentro de algunas asignaturas y la idea parti\u00f3 c\u00f3mo hacer del reciclaje algo m\u00e1s entretenido, y como lo mencionaron, m\u00e1s din\u00e1mico, m\u00e1s participativo, y la verdad que es bastante destacable, ya que no tiene altos costos la puesta en marcha ni de aplicaci\u00f3n. Encuentro una idea bastante innovadora que, a partir de un mapa, tipo b\u00fasqueda del tesoro, se ubiquen distintos puntos de reciclaje y que la gente participe, recibiendo un incentivo a cambio\u201d.<\/p>\n","protected":false},"excerpt":{"rendered":"<p>Certamen, organizado por la Municipalidad lacustre, a trav\u00e9s de su [&hellip;]<\/p>\n","protected":false},"author":10,"featured_media":56524,"comment_status":"closed","ping_status":"open","sticky":false,"template":"","format":"standard","meta":[],"categories":[3],"tags":[],"_links":{"self":[{"href":"https:\/\/municipalidadpucon.cl\/index.php?rest_route=\/wp\/v2\/posts\/56513"}],"collection":[{"href":"https:\/\/municipalidadpucon.cl\/index.php?rest_route=\/wp\/v2\/posts"}],"about":[{"href":"https:\/\/municipalidadpucon.cl\/index.php?rest_route=\/wp\/v2\/types\/post"}],"author":[{"embeddable":true,"href":"https:\/\/municipalidadpucon.cl\/index.php?rest_route=\/wp\/v2\/users\/10"}],"replies":[{"embeddable":true,"href":"https:\/\/municipalidadpucon.cl\/index.php?rest_route=%2Fwp%2Fv2%2Fcomments&post=56513"}],"version-history":[{"count":1,"href":"https:\/\/municipalidadpucon.cl\/index.php?rest_route=\/wp\/v2\/posts\/56513\/revisions"}],"predecessor-version":[{"id":56525,"href":"https:\/\/municipalidadpucon.cl\/index.php?rest_route=\/wp\/v2\/posts\/56513\/revisions\/56525"}],"wp:featuredmedia":[{"embeddable":true,"href":"https:\/\/municipalidadpucon.cl\/index.php?rest_route=\/wp\/v2\/media\/56524"}],"wp:attachment":[{"href":"https:\/\/municipalidadpucon.cl\/index.php?rest_route=%2Fwp%2Fv2%2Fmedia&parent=56513"}],"wp:term":[{"taxonomy":"category","embeddable":true,"href":"https:\/\/municipalidadpucon.cl\/index.php?rest_route=%2Fwp%2Fv2%2Fcategories&post=56513"},{"taxonomy":"post_tag","embeddable":true,"href":"https:\/\/municipalidadpucon.cl\/index.php?rest_route=%2Fwp%2Fv2%2Ftags&post=56513"}],"curies":[{"name":"wp","href":"https:\/\/api.w.org\/{rel}","templated":true}]}}