{"id":56538,"date":"2025-10-03T11:57:52","date_gmt":"2025-10-03T14:57:52","guid":{"rendered":"https:\/\/municipalidadpucon.cl\/?p=56538"},"modified":"2025-10-03T11:57:52","modified_gmt":"2025-10-03T14:57:52","slug":"se-conmemoro-el-dia-mundial-de-la-rabia-con-amplio-operativo-de-mascotas","status":"publish","type":"post","link":"https:\/\/municipalidadpucon.cl\/?p=56538","title":{"rendered":"Se conmemor\u00f3 el D\u00eda Mundial de la Rabia con amplio operativo de mascotas"},"content":{"rendered":"<p><em><strong>Un total de 100 vacunaciones y 100 microchips se entregaron gratuitamente para animales de compa\u00f1\u00eda de la comuna lacustre, tras gesti\u00f3n municipal, por medio de la Direcci\u00f3n de Seguridad, su Unidad de Tenencia Responsable y la Seremi de Salud.<\/strong><\/em><\/p>\n<p><img decoding=\"async\" class=\"alignnone size-medium wp-image-56539\" src=\"https:\/\/municipalidadpucon.cl\/wp-content\/uploads\/2025\/10\/2-4-300x225.jpeg\" alt=\"\" width=\"300\" height=\"225\" srcset=\"https:\/\/municipalidadpucon.cl\/wp-content\/uploads\/2025\/10\/2-4-200x150.jpeg 200w, https:\/\/municipalidadpucon.cl\/wp-content\/uploads\/2025\/10\/2-4-300x225.jpeg 300w, https:\/\/municipalidadpucon.cl\/wp-content\/uploads\/2025\/10\/2-4-400x300.jpeg 400w, https:\/\/municipalidadpucon.cl\/wp-content\/uploads\/2025\/10\/2-4-600x450.jpeg 600w, https:\/\/municipalidadpucon.cl\/wp-content\/uploads\/2025\/10\/2-4-768x576.jpeg 768w, https:\/\/municipalidadpucon.cl\/wp-content\/uploads\/2025\/10\/2-4-800x600.jpeg 800w, https:\/\/municipalidadpucon.cl\/wp-content\/uploads\/2025\/10\/2-4-1024x768.jpeg 1024w, https:\/\/municipalidadpucon.cl\/wp-content\/uploads\/2025\/10\/2-4-1200x900.jpeg 1200w, https:\/\/municipalidadpucon.cl\/wp-content\/uploads\/2025\/10\/2-4.jpeg 1280w\" sizes=\"(max-width: 300px) 100vw, 300px\" \/> <img decoding=\"async\" class=\"alignnone size-medium wp-image-56540\" src=\"https:\/\/municipalidadpucon.cl\/wp-content\/uploads\/2025\/10\/3-300x169.jpg\" alt=\"\" width=\"300\" height=\"169\" srcset=\"https:\/\/municipalidadpucon.cl\/wp-content\/uploads\/2025\/10\/3-200x113.jpg 200w, https:\/\/municipalidadpucon.cl\/wp-content\/uploads\/2025\/10\/3-300x169.jpg 300w, https:\/\/municipalidadpucon.cl\/wp-content\/uploads\/2025\/10\/3-400x225.jpg 400w, https:\/\/municipalidadpucon.cl\/wp-content\/uploads\/2025\/10\/3-600x338.jpg 600w, https:\/\/municipalidadpucon.cl\/wp-content\/uploads\/2025\/10\/3-768x432.jpg 768w, https:\/\/municipalidadpucon.cl\/wp-content\/uploads\/2025\/10\/3-800x450.jpg 800w, https:\/\/municipalidadpucon.cl\/wp-content\/uploads\/2025\/10\/3-1024x576.jpg 1024w, https:\/\/municipalidadpucon.cl\/wp-content\/uploads\/2025\/10\/3-1200x675.jpg 1200w, https:\/\/municipalidadpucon.cl\/wp-content\/uploads\/2025\/10\/3-scaled.jpg 1300w, https:\/\/municipalidadpucon.cl\/wp-content\/uploads\/2025\/10\/3-1536x864.jpg 1536w\" sizes=\"(max-width: 300px) 100vw, 300px\" \/><\/p>\n<p>Junto al edificio municipal de Puc\u00f3n se realiz\u00f3 un exitoso operativo con mascotas, a prop\u00f3sito de la conmemoraci\u00f3n del D\u00eda de la Rabia, lo que se aprovech\u00f3 para valorar gestiones sanitarias adecuadas, como la vacunaci\u00f3n, con el objetivo de evitar la propagaci\u00f3n de una enfermedad que -en todo caso- se encuentra controlada en el territorio chileno.<\/p>\n<p>Fueron m\u00e1s de 100 atenciones, con vacunas e instalaci\u00f3n de microchips gratuitas, las que se desarrollaron en el centro neur\u00e1lgico de la comuna, por gestiones del Municipio a trav\u00e9s de su Direcci\u00f3n de Seguridad y, por su extensi\u00f3n, del Programa de Tenencia Responsable de Animales de Compa\u00f1\u00eda; adem\u00e1s de la Seremi de Salud de La Araucan\u00eda.<\/p>\n<p><strong>TODO FLUIDO<\/strong><\/p>\n<p>\u201cHe visto que ha fluido s\u00faper bien las atenciones y es una instancia que da oportunidad la Municipalidad para entregar esto a la comunidad y tener al d\u00eda todos los procedimientos y lo correspondiente a la Tenencia Responsable\u201d, coment\u00f3 una de las felices beneficiadas de la jornada, la puconina Mercedes Mena, quien valor\u00f3 que la promoci\u00f3n del encuentro fuera oportunamente a trav\u00e9s de las redes sociales municipales. \u201cYo soy continuamente seguidora de la Municipalidad y del programa de Tenencia Responsable\u201d, agreg\u00f3 la propietaria de la perrita \u201cPuca\u201d.<\/p>\n<!--[if lt IE 9]><script>document.createElement('audio');<\/script><![endif]-->\n<audio class=\"wp-audio-shortcode\" id=\"audio-56538-1\" preload=\"none\" style=\"width: 100%;\" controls=\"controls\"><source type=\"audio\/mpeg\" src=\"https:\/\/municipalidadpucon.cl\/wp-content\/uploads\/2025\/10\/Mercedes-Mena-beneficiada-valora-el-operativo-.mp3?_=1\" \/><a href=\"https:\/\/municipalidadpucon.cl\/wp-content\/uploads\/2025\/10\/Mercedes-Mena-beneficiada-valora-el-operativo-.mp3\">https:\/\/municipalidadpucon.cl\/wp-content\/uploads\/2025\/10\/Mercedes-Mena-beneficiada-valora-el-operativo-.mp3<\/a><\/audio>\n<p><img decoding=\"async\" class=\"alignnone size-medium wp-image-56542\" src=\"https:\/\/municipalidadpucon.cl\/wp-content\/uploads\/2025\/10\/4-300x169.jpg\" alt=\"\" width=\"300\" height=\"169\" srcset=\"https:\/\/municipalidadpucon.cl\/wp-content\/uploads\/2025\/10\/4-200x113.jpg 200w, https:\/\/municipalidadpucon.cl\/wp-content\/uploads\/2025\/10\/4-300x169.jpg 300w, https:\/\/municipalidadpucon.cl\/wp-content\/uploads\/2025\/10\/4-400x225.jpg 400w, https:\/\/municipalidadpucon.cl\/wp-content\/uploads\/2025\/10\/4-600x338.jpg 600w, https:\/\/municipalidadpucon.cl\/wp-content\/uploads\/2025\/10\/4-768x432.jpg 768w, https:\/\/municipalidadpucon.cl\/wp-content\/uploads\/2025\/10\/4-800x450.jpg 800w, https:\/\/municipalidadpucon.cl\/wp-content\/uploads\/2025\/10\/4-1024x576.jpg 1024w, https:\/\/municipalidadpucon.cl\/wp-content\/uploads\/2025\/10\/4-1200x675.jpg 1200w, https:\/\/municipalidadpucon.cl\/wp-content\/uploads\/2025\/10\/4-scaled.jpg 1300w, https:\/\/municipalidadpucon.cl\/wp-content\/uploads\/2025\/10\/4-1536x864.jpg 1536w\" sizes=\"(max-width: 300px) 100vw, 300px\" \/> <img decoding=\"async\" class=\"alignnone size-medium wp-image-56543\" src=\"https:\/\/municipalidadpucon.cl\/wp-content\/uploads\/2025\/10\/5-300x169.jpg\" alt=\"\" width=\"300\" height=\"169\" srcset=\"https:\/\/municipalidadpucon.cl\/wp-content\/uploads\/2025\/10\/5-200x113.jpg 200w, https:\/\/municipalidadpucon.cl\/wp-content\/uploads\/2025\/10\/5-300x169.jpg 300w, https:\/\/municipalidadpucon.cl\/wp-content\/uploads\/2025\/10\/5-400x225.jpg 400w, https:\/\/municipalidadpucon.cl\/wp-content\/uploads\/2025\/10\/5-600x338.jpg 600w, https:\/\/municipalidadpucon.cl\/wp-content\/uploads\/2025\/10\/5-768x432.jpg 768w, https:\/\/municipalidadpucon.cl\/wp-content\/uploads\/2025\/10\/5-800x450.jpg 800w, https:\/\/municipalidadpucon.cl\/wp-content\/uploads\/2025\/10\/5-1024x576.jpg 1024w, https:\/\/municipalidadpucon.cl\/wp-content\/uploads\/2025\/10\/5-1200x675.jpg 1200w, https:\/\/municipalidadpucon.cl\/wp-content\/uploads\/2025\/10\/5-scaled.jpg 1300w, https:\/\/municipalidadpucon.cl\/wp-content\/uploads\/2025\/10\/5-1536x864.jpg 1536w\" sizes=\"(max-width: 300px) 100vw, 300px\" \/><\/p>\n<p>Gladys Astroza, junto a su perrito, valor\u00f3 que hubo una \u201cmuy buena atenci\u00f3n, excelente. Yo me enter\u00e9 por las redes y vine enseguida. Le pusieron el microchip y lo vacunaron por la rabia\u201d. junto con el can llamado \u201cCoke\u201d, Jos\u00e9 Artega reconoci\u00f3 que el animalito \u201ces una ayuda para uno, y esto es una ayuda para ellos, porque son parte de la familia y que los atiendan gratis, para uno es bueno. Entonces esto es parte de ser due\u00f1o, preocuparse por ellos y ser responsable\u201d, rubric\u00f3.<\/p>\n<audio class=\"wp-audio-shortcode\" id=\"audio-56538-2\" preload=\"none\" style=\"width: 100%;\" controls=\"controls\"><source type=\"audio\/mpeg\" src=\"https:\/\/municipalidadpucon.cl\/wp-content\/uploads\/2025\/10\/Gladys-Astroza-y-Jose-Arteaga-beneficiados-.mp3?_=2\" \/><a href=\"https:\/\/municipalidadpucon.cl\/wp-content\/uploads\/2025\/10\/Gladys-Astroza-y-Jose-Arteaga-beneficiados-.mp3\">https:\/\/municipalidadpucon.cl\/wp-content\/uploads\/2025\/10\/Gladys-Astroza-y-Jose-Arteaga-beneficiados-.mp3<\/a><\/audio>\n<p><strong>PREVENCI\u00d3N<\/strong><\/p>\n<p>Sobre este operativo para mascotas, Cristian Cer\u00f3n, coordinador del Programa de Tenencia Responsable de Animales de Compa\u00f1\u00eda del Municipio, indic\u00f3 que \u201cacabamos de superar las expectativas que ten\u00edamos, la gente se ha acercado muy conforme con sus perritos y sus gatitos, cumpliendo efectivamente con lo que son sus vacunaciones y su calendario sanitario\u201d.<\/p>\n<audio class=\"wp-audio-shortcode\" id=\"audio-56538-3\" preload=\"none\" style=\"width: 100%;\" controls=\"controls\"><source type=\"audio\/mpeg\" src=\"https:\/\/municipalidadpucon.cl\/wp-content\/uploads\/2025\/10\/Cristian-Ceron-coordinador-Programa-Tenencia-de-Animales-de-Compania-.mp3?_=3\" \/><a href=\"https:\/\/municipalidadpucon.cl\/wp-content\/uploads\/2025\/10\/Cristian-Ceron-coordinador-Programa-Tenencia-de-Animales-de-Compania-.mp3\">https:\/\/municipalidadpucon.cl\/wp-content\/uploads\/2025\/10\/Cristian-Ceron-coordinador-Programa-Tenencia-de-Animales-de-Compania-.mp3<\/a><\/audio>\n<p><img decoding=\"async\" class=\"size-medium wp-image-56546 aligncenter\" src=\"https:\/\/municipalidadpucon.cl\/wp-content\/uploads\/2025\/10\/6-300x169.jpg\" alt=\"\" width=\"300\" height=\"169\" srcset=\"https:\/\/municipalidadpucon.cl\/wp-content\/uploads\/2025\/10\/6-200x113.jpg 200w, https:\/\/municipalidadpucon.cl\/wp-content\/uploads\/2025\/10\/6-300x169.jpg 300w, https:\/\/municipalidadpucon.cl\/wp-content\/uploads\/2025\/10\/6-400x225.jpg 400w, https:\/\/municipalidadpucon.cl\/wp-content\/uploads\/2025\/10\/6-600x338.jpg 600w, https:\/\/municipalidadpucon.cl\/wp-content\/uploads\/2025\/10\/6-768x432.jpg 768w, https:\/\/municipalidadpucon.cl\/wp-content\/uploads\/2025\/10\/6-800x450.jpg 800w, https:\/\/municipalidadpucon.cl\/wp-content\/uploads\/2025\/10\/6-1024x576.jpg 1024w, https:\/\/municipalidadpucon.cl\/wp-content\/uploads\/2025\/10\/6-1200x675.jpg 1200w, https:\/\/municipalidadpucon.cl\/wp-content\/uploads\/2025\/10\/6-scaled.jpg 1300w, https:\/\/municipalidadpucon.cl\/wp-content\/uploads\/2025\/10\/6-1536x864.jpg 1536w\" sizes=\"(max-width: 300px) 100vw, 300px\" \/><\/p>\n<p>El profesional subray\u00f3 que esta masiva acci\u00f3n se enmarc\u00f3 en el D\u00eda Mundial de la Rabia, \u201cpara abordar la vacunaci\u00f3n como m\u00e9todo de prevenci\u00f3n. Chile, en este caso, est\u00e1 libre justamente de este virus de la rabia, que es un virus zoon\u00f3tico; es decir, se puede transmitir de animales a humanos, y es con esta finalidad que se logra la sanitizaci\u00f3n de ellos\u201d.<\/p>\n<p><strong>M\u00c1S ATENCIONES<\/strong><\/p>\n<p>El Municipio de Puc\u00f3n continuar\u00e1 con este tipo de operativos y coordinaciones directas con Juntas de Vecinos y organizaciones sociales, con el objetivo de atender de mejor manera y oportunamente a las mascotas comunales directamente en la oficina de Tenencia Responsable, de Palgu\u00edn N\u00b0730, al n\u00famero de WhatsApp +569 8818 8650 o al contacto telef\u00f3nico: +569 8206 0625.<\/p>\n","protected":false},"excerpt":{"rendered":"<p>Un total de 100 vacunaciones y 100 microchips se entregaron [&hellip;]<\/p>\n","protected":false},"author":10,"featured_media":56547,"comment_status":"closed","ping_status":"open","sticky":false,"template":"","format":"standard","meta":[],"categories":[98,3],"tags":[],"_links":{"self":[{"href":"https:\/\/municipalidadpucon.cl\/index.php?rest_route=\/wp\/v2\/posts\/56538"}],"collection":[{"href":"https:\/\/municipalidadpucon.cl\/index.php?rest_route=\/wp\/v2\/posts"}],"about":[{"href":"https:\/\/municipalidadpucon.cl\/index.php?rest_route=\/wp\/v2\/types\/post"}],"author":[{"embeddable":true,"href":"https:\/\/municipalidadpucon.cl\/index.php?rest_route=\/wp\/v2\/users\/10"}],"replies":[{"embeddable":true,"href":"https:\/\/municipalidadpucon.cl\/index.php?rest_route=%2Fwp%2Fv2%2Fcomments&post=56538"}],"version-history":[{"count":1,"href":"https:\/\/municipalidadpucon.cl\/index.php?rest_route=\/wp\/v2\/posts\/56538\/revisions"}],"predecessor-version":[{"id":56548,"href":"https:\/\/municipalidadpucon.cl\/index.php?rest_route=\/wp\/v2\/posts\/56538\/revisions\/56548"}],"wp:featuredmedia":[{"embeddable":true,"href":"https:\/\/municipalidadpucon.cl\/index.php?rest_route=\/wp\/v2\/media\/56547"}],"wp:attachment":[{"href":"https:\/\/municipalidadpucon.cl\/index.php?rest_route=%2Fwp%2Fv2%2Fmedia&parent=56538"}],"wp:term":[{"taxonomy":"category","embeddable":true,"href":"https:\/\/municipalidadpucon.cl\/index.php?rest_route=%2Fwp%2Fv2%2Fcategories&post=56538"},{"taxonomy":"post_tag","embeddable":true,"href":"https:\/\/municipalidadpucon.cl\/index.php?rest_route=%2Fwp%2Fv2%2Ftags&post=56538"}],"curies":[{"name":"wp","href":"https:\/\/api.w.org\/{rel}","templated":true}]}}