{"id":56549,"date":"2025-10-03T13:44:55","date_gmt":"2025-10-03T16:44:55","guid":{"rendered":"https:\/\/municipalidadpucon.cl\/?p=56549"},"modified":"2025-10-03T13:44:55","modified_gmt":"2025-10-03T16:44:55","slug":"municipio-gestiona-mas-de-165-millones-del-gore-solo-para-proyectos-sociales","status":"publish","type":"post","link":"https:\/\/municipalidadpucon.cl\/?p=56549","title":{"rendered":"Municipio gestiona m\u00e1s de $165 millones del GORE s\u00f3lo para proyectos sociales"},"content":{"rendered":"<p><em><strong>Un total de siete iniciativas presentadas, a nombre de diversas organizaciones de la zona lacustre acaban de recibir \u201cluz verde\u201d del organismo regional en \u00e1reas de cultura, seguridad, deportes y tenencia responsable de mascotas.<\/strong><\/em><\/p>\n<p><img decoding=\"async\" class=\"alignnone size-medium wp-image-56550\" src=\"https:\/\/municipalidadpucon.cl\/wp-content\/uploads\/2025\/10\/2-fomento-lector-300x225.jpeg\" alt=\"\" width=\"300\" height=\"225\" srcset=\"https:\/\/municipalidadpucon.cl\/wp-content\/uploads\/2025\/10\/2-fomento-lector-200x150.jpeg 200w, https:\/\/municipalidadpucon.cl\/wp-content\/uploads\/2025\/10\/2-fomento-lector-300x225.jpeg 300w, https:\/\/municipalidadpucon.cl\/wp-content\/uploads\/2025\/10\/2-fomento-lector-400x300.jpeg 400w, https:\/\/municipalidadpucon.cl\/wp-content\/uploads\/2025\/10\/2-fomento-lector-600x450.jpeg 600w, https:\/\/municipalidadpucon.cl\/wp-content\/uploads\/2025\/10\/2-fomento-lector-768x576.jpeg 768w, https:\/\/municipalidadpucon.cl\/wp-content\/uploads\/2025\/10\/2-fomento-lector-800x600.jpeg 800w, https:\/\/municipalidadpucon.cl\/wp-content\/uploads\/2025\/10\/2-fomento-lector-1024x768.jpeg 1024w, https:\/\/municipalidadpucon.cl\/wp-content\/uploads\/2025\/10\/2-fomento-lector-1200x900.jpeg 1200w, https:\/\/municipalidadpucon.cl\/wp-content\/uploads\/2025\/10\/2-fomento-lector-scaled.jpeg 1300w, https:\/\/municipalidadpucon.cl\/wp-content\/uploads\/2025\/10\/2-fomento-lector-1536x1152.jpeg 1536w\" sizes=\"(max-width: 300px) 100vw, 300px\" \/> <img decoding=\"async\" class=\"alignnone size-medium wp-image-56551\" src=\"https:\/\/municipalidadpucon.cl\/wp-content\/uploads\/2025\/10\/5-adulto-mayor-300x225.jpeg\" alt=\"\" width=\"300\" height=\"225\" srcset=\"https:\/\/municipalidadpucon.cl\/wp-content\/uploads\/2025\/10\/5-adulto-mayor-200x150.jpeg 200w, https:\/\/municipalidadpucon.cl\/wp-content\/uploads\/2025\/10\/5-adulto-mayor-300x225.jpeg 300w, https:\/\/municipalidadpucon.cl\/wp-content\/uploads\/2025\/10\/5-adulto-mayor-400x300.jpeg 400w, https:\/\/municipalidadpucon.cl\/wp-content\/uploads\/2025\/10\/5-adulto-mayor-600x450.jpeg 600w, https:\/\/municipalidadpucon.cl\/wp-content\/uploads\/2025\/10\/5-adulto-mayor-768x576.jpeg 768w, https:\/\/municipalidadpucon.cl\/wp-content\/uploads\/2025\/10\/5-adulto-mayor-800x600.jpeg 800w, https:\/\/municipalidadpucon.cl\/wp-content\/uploads\/2025\/10\/5-adulto-mayor-1024x768.jpeg 1024w, https:\/\/municipalidadpucon.cl\/wp-content\/uploads\/2025\/10\/5-adulto-mayor-1200x900.jpeg 1200w, https:\/\/municipalidadpucon.cl\/wp-content\/uploads\/2025\/10\/5-adulto-mayor.jpeg 1280w\" sizes=\"(max-width: 300px) 100vw, 300px\" \/><\/p>\n<p>En la comuna de Puc\u00f3n est\u00e1n felices, sus autoridades locales y organizaciones sociales, gracias a la ratificaci\u00f3n del Gobierno Regional (GORE) de La Araucan\u00eda para financiar siete proyectos presentados por la Municipalidad lacustre, en el marco del Concurso de Vinculaci\u00f3n con la Comunidad -del 8 por ciento (exFNDR)-, los que van en directo beneficio de los vecinos de la zona, en \u00e1mbitos como el deporte, adultos mayores, cultura, seguridad y tenencia responsable de mascotas, por un monto total de $166.996.671.<\/p>\n<p>\u201cEsperamos que esto avance prontamente y que podamos hacer llegar los recursos a los proyectos para su pronta ejecuci\u00f3n, y de esa manera los vecinos y vecinas de Puc\u00f3n puedan disfrutar de los avances con este tipo de iniciativas\u201d, destac\u00f3 el director de la Secretar\u00eda de Planificaci\u00f3n Comunal (SECPLAC), Alexis Figueroa, quien confirm\u00f3 el acento que el propio alcalde de la comuna, Sebasti\u00e1n \u00c1lvarez, puso en diversificar y ampliar la obtenci\u00f3n de recursos p\u00fablicos.<\/p>\n<!--[if lt IE 9]><script>document.createElement('audio');<\/script><![endif]-->\n<audio class=\"wp-audio-shortcode\" id=\"audio-56549-1\" preload=\"none\" style=\"width: 100%;\" controls=\"controls\"><source type=\"audio\/mpeg\" src=\"https:\/\/municipalidadpucon.cl\/wp-content\/uploads\/2025\/10\/Alexis-Figueroa-Secplac-valora-la-aprobacion-de-parte-del-GORE.mp3?_=1\" \/><a href=\"https:\/\/municipalidadpucon.cl\/wp-content\/uploads\/2025\/10\/Alexis-Figueroa-Secplac-valora-la-aprobacion-de-parte-del-GORE.mp3\">https:\/\/municipalidadpucon.cl\/wp-content\/uploads\/2025\/10\/Alexis-Figueroa-Secplac-valora-la-aprobacion-de-parte-del-GORE.mp3<\/a><\/audio>\n<p><img decoding=\"async\" class=\"alignnone size-medium wp-image-56553\" src=\"https:\/\/municipalidadpucon.cl\/wp-content\/uploads\/2025\/10\/3-Tenencia-300x169.jpg\" alt=\"\" width=\"300\" height=\"169\" srcset=\"https:\/\/municipalidadpucon.cl\/wp-content\/uploads\/2025\/10\/3-Tenencia-200x113.jpg 200w, https:\/\/municipalidadpucon.cl\/wp-content\/uploads\/2025\/10\/3-Tenencia-300x169.jpg 300w, https:\/\/municipalidadpucon.cl\/wp-content\/uploads\/2025\/10\/3-Tenencia-400x225.jpg 400w, https:\/\/municipalidadpucon.cl\/wp-content\/uploads\/2025\/10\/3-Tenencia-600x338.jpg 600w, https:\/\/municipalidadpucon.cl\/wp-content\/uploads\/2025\/10\/3-Tenencia-768x432.jpg 768w, https:\/\/municipalidadpucon.cl\/wp-content\/uploads\/2025\/10\/3-Tenencia-800x450.jpg 800w, https:\/\/municipalidadpucon.cl\/wp-content\/uploads\/2025\/10\/3-Tenencia-1024x576.jpg 1024w, https:\/\/municipalidadpucon.cl\/wp-content\/uploads\/2025\/10\/3-Tenencia-1200x675.jpg 1200w, https:\/\/municipalidadpucon.cl\/wp-content\/uploads\/2025\/10\/3-Tenencia-scaled.jpg 1300w, https:\/\/municipalidadpucon.cl\/wp-content\/uploads\/2025\/10\/3-Tenencia-1536x864.jpg 1536w\" sizes=\"(max-width: 300px) 100vw, 300px\" \/><\/p>\n<p><strong>PROYECTOS SOCIALES<\/strong><\/p>\n<p>En lo espec\u00edfico, fue la Oficina de Proyectos Sociales del Municipio la que concret\u00f3 la formulaci\u00f3n de estas iniciativas sociales, desde donde la profesional Cecilia Palma subray\u00f3 que \u201cson muy buenas noticias, ya que el a\u00f1o pasado, lamentablemente, postulamos varios proyectos, pero solamente nos adjudicamos uno. Este a\u00f1o nos adjudicamos siete, y eso viene en directo beneficio de toda la comunidad, tanto del \u00e1rea urbana como rural\u201d.<\/p>\n<audio class=\"wp-audio-shortcode\" id=\"audio-56549-2\" preload=\"none\" style=\"width: 100%;\" controls=\"controls\"><source type=\"audio\/mpeg\" src=\"https:\/\/municipalidadpucon.cl\/wp-content\/uploads\/2025\/10\/Cecilia-Palma.-profesional-de-Proyectos-Sociales-Muni-Pucon-.mp3?_=2\" \/><a href=\"https:\/\/municipalidadpucon.cl\/wp-content\/uploads\/2025\/10\/Cecilia-Palma.-profesional-de-Proyectos-Sociales-Muni-Pucon-.mp3\">https:\/\/municipalidadpucon.cl\/wp-content\/uploads\/2025\/10\/Cecilia-Palma.-profesional-de-Proyectos-Sociales-Muni-Pucon-.mp3<\/a><\/audio>\n<p>Un hecho paralelamente relevante es que para los programas adjudicados por el GORE de La Araucan\u00eda \u201ces importante para nosotros como Municipio generar empleos, porque estos proyectos no permiten la contrataci\u00f3n de personal que trabaje en el Municipio. Entonces, todas las personas que se contraten ser\u00e1n personas que tienen que estar ajenas al \u00e1mbito municipal. O sea, vamos a contratar varios profesionales; por ejemplo, en el tema de cultura, se van a contratar monitores para la realizaci\u00f3n de los talleres lectores\u201d, detall\u00f3 Cecilia Palma, quien trabaja en la unidad junto a Camila Villagra.<\/p>\n<audio class=\"wp-audio-shortcode\" id=\"audio-56549-3\" preload=\"none\" style=\"width: 100%;\" controls=\"controls\"><source type=\"audio\/mpeg\" src=\"https:\/\/municipalidadpucon.cl\/wp-content\/uploads\/2025\/10\/Cecilia-Palma.-destaca-la-coordinacion-con-la-comunidad-.mp3?_=3\" \/><a href=\"https:\/\/municipalidadpucon.cl\/wp-content\/uploads\/2025\/10\/Cecilia-Palma.-destaca-la-coordinacion-con-la-comunidad-.mp3\">https:\/\/municipalidadpucon.cl\/wp-content\/uploads\/2025\/10\/Cecilia-Palma.-destaca-la-coordinacion-con-la-comunidad-.mp3<\/a><\/audio>\n<p><strong>\u201cTOP 10\u201d<\/strong><\/p>\n<p>En cuanto a la definici\u00f3n de los proyectos presentados, los siete, si bien fueron formulados por el Municipio, fueron solicitados por las organizaciones o las personas en general. Un ejemplo de ello es el proyecto de iluminaci\u00f3n en el Pasaje Arriagada, el que iluminar\u00e1 aproximadamente un kil\u00f3metro y medio del trazado con una veintena de focos LED, a lo que se sumar\u00e1 la capacitaci\u00f3n de los profesionales del \u00e1rea de Alumbrado P\u00fablico municipal.<\/p>\n<p>Consultado por el cu\u00e1ndo se liberar\u00e1n los recursos, el SECPLAC Alexis Figueroa afirm\u00f3 que \u201clo importante es que ya tenemos firmados los mensajes del Gobernador (Ren\u00e9 Saffirio) y eso ya nos da seguridad acerca de los proyectos y nos posiciona en la lista de los top diez de las comunas que m\u00e1s ha apalancado recursos este a\u00f1o en La Araucan\u00eda\u201d.<\/p>\n<audio class=\"wp-audio-shortcode\" id=\"audio-56549-4\" preload=\"none\" style=\"width: 100%;\" controls=\"controls\"><source type=\"audio\/mpeg\" src=\"https:\/\/municipalidadpucon.cl\/wp-content\/uploads\/2025\/10\/Alexis-Figueroa-plazos-para-su-concrecion-.mp3?_=4\" \/><a href=\"https:\/\/municipalidadpucon.cl\/wp-content\/uploads\/2025\/10\/Alexis-Figueroa-plazos-para-su-concrecion-.mp3\">https:\/\/municipalidadpucon.cl\/wp-content\/uploads\/2025\/10\/Alexis-Figueroa-plazos-para-su-concrecion-.mp3<\/a><\/audio>\n<p><img decoding=\"async\" class=\"alignnone size-medium wp-image-56557\" src=\"https:\/\/municipalidadpucon.cl\/wp-content\/uploads\/2025\/10\/4-Pje-Arriagada-300x225.jpeg\" alt=\"\" width=\"300\" height=\"225\" srcset=\"https:\/\/municipalidadpucon.cl\/wp-content\/uploads\/2025\/10\/4-Pje-Arriagada-200x150.jpeg 200w, https:\/\/municipalidadpucon.cl\/wp-content\/uploads\/2025\/10\/4-Pje-Arriagada-300x225.jpeg 300w, https:\/\/municipalidadpucon.cl\/wp-content\/uploads\/2025\/10\/4-Pje-Arriagada-400x300.jpeg 400w, https:\/\/municipalidadpucon.cl\/wp-content\/uploads\/2025\/10\/4-Pje-Arriagada-600x450.jpeg 600w, https:\/\/municipalidadpucon.cl\/wp-content\/uploads\/2025\/10\/4-Pje-Arriagada-768x576.jpeg 768w, https:\/\/municipalidadpucon.cl\/wp-content\/uploads\/2025\/10\/4-Pje-Arriagada-800x600.jpeg 800w, https:\/\/municipalidadpucon.cl\/wp-content\/uploads\/2025\/10\/4-Pje-Arriagada-1024x768.jpeg 1024w, https:\/\/municipalidadpucon.cl\/wp-content\/uploads\/2025\/10\/4-Pje-Arriagada-1200x900.jpeg 1200w, https:\/\/municipalidadpucon.cl\/wp-content\/uploads\/2025\/10\/4-Pje-Arriagada-scaled.jpeg 1300w, https:\/\/municipalidadpucon.cl\/wp-content\/uploads\/2025\/10\/4-Pje-Arriagada-1536x1152.jpeg 1536w\" sizes=\"(max-width: 300px) 100vw, 300px\" \/><\/p>\n<p><strong>OTRAS INICIATIVAS\u00a0<\/strong><\/p>\n<p>Adem\u00e1s del \u00e1rea Seguridad, con las luminarias para el Pasaje Arriagada, en el \u00e1rea cultura se aprob\u00f3 el taller de fomento lector para ni\u00f1os, j\u00f3venes y adultos; en deportes se har\u00e1n eventos en Paillaco, Villa San Pedro y Carileufu; al adulto mayor de la comuna se le entregar\u00e1n ayudas t\u00e9cnicas, con profesionales de salud; en el \u00e1mbito social habr\u00e1 neurorrehabilitaci\u00f3n a personas con discapacidad; mientras en el \u00e1rea de Tenencia Responsable de Mascotas, con los recursos del GORE podr\u00e1n concretarse esterilizaciones y operativos veterinarios en lugares rurales y urbanos de la comuna.<\/p>\n","protected":false},"excerpt":{"rendered":"<p>Un total de siete iniciativas presentadas, a nombre de diversas [&hellip;]<\/p>\n","protected":false},"author":10,"featured_media":56558,"comment_status":"closed","ping_status":"open","sticky":false,"template":"","format":"standard","meta":[],"categories":[98,3],"tags":[],"_links":{"self":[{"href":"https:\/\/municipalidadpucon.cl\/index.php?rest_route=\/wp\/v2\/posts\/56549"}],"collection":[{"href":"https:\/\/municipalidadpucon.cl\/index.php?rest_route=\/wp\/v2\/posts"}],"about":[{"href":"https:\/\/municipalidadpucon.cl\/index.php?rest_route=\/wp\/v2\/types\/post"}],"author":[{"embeddable":true,"href":"https:\/\/municipalidadpucon.cl\/index.php?rest_route=\/wp\/v2\/users\/10"}],"replies":[{"embeddable":true,"href":"https:\/\/municipalidadpucon.cl\/index.php?rest_route=%2Fwp%2Fv2%2Fcomments&post=56549"}],"version-history":[{"count":1,"href":"https:\/\/municipalidadpucon.cl\/index.php?rest_route=\/wp\/v2\/posts\/56549\/revisions"}],"predecessor-version":[{"id":56559,"href":"https:\/\/municipalidadpucon.cl\/index.php?rest_route=\/wp\/v2\/posts\/56549\/revisions\/56559"}],"wp:featuredmedia":[{"embeddable":true,"href":"https:\/\/municipalidadpucon.cl\/index.php?rest_route=\/wp\/v2\/media\/56558"}],"wp:attachment":[{"href":"https:\/\/municipalidadpucon.cl\/index.php?rest_route=%2Fwp%2Fv2%2Fmedia&parent=56549"}],"wp:term":[{"taxonomy":"category","embeddable":true,"href":"https:\/\/municipalidadpucon.cl\/index.php?rest_route=%2Fwp%2Fv2%2Fcategories&post=56549"},{"taxonomy":"post_tag","embeddable":true,"href":"https:\/\/municipalidadpucon.cl\/index.php?rest_route=%2Fwp%2Fv2%2Ftags&post=56549"}],"curies":[{"name":"wp","href":"https:\/\/api.w.org\/{rel}","templated":true}]}}