{"id":56561,"date":"2025-10-06T09:30:28","date_gmt":"2025-10-06T12:30:28","guid":{"rendered":"https:\/\/municipalidadpucon.cl\/?p=56561"},"modified":"2025-10-06T09:30:28","modified_gmt":"2025-10-06T12:30:28","slug":"lento-por-la-fauna-pucon-se-suma-a-campana-que-busca-proteger-especies-nativas","status":"publish","type":"post","link":"https:\/\/municipalidadpucon.cl\/?p=56561","title":{"rendered":"Lento por la Fauna: Puc\u00f3n se suma a campa\u00f1a que busca proteger especies nativas"},"content":{"rendered":"<p><em><strong>A partir de registros realizados por el investigador CEDEL UC, Nicol\u00e1s G\u00e1lvez, se identificaron cuatro zonas claves para el cuidado de la fauna nativa, en donde el Municipio colabor\u00f3 con una se\u00f1alizaci\u00f3n y llamado de atenci\u00f3n exclusiva.<\/strong><\/em><\/p>\n<p><img decoding=\"async\" class=\"size-medium wp-image-56562 aligncenter\" src=\"https:\/\/municipalidadpucon.cl\/wp-content\/uploads\/2025\/10\/2-300x169.jpg\" alt=\"\" width=\"300\" height=\"169\" srcset=\"https:\/\/municipalidadpucon.cl\/wp-content\/uploads\/2025\/10\/2-200x112.jpg 200w, https:\/\/municipalidadpucon.cl\/wp-content\/uploads\/2025\/10\/2-300x169.jpg 300w, https:\/\/municipalidadpucon.cl\/wp-content\/uploads\/2025\/10\/2-400x225.jpg 400w, https:\/\/municipalidadpucon.cl\/wp-content\/uploads\/2025\/10\/2-600x337.jpg 600w, https:\/\/municipalidadpucon.cl\/wp-content\/uploads\/2025\/10\/2-768x432.jpg 768w, https:\/\/municipalidadpucon.cl\/wp-content\/uploads\/2025\/10\/2-800x450.jpg 800w, https:\/\/municipalidadpucon.cl\/wp-content\/uploads\/2025\/10\/2-1024x576.jpg 1024w, https:\/\/municipalidadpucon.cl\/wp-content\/uploads\/2025\/10\/2-1200x675.jpg 1200w, https:\/\/municipalidadpucon.cl\/wp-content\/uploads\/2025\/10\/2-scaled.jpg 1300w, https:\/\/municipalidadpucon.cl\/wp-content\/uploads\/2025\/10\/2-1536x864.jpg 1536w\" sizes=\"(max-width: 300px) 100vw, 300px\" \/><\/p>\n<p>En la comuna de Puc\u00f3n, y producto de un trabajo colaborativo que incluy\u00f3 a instituciones de la zona lacustre, se inaugur\u00f3 la campa\u00f1a Lento por la Fauna, iniciativa de Fundaci\u00f3n Con Garra que busca concientizar sobre la circulaci\u00f3n de fauna nativa en sectores estrat\u00e9gicos y que fue ejecutada por el Departamento de Aseo, Ornato y Medio Ambiente (DAOMA) de la Municipalidad de Puc\u00f3n.<\/p>\n<p>La campa\u00f1a -en colaboraci\u00f3n entre el Campus Villarrica de la Pontificia Universidad Cat\u00f3lica de Chile, la Municipalidad de Puc\u00f3n, la Fundaci\u00f3n Con Garra y el Grupo de Trabajo de la G\u00fci\u00f1a- contempla la instalaci\u00f3n de cuatro se\u00f1al\u00e9ticas en caminos p\u00fablicos de la comuna, que llaman a conductores a reducir la velocidad en zonas donde, en los \u00faltimos 15 a\u00f1os, se han registrado atropellos de la especie nativa Gato G\u00fci\u00f1a.<\/p>\n<p><strong>CUIDADO MEDIOAMBIENTAL<\/strong><\/p>\n<p>\u201cHoy en d\u00eda tenemos que cuidar nuestra flora y fauna y nos damos cuenta en rutas de alta velocidad que muchas veces los veh\u00edculos atropellan y lamentablemente producen un da\u00f1o medioambiental\u201d, alert\u00f3 el alcalde de la comuna de Puc\u00f3n, Sebasti\u00e1n \u00c1lvarez, quien solicit\u00f3 \u201cmayor cuidado a los conductores, porque estas son las cosas que nos motivan y nos unen a todos los puconinos, ya que significa cuidar y preservar nuestra naturaleza. Uno espera que estas campa\u00f1as tambi\u00e9n puedan ser observadas por otros municipios\u201d.<\/p>\n<!--[if lt IE 9]><script>document.createElement('audio');<\/script><![endif]-->\n<audio class=\"wp-audio-shortcode\" id=\"audio-56561-1\" preload=\"none\" style=\"width: 100%;\" controls=\"controls\"><source type=\"audio\/mpeg\" src=\"https:\/\/municipalidadpucon.cl\/wp-content\/uploads\/2025\/10\/Alcalde-Sebastian-Alvarezdestaca-la-labor-conjunta-y-motiva-a-otros-municipios.mp3?_=1\" \/><a href=\"https:\/\/municipalidadpucon.cl\/wp-content\/uploads\/2025\/10\/Alcalde-Sebastian-Alvarezdestaca-la-labor-conjunta-y-motiva-a-otros-municipios.mp3\">https:\/\/municipalidadpucon.cl\/wp-content\/uploads\/2025\/10\/Alcalde-Sebastian-Alvarezdestaca-la-labor-conjunta-y-motiva-a-otros-municipios.mp3<\/a><\/audio>\n<p><img decoding=\"async\" class=\"alignnone size-medium wp-image-56564\" src=\"https:\/\/municipalidadpucon.cl\/wp-content\/uploads\/2025\/10\/4-1-300x169.jpg\" alt=\"\" width=\"300\" height=\"169\" srcset=\"https:\/\/municipalidadpucon.cl\/wp-content\/uploads\/2025\/10\/4-1-200x112.jpg 200w, https:\/\/municipalidadpucon.cl\/wp-content\/uploads\/2025\/10\/4-1-300x169.jpg 300w, https:\/\/municipalidadpucon.cl\/wp-content\/uploads\/2025\/10\/4-1-400x225.jpg 400w, https:\/\/municipalidadpucon.cl\/wp-content\/uploads\/2025\/10\/4-1-600x337.jpg 600w, https:\/\/municipalidadpucon.cl\/wp-content\/uploads\/2025\/10\/4-1-768x432.jpg 768w, https:\/\/municipalidadpucon.cl\/wp-content\/uploads\/2025\/10\/4-1-800x450.jpg 800w, https:\/\/municipalidadpucon.cl\/wp-content\/uploads\/2025\/10\/4-1-1024x576.jpg 1024w, https:\/\/municipalidadpucon.cl\/wp-content\/uploads\/2025\/10\/4-1-1200x675.jpg 1200w, https:\/\/municipalidadpucon.cl\/wp-content\/uploads\/2025\/10\/4-1-scaled.jpg 1300w, https:\/\/municipalidadpucon.cl\/wp-content\/uploads\/2025\/10\/4-1-1536x864.jpg 1536w\" sizes=\"(max-width: 300px) 100vw, 300px\" \/><\/p>\n<p>El monitoreo lo ha realizado el investigador del CEDEL UC, Nicol\u00e1s G\u00e1lvez, quien durante el primer semestre de 2025 se acerc\u00f3 al organismo p\u00fablico para gestionar la implementaci\u00f3n de la campa\u00f1a, la que busca beneficiar no s\u00f3lo a este felino.<\/p>\n<p><strong>APOYO INSTITUCIONAL<\/strong><\/p>\n<p>&#8220;Logramos la autorizaci\u00f3n de parte del Ministerio de Obras P\u00fablicas para instalar cuatro letreros en zonas de la ruta donde hemos documentado atropellos del Gato G\u00fci\u00f1a, pero tambi\u00e9n sabemos que hay otras especies que frecuentan los bosques aleda\u00f1os y que eventualmente podr\u00edan estar cruzando la ruta\u201d, indic\u00f3 el investigador.<\/p>\n<p>La directora del DAOMA del Municipio de Puc\u00f3n, Evelyn Silva, asegur\u00f3 que, tras esta instalaci\u00f3n, se espera intervenir otras zonas de la comuna. \u201cLa idea es poder instalar m\u00e1s letreros en otros sectores donde tambi\u00e9n hemos constatado que hay especies, tanto g\u00fci\u00f1as como zorros, que cruzan estas rutas. Comenzamos esta actividad en un fin de poder resguardar nuestra biodiversidad, trabajando con CEDEL de la Universidad Cat\u00f3lica de Villarrica, y tambi\u00e9n Con Garra, que es una agrupaci\u00f3n que trabaja espec\u00edficamente a nivel nacional\u201d, subray\u00f3 la funcionaria de la entidad edilicia puconina.<\/p>\n<audio class=\"wp-audio-shortcode\" id=\"audio-56561-2\" preload=\"none\" style=\"width: 100%;\" controls=\"controls\"><source type=\"audio\/mpeg\" src=\"https:\/\/municipalidadpucon.cl\/wp-content\/uploads\/2025\/10\/Evelyn-Silva-directora-Aseo-Ornato-y-Medioambiente-Muni-Pucon-.mp3?_=2\" \/><a href=\"https:\/\/municipalidadpucon.cl\/wp-content\/uploads\/2025\/10\/Evelyn-Silva-directora-Aseo-Ornato-y-Medioambiente-Muni-Pucon-.mp3\">https:\/\/municipalidadpucon.cl\/wp-content\/uploads\/2025\/10\/Evelyn-Silva-directora-Aseo-Ornato-y-Medioambiente-Muni-Pucon-.mp3<\/a><\/audio>\n<p><img decoding=\"async\" class=\"alignnone size-medium wp-image-56566\" src=\"https:\/\/municipalidadpucon.cl\/wp-content\/uploads\/2025\/10\/WhatsApp-Image-2025-09-16-at-18.01.11-300x225.jpeg\" alt=\"\" width=\"300\" height=\"225\" srcset=\"https:\/\/municipalidadpucon.cl\/wp-content\/uploads\/2025\/10\/WhatsApp-Image-2025-09-16-at-18.01.11-200x150.jpeg 200w, https:\/\/municipalidadpucon.cl\/wp-content\/uploads\/2025\/10\/WhatsApp-Image-2025-09-16-at-18.01.11-300x225.jpeg 300w, https:\/\/municipalidadpucon.cl\/wp-content\/uploads\/2025\/10\/WhatsApp-Image-2025-09-16-at-18.01.11-400x300.jpeg 400w, https:\/\/municipalidadpucon.cl\/wp-content\/uploads\/2025\/10\/WhatsApp-Image-2025-09-16-at-18.01.11-600x450.jpeg 600w, https:\/\/municipalidadpucon.cl\/wp-content\/uploads\/2025\/10\/WhatsApp-Image-2025-09-16-at-18.01.11-768x576.jpeg 768w, https:\/\/municipalidadpucon.cl\/wp-content\/uploads\/2025\/10\/WhatsApp-Image-2025-09-16-at-18.01.11-800x600.jpeg 800w, https:\/\/municipalidadpucon.cl\/wp-content\/uploads\/2025\/10\/WhatsApp-Image-2025-09-16-at-18.01.11-1024x768.jpeg 1024w, https:\/\/municipalidadpucon.cl\/wp-content\/uploads\/2025\/10\/WhatsApp-Image-2025-09-16-at-18.01.11-1200x900.jpeg 1200w, https:\/\/municipalidadpucon.cl\/wp-content\/uploads\/2025\/10\/WhatsApp-Image-2025-09-16-at-18.01.11-scaled.jpeg 1300w, https:\/\/municipalidadpucon.cl\/wp-content\/uploads\/2025\/10\/WhatsApp-Image-2025-09-16-at-18.01.11-1536x1152.jpeg 1536w\" sizes=\"(max-width: 300px) 100vw, 300px\" \/><\/p>\n<p><strong>\u201cCON GARRA\u201d<\/strong><\/p>\n<p>Fue el a\u00f1o 2023, cuando Fundaci\u00f3n Con Garra lanz\u00f3 la campa\u00f1a #LentoPorLaFauna atendiendo las cifras de atropellos a fauna nativa en zonas del sur de Chile, particularmente en rutas cercanas a Parques Nacionales, Reservas Nacionales y Monumentos Naturales.<\/p>\n<p>\u201cNuestros bosques y nuestros ecosistemas son previos a la llegada del humano con su civilizaci\u00f3n\u201d, aport\u00f3 argumentos Felipe Ortega, administrador del Parque Nacional Villarrica, quien agreg\u00f3 que \u201cla fauna sigue haciendo sus formas de vida de manera natural, y por tanto somos nosotros los que le hemos ido interrumpiendo sus lugares de vida, y en esta campa\u00f1a la idea es que la gente concientice que estos son lugares de fauna silvestre, lugares por donde transita fauna silvestre, y es importante manejar con precauci\u00f3n para evitar atropellos de estos animales\u201d.<\/p>\n<audio class=\"wp-audio-shortcode\" id=\"audio-56561-3\" preload=\"none\" style=\"width: 100%;\" controls=\"controls\"><source type=\"audio\/mpeg\" src=\"https:\/\/municipalidadpucon.cl\/wp-content\/uploads\/2025\/10\/Felipe-Ortega-administrador-Parque-Nacional-Villarrica-.mp3?_=3\" \/><a href=\"https:\/\/municipalidadpucon.cl\/wp-content\/uploads\/2025\/10\/Felipe-Ortega-administrador-Parque-Nacional-Villarrica-.mp3\">https:\/\/municipalidadpucon.cl\/wp-content\/uploads\/2025\/10\/Felipe-Ortega-administrador-Parque-Nacional-Villarrica-.mp3<\/a><\/audio>\n<p><strong>SE\u00d1AL\u00c9TICAS<\/strong><\/p>\n<p>\u201cEstamos apoyando esta campa\u00f1a que nace desde la Direcci\u00f3n de Aseo, Ornato y Medioambiente\u201d, coment\u00f3 Ximena Sanhueza, presidenta del Consejo Ambiental de Puc\u00f3n, quien argument\u00f3 que \u201cson fundamental estas campa\u00f1as para concientizar y que se respete este h\u00e1bitat en este ecosistema, para no tener m\u00e1s p\u00e9rdida de estos animales, porque cada d\u00eda hay menos\u201d.<\/p>\n<audio class=\"wp-audio-shortcode\" id=\"audio-56561-4\" preload=\"none\" style=\"width: 100%;\" controls=\"controls\"><source type=\"audio\/mpeg\" src=\"https:\/\/municipalidadpucon.cl\/wp-content\/uploads\/2025\/10\/Ximena-Sanhueza-Pdta-Consejo-Abiental-de-Pucon-.mp3?_=4\" \/><a href=\"https:\/\/municipalidadpucon.cl\/wp-content\/uploads\/2025\/10\/Ximena-Sanhueza-Pdta-Consejo-Abiental-de-Pucon-.mp3\">https:\/\/municipalidadpucon.cl\/wp-content\/uploads\/2025\/10\/Ximena-Sanhueza-Pdta-Consejo-Abiental-de-Pucon-.mp3<\/a><\/audio>\n<p>De esta manera, la Fundaci\u00f3n ha impulsado la instalaci\u00f3n de se\u00f1al\u00e9ticas en coordinaci\u00f3n con distintos organismos p\u00fablicos; entre ellos, CONAF y, por ahora, s\u00f3lo el Municipio de Puc\u00f3n, aportando todos al cuidado y visibilizaci\u00f3n de las especies con las que co-habitamos el territorio de La Araucan\u00eda.<\/p>\n<p>En la ocasi\u00f3n, se instal\u00f3 una se\u00f1al\u00e9tica en la Ruta 199, que conecta Villarrica con Puc\u00f3n, dos en la Ruta Puc\u00f3n-Caburgua y uno en el camino hacia Curarrehue.<\/p>\n","protected":false},"excerpt":{"rendered":"<p>A partir de registros realizados por el investigador CEDEL UC, [&hellip;]<\/p>\n","protected":false},"author":10,"featured_media":56569,"comment_status":"closed","ping_status":"open","sticky":false,"template":"","format":"standard","meta":[],"categories":[98,3],"tags":[],"_links":{"self":[{"href":"https:\/\/municipalidadpucon.cl\/index.php?rest_route=\/wp\/v2\/posts\/56561"}],"collection":[{"href":"https:\/\/municipalidadpucon.cl\/index.php?rest_route=\/wp\/v2\/posts"}],"about":[{"href":"https:\/\/municipalidadpucon.cl\/index.php?rest_route=\/wp\/v2\/types\/post"}],"author":[{"embeddable":true,"href":"https:\/\/municipalidadpucon.cl\/index.php?rest_route=\/wp\/v2\/users\/10"}],"replies":[{"embeddable":true,"href":"https:\/\/municipalidadpucon.cl\/index.php?rest_route=%2Fwp%2Fv2%2Fcomments&post=56561"}],"version-history":[{"count":1,"href":"https:\/\/municipalidadpucon.cl\/index.php?rest_route=\/wp\/v2\/posts\/56561\/revisions"}],"predecessor-version":[{"id":56570,"href":"https:\/\/municipalidadpucon.cl\/index.php?rest_route=\/wp\/v2\/posts\/56561\/revisions\/56570"}],"wp:featuredmedia":[{"embeddable":true,"href":"https:\/\/municipalidadpucon.cl\/index.php?rest_route=\/wp\/v2\/media\/56569"}],"wp:attachment":[{"href":"https:\/\/municipalidadpucon.cl\/index.php?rest_route=%2Fwp%2Fv2%2Fmedia&parent=56561"}],"wp:term":[{"taxonomy":"category","embeddable":true,"href":"https:\/\/municipalidadpucon.cl\/index.php?rest_route=%2Fwp%2Fv2%2Fcategories&post=56561"},{"taxonomy":"post_tag","embeddable":true,"href":"https:\/\/municipalidadpucon.cl\/index.php?rest_route=%2Fwp%2Fv2%2Ftags&post=56561"}],"curies":[{"name":"wp","href":"https:\/\/api.w.org\/{rel}","templated":true}]}}