{"id":56571,"date":"2025-10-07T08:38:33","date_gmt":"2025-10-07T11:38:33","guid":{"rendered":"https:\/\/municipalidadpucon.cl\/?p=56571"},"modified":"2025-10-07T08:38:33","modified_gmt":"2025-10-07T11:38:33","slug":"se-revitaliza-la-vida-en-el-campo-con-veintena-de-subsidios-para-la-vivienda-rural","status":"publish","type":"post","link":"https:\/\/municipalidadpucon.cl\/?p=56571","title":{"rendered":"Se revitaliza la vida en el campo con veintena de subsidios para la vivienda rural"},"content":{"rendered":"<p><em><strong>Un total de 21 familias de comunidades mapuche recibieron la buena nueva de parte de las autoridades municipales, que confirmaron la pronta entrega de recursos destinados a la construcci\u00f3n de hogares, tras a\u00f1os de espera; mientras invitan a nuevas postulaciones en el Departamento de Vivienda.<\/strong><\/em><\/p>\n<p><img decoding=\"async\" class=\"alignnone size-medium wp-image-56572\" src=\"https:\/\/municipalidadpucon.cl\/wp-content\/uploads\/2025\/10\/2-1-300x169.jpg\" alt=\"\" width=\"300\" height=\"169\" srcset=\"https:\/\/municipalidadpucon.cl\/wp-content\/uploads\/2025\/10\/2-1-200x113.jpg 200w, https:\/\/municipalidadpucon.cl\/wp-content\/uploads\/2025\/10\/2-1-300x169.jpg 300w, https:\/\/municipalidadpucon.cl\/wp-content\/uploads\/2025\/10\/2-1-400x225.jpg 400w, https:\/\/municipalidadpucon.cl\/wp-content\/uploads\/2025\/10\/2-1-600x338.jpg 600w, https:\/\/municipalidadpucon.cl\/wp-content\/uploads\/2025\/10\/2-1-768x432.jpg 768w, https:\/\/municipalidadpucon.cl\/wp-content\/uploads\/2025\/10\/2-1-800x450.jpg 800w, https:\/\/municipalidadpucon.cl\/wp-content\/uploads\/2025\/10\/2-1-1024x576.jpg 1024w, https:\/\/municipalidadpucon.cl\/wp-content\/uploads\/2025\/10\/2-1-1200x675.jpg 1200w, https:\/\/municipalidadpucon.cl\/wp-content\/uploads\/2025\/10\/2-1-scaled.jpg 1300w, https:\/\/municipalidadpucon.cl\/wp-content\/uploads\/2025\/10\/2-1-1536x864.jpg 1536w\" sizes=\"(max-width: 300px) 100vw, 300px\" \/><\/p>\n<p>En la comuna de Puc\u00f3n se confirm\u00f3 la pr\u00f3xima entrega de 21 subsidios para la construcci\u00f3n de viviendas en sectores rurales de la zona lacustre, los que benefician a comunidades mapuche que, por a\u00f1os, esperaban una soluci\u00f3n habitacional que reci\u00e9n ahora les lleg\u00f3, gracias a recursos provenientes del Ministerio de Vivienda y Urbanismo (MINVU) junto a la gesti\u00f3n de la Municipalidad local, por medio de su Entidad Patrocinante.<\/p>\n<p>\u201cHa sido una gran noticia, ya que mucho tiempo est\u00e1bamos postulando a este subsidio rural\u201d, coment\u00f3 la dirigenta, Evelyn Vigorena, quien reconoci\u00f3 que \u201cha sido diferente la administraci\u00f3n de Puc\u00f3n, ya que hubo momentos en que tuvimos una consultora, pero despu\u00e9s no continuaba. Estamos hablando de, por lo menos, siete a\u00f1os de espera, los m\u00e1s antiguos, pero felizmente ya los que estamos ac\u00e1, los 21 miembros, nos adjudicamos este subsidio rural\u201d.<\/p>\n<!--[if lt IE 9]><script>document.createElement('audio');<\/script><![endif]-->\n<audio class=\"wp-audio-shortcode\" id=\"audio-56571-1\" preload=\"none\" style=\"width: 100%;\" controls=\"controls\"><source type=\"audio\/mpeg\" src=\"https:\/\/municipalidadpucon.cl\/wp-content\/uploads\/2025\/10\/Evelyn-Vigorena-dirigenta-rural-de-Pucon-de-Vivienda.mp3?_=1\" \/><a href=\"https:\/\/municipalidadpucon.cl\/wp-content\/uploads\/2025\/10\/Evelyn-Vigorena-dirigenta-rural-de-Pucon-de-Vivienda.mp3\">https:\/\/municipalidadpucon.cl\/wp-content\/uploads\/2025\/10\/Evelyn-Vigorena-dirigenta-rural-de-Pucon-de-Vivienda.mp3<\/a><\/audio>\n<p><img decoding=\"async\" class=\"alignnone size-medium wp-image-56574\" src=\"https:\/\/municipalidadpucon.cl\/wp-content\/uploads\/2025\/10\/3-4-300x222.jpeg\" alt=\"\" width=\"300\" height=\"222\" srcset=\"https:\/\/municipalidadpucon.cl\/wp-content\/uploads\/2025\/10\/3-4-200x148.jpeg 200w, https:\/\/municipalidadpucon.cl\/wp-content\/uploads\/2025\/10\/3-4-300x222.jpeg 300w, https:\/\/municipalidadpucon.cl\/wp-content\/uploads\/2025\/10\/3-4-400x295.jpeg 400w, https:\/\/municipalidadpucon.cl\/wp-content\/uploads\/2025\/10\/3-4-600x443.jpeg 600w, https:\/\/municipalidadpucon.cl\/wp-content\/uploads\/2025\/10\/3-4-768x567.jpeg 768w, https:\/\/municipalidadpucon.cl\/wp-content\/uploads\/2025\/10\/3-4-800x591.jpeg 800w, https:\/\/municipalidadpucon.cl\/wp-content\/uploads\/2025\/10\/3-4.jpeg 960w\" sizes=\"(max-width: 300px) 100vw, 300px\" \/><\/p>\n<p><strong>\u201cFELICIDAD EXTREMA\u201d<\/strong><\/p>\n<p>Otro feliz postulante, como Aaron Paillalef, agreg\u00f3 su sorpresa al recibir la ratificaci\u00f3n de la entrega de recursos, lo que se confirm\u00f3 -oficialmente- a trav\u00e9s de un decreto del MINVU, publicado en el Diario Oficial.<\/p>\n<p>\u201cSe siente una felicidad extrema, porque cuando vimos al alcalde en esta reuni\u00f3n pens\u00e1bamos que, en el fondo, ven\u00eda a apoyar la reuni\u00f3n, pero cuando nos muestra el papel de que era oficial que nos hab\u00edamos ganado este subsidio, cambia. La felicidad aumenta y hay una esperanza de que ya pronto vamos a tener este beneficio que, en mi caso, de 2013 que vengo postulando\u201d, agreg\u00f3 Paillalef.<\/p>\n<audio class=\"wp-audio-shortcode\" id=\"audio-56571-2\" preload=\"none\" style=\"width: 100%;\" controls=\"controls\"><source type=\"audio\/mpeg\" src=\"https:\/\/municipalidadpucon.cl\/wp-content\/uploads\/2025\/10\/Aaron-Paillalef-beneficiario-con-subsidio-rural-indigena-.mp3?_=2\" \/><a href=\"https:\/\/municipalidadpucon.cl\/wp-content\/uploads\/2025\/10\/Aaron-Paillalef-beneficiario-con-subsidio-rural-indigena-.mp3\">https:\/\/municipalidadpucon.cl\/wp-content\/uploads\/2025\/10\/Aaron-Paillalef-beneficiario-con-subsidio-rural-indigena-.mp3<\/a><\/audio>\n<p>En el Sal\u00f3n de Concejo del Municipio, y con presencia de todos los dichosos beneficiados, el alcalde de la comuna, Sebasti\u00e1n \u00c1lvarez, destac\u00f3 el respaldo que su administraci\u00f3n est\u00e1 prestando al tema viviendas. \u201cTenemos m\u00e1s de 14 comit\u00e9s de vivienda esperando hace muchos a\u00f1os para poder establecer viviendas sociales\u201d, sum\u00f3 el jefe comunal, quien -precisamente por ello, destac\u00f3 el edil- \u201cdijimos que este 2025 \u00edbamos a apostar por la postulaci\u00f3n a los subsidios individuales de vivienda rural y que, en este caso puntual, son 21 subsidios de vivienda rural con calidad ind\u00edgena, lo que nos va a llevar a cumplir este a\u00f1o una meta cercana a 100 subsidios de vivienda. Creemos que es una muy buena forma de poder entregar este requerimiento, mejor confort t\u00e9cnico y mejor habitabilidad en el sector rural\u201d.<\/p>\n<audio class=\"wp-audio-shortcode\" id=\"audio-56571-3\" preload=\"none\" style=\"width: 100%;\" controls=\"controls\"><source type=\"audio\/mpeg\" src=\"https:\/\/municipalidadpucon.cl\/wp-content\/uploads\/2025\/10\/Alcalde-Sebastian-Alvarez-valora-el-foco-en-la-Vivienda-de-la-comuna-.mp3?_=3\" \/><a href=\"https:\/\/municipalidadpucon.cl\/wp-content\/uploads\/2025\/10\/Alcalde-Sebastian-Alvarez-valora-el-foco-en-la-Vivienda-de-la-comuna-.mp3\">https:\/\/municipalidadpucon.cl\/wp-content\/uploads\/2025\/10\/Alcalde-Sebastian-Alvarez-valora-el-foco-en-la-Vivienda-de-la-comuna-.mp3<\/a><\/audio>\n<p><img decoding=\"async\" class=\"alignnone size-medium wp-image-56577\" src=\"https:\/\/municipalidadpucon.cl\/wp-content\/uploads\/2025\/10\/4-4-300x169.jpeg\" alt=\"\" width=\"300\" height=\"169\" srcset=\"https:\/\/municipalidadpucon.cl\/wp-content\/uploads\/2025\/10\/4-4-200x113.jpeg 200w, https:\/\/municipalidadpucon.cl\/wp-content\/uploads\/2025\/10\/4-4-300x169.jpeg 300w, https:\/\/municipalidadpucon.cl\/wp-content\/uploads\/2025\/10\/4-4-400x225.jpeg 400w, https:\/\/municipalidadpucon.cl\/wp-content\/uploads\/2025\/10\/4-4-600x338.jpeg 600w, https:\/\/municipalidadpucon.cl\/wp-content\/uploads\/2025\/10\/4-4-768x432.jpeg 768w, https:\/\/municipalidadpucon.cl\/wp-content\/uploads\/2025\/10\/4-4-800x450.jpeg 800w, https:\/\/municipalidadpucon.cl\/wp-content\/uploads\/2025\/10\/4-4-1024x576.jpeg 1024w, https:\/\/municipalidadpucon.cl\/wp-content\/uploads\/2025\/10\/4-4-1200x675.jpeg 1200w, https:\/\/municipalidadpucon.cl\/wp-content\/uploads\/2025\/10\/4-4-scaled.jpeg 1300w, https:\/\/municipalidadpucon.cl\/wp-content\/uploads\/2025\/10\/4-4-1536x864.jpeg 1536w\" sizes=\"(max-width: 300px) 100vw, 300px\" \/><\/p>\n<p><strong>M\u00c1S POSTULACIONES \u00a0<\/strong><\/p>\n<p>Mientras, el director de la Secretar\u00eda de Planificaci\u00f3n Comunal (SECPLAC) de Puc\u00f3n, en donde funciona la Entidad Patrocinante municipal, reafirm\u00f3 que la entidad \u201csi bien est\u00e1 enfocada tambi\u00e9n en solucionar el problema habitacional de los comit\u00e9s de vivienda, tambi\u00e9n nos hemos enfocado en las diferentes opciones que nos presenta el DS10 del SERVIU (Servicio de Vivienda y Urbanismo), donde tambi\u00e9n podemos aplicar, tanto subsidios rurales como ind\u00edgenas\u201d.<\/p>\n<audio class=\"wp-audio-shortcode\" id=\"audio-56571-4\" preload=\"none\" style=\"width: 100%;\" controls=\"controls\"><source type=\"audio\/mpeg\" src=\"https:\/\/municipalidadpucon.cl\/wp-content\/uploads\/2025\/10\/Alexis-Figueroa-Secplac-Pucon-destaca-apoyo-a-las-comunidades-locales-.mp3?_=4\" \/><a href=\"https:\/\/municipalidadpucon.cl\/wp-content\/uploads\/2025\/10\/Alexis-Figueroa-Secplac-Pucon-destaca-apoyo-a-las-comunidades-locales-.mp3\">https:\/\/municipalidadpucon.cl\/wp-content\/uploads\/2025\/10\/Alexis-Figueroa-Secplac-Pucon-destaca-apoyo-a-las-comunidades-locales-.mp3<\/a><\/audio>\n<p>De hecho, en Puc\u00f3n se cuentan, hasta ahora se cuentan 17 subsidios rurales ya confirmados, 21 similares, pero de car\u00e1cter ind\u00edgena (37 en total), m\u00e1s otros 41 subsidios de arriendo, los que fueron adjudicados hace un par de semanas en la misma zona lacustre de La Araucan\u00eda.<\/p>\n<p>Para futuras postulaciones, el Municipio de Puc\u00f3n informa que el Programa de Arriendo sigue abierto para vecinas y vecinos de la comuna, con inscripciones abiertas a partir de este martes 7 de octubre y hasta el pr\u00f3ximo 14 de noviembre en las oficinas de Vivienda, ubicadas en el segundo piso de la entidad edilicia, en Avenida O\u2019Higgins N\u00b0483, esquina Palgu\u00edn.<\/p>\n<p>&nbsp;<\/p>\n","protected":false},"excerpt":{"rendered":"<p>Un total de 21 familias de comunidades mapuche recibieron la [&hellip;]<\/p>\n","protected":false},"author":10,"featured_media":56579,"comment_status":"closed","ping_status":"open","sticky":false,"template":"","format":"standard","meta":[],"categories":[98,3],"tags":[],"_links":{"self":[{"href":"https:\/\/municipalidadpucon.cl\/index.php?rest_route=\/wp\/v2\/posts\/56571"}],"collection":[{"href":"https:\/\/municipalidadpucon.cl\/index.php?rest_route=\/wp\/v2\/posts"}],"about":[{"href":"https:\/\/municipalidadpucon.cl\/index.php?rest_route=\/wp\/v2\/types\/post"}],"author":[{"embeddable":true,"href":"https:\/\/municipalidadpucon.cl\/index.php?rest_route=\/wp\/v2\/users\/10"}],"replies":[{"embeddable":true,"href":"https:\/\/municipalidadpucon.cl\/index.php?rest_route=%2Fwp%2Fv2%2Fcomments&post=56571"}],"version-history":[{"count":1,"href":"https:\/\/municipalidadpucon.cl\/index.php?rest_route=\/wp\/v2\/posts\/56571\/revisions"}],"predecessor-version":[{"id":56580,"href":"https:\/\/municipalidadpucon.cl\/index.php?rest_route=\/wp\/v2\/posts\/56571\/revisions\/56580"}],"wp:featuredmedia":[{"embeddable":true,"href":"https:\/\/municipalidadpucon.cl\/index.php?rest_route=\/wp\/v2\/media\/56579"}],"wp:attachment":[{"href":"https:\/\/municipalidadpucon.cl\/index.php?rest_route=%2Fwp%2Fv2%2Fmedia&parent=56571"}],"wp:term":[{"taxonomy":"category","embeddable":true,"href":"https:\/\/municipalidadpucon.cl\/index.php?rest_route=%2Fwp%2Fv2%2Fcategories&post=56571"},{"taxonomy":"post_tag","embeddable":true,"href":"https:\/\/municipalidadpucon.cl\/index.php?rest_route=%2Fwp%2Fv2%2Ftags&post=56571"}],"curies":[{"name":"wp","href":"https:\/\/api.w.org\/{rel}","templated":true}]}}