{"id":56581,"date":"2025-10-07T12:28:52","date_gmt":"2025-10-07T15:28:52","guid":{"rendered":"https:\/\/municipalidadpucon.cl\/?p=56581"},"modified":"2025-10-07T12:28:52","modified_gmt":"2025-10-07T15:28:52","slug":"llaman-a-la-prevencion-y-estar-atentos-a-presencia-de-erraticos-murcielagos","status":"publish","type":"post","link":"https:\/\/municipalidadpucon.cl\/?p=56581","title":{"rendered":"Llaman a la prevenci\u00f3n y estar atentos a presencia de \u201cerr\u00e1ticos\u201d murci\u00e9lagos"},"content":{"rendered":"<p><em><strong>Un esp\u00e9cimen fue confirmado con rabia, por lo que las autoridades de salud municipal y de la Seremi de La Araucan\u00eda tomaron las medidas respectivas, como fue realizar un proceso de vacunaci\u00f3n a mascotas a 200 metros a la redonda del hallazgo.<\/strong><\/em><\/p>\n<p><img decoding=\"async\" class=\"alignnone size-medium wp-image-56582\" src=\"https:\/\/municipalidadpucon.cl\/wp-content\/uploads\/2025\/10\/SECUNDARIA-300x169.jpeg\" alt=\"\" width=\"300\" height=\"169\" srcset=\"https:\/\/municipalidadpucon.cl\/wp-content\/uploads\/2025\/10\/SECUNDARIA-200x113.jpeg 200w, https:\/\/municipalidadpucon.cl\/wp-content\/uploads\/2025\/10\/SECUNDARIA-300x169.jpeg 300w, https:\/\/municipalidadpucon.cl\/wp-content\/uploads\/2025\/10\/SECUNDARIA-400x225.jpeg 400w, https:\/\/municipalidadpucon.cl\/wp-content\/uploads\/2025\/10\/SECUNDARIA-600x338.jpeg 600w, https:\/\/municipalidadpucon.cl\/wp-content\/uploads\/2025\/10\/SECUNDARIA-768x432.jpeg 768w, https:\/\/municipalidadpucon.cl\/wp-content\/uploads\/2025\/10\/SECUNDARIA-800x450.jpeg 800w, https:\/\/municipalidadpucon.cl\/wp-content\/uploads\/2025\/10\/SECUNDARIA-1024x576.jpeg 1024w, https:\/\/municipalidadpucon.cl\/wp-content\/uploads\/2025\/10\/SECUNDARIA-1200x675.jpeg 1200w, https:\/\/municipalidadpucon.cl\/wp-content\/uploads\/2025\/10\/SECUNDARIA.jpeg 1280w\" sizes=\"(max-width: 300px) 100vw, 300px\" \/><\/p>\n<p>\u201cInmunofluorescencia directa para Virus R\u00e1bico: Positivo\u201d. As\u00ed dice el informe conocido esta semana en la comuna de Puc\u00f3n, despu\u00e9s de realizarse los estudios cl\u00ednicos a un murci\u00e9lago (o <em>tadarida<\/em> <em>brasiliensis<\/em>, su nombre cient\u00edfico) hallado muerto la semana pasada en las cercan\u00edas del Colegio Liahona de la comuna lacustre, en donde, tanto las autoridades sanitarias del Municipio como de la Seremi de La Araucan\u00eda adoptaron -oportunamente- las acciones para evitar la propagaci\u00f3n de este mal, que en el pa\u00eds se encuentra bajo control.<\/p>\n<p>\u201cInicialmente, la semana pasada, se encontr\u00f3 el caso de un murci\u00e9lago con virus r\u00e1bico activo y el d\u00eda de hoy nos encontramos nuevamente con un caso de un murci\u00e9lago que tenemos ac\u00e1, que estaba -en este caso- con vuelo de forma diurna\u201d, inform\u00f3 Cristi\u00e1n Cer\u00f3n, veterinario a cargo de la Oficina de Tenencia Responsable de Mascotas de la Municipalidad de Puc\u00f3n, en donde por medio de personal de seguridad se atrap\u00f3, con el debido resguardo, un segundo mam\u00edfero volador nocturno.<\/p>\n<!--[if lt IE 9]><script>document.createElement('audio');<\/script><![endif]-->\n<audio class=\"wp-audio-shortcode\" id=\"audio-56581-1\" preload=\"none\" style=\"width: 100%;\" controls=\"controls\"><source type=\"audio\/mpeg\" src=\"https:\/\/municipalidadpucon.cl\/wp-content\/uploads\/2025\/10\/Cristian-Ceron-encargado-de-Tenencia-Responsable-Muni-Pucon-y-casos-.mp3?_=1\" \/><a href=\"https:\/\/municipalidadpucon.cl\/wp-content\/uploads\/2025\/10\/Cristian-Ceron-encargado-de-Tenencia-Responsable-Muni-Pucon-y-casos-.mp3\">https:\/\/municipalidadpucon.cl\/wp-content\/uploads\/2025\/10\/Cristian-Ceron-encargado-de-Tenencia-Responsable-Muni-Pucon-y-casos-.mp3<\/a><\/audio>\n<p><img decoding=\"async\" class=\"alignnone size-medium wp-image-56584\" src=\"https:\/\/municipalidadpucon.cl\/wp-content\/uploads\/2025\/10\/5-1-174x300.jpg\" alt=\"\" width=\"174\" height=\"300\" srcset=\"https:\/\/municipalidadpucon.cl\/wp-content\/uploads\/2025\/10\/5-1-174x300.jpg 174w, https:\/\/municipalidadpucon.cl\/wp-content\/uploads\/2025\/10\/5-1-200x345.jpg 200w, https:\/\/municipalidadpucon.cl\/wp-content\/uploads\/2025\/10\/5-1-400x689.jpg 400w, https:\/\/municipalidadpucon.cl\/wp-content\/uploads\/2025\/10\/5-1-594x1024.jpg 594w, https:\/\/municipalidadpucon.cl\/wp-content\/uploads\/2025\/10\/5-1-600x1034.jpg 600w, https:\/\/municipalidadpucon.cl\/wp-content\/uploads\/2025\/10\/5-1.jpg 743w\" sizes=\"(max-width: 174px) 100vw, 174px\" \/> <img decoding=\"async\" class=\"alignnone size-medium wp-image-56585\" src=\"https:\/\/municipalidadpucon.cl\/wp-content\/uploads\/2025\/10\/6-1-176x300.jpg\" alt=\"\" width=\"176\" height=\"300\" srcset=\"https:\/\/municipalidadpucon.cl\/wp-content\/uploads\/2025\/10\/6-1-176x300.jpg 176w, https:\/\/municipalidadpucon.cl\/wp-content\/uploads\/2025\/10\/6-1-200x341.jpg 200w, https:\/\/municipalidadpucon.cl\/wp-content\/uploads\/2025\/10\/6-1-400x683.jpg 400w, https:\/\/municipalidadpucon.cl\/wp-content\/uploads\/2025\/10\/6-1-600x1024.jpg 600w, https:\/\/municipalidadpucon.cl\/wp-content\/uploads\/2025\/10\/6-1.jpg 750w\" sizes=\"(max-width: 176px) 100vw, 176px\" \/><\/p>\n<p><strong>EN ESTUDIOS<\/strong><\/p>\n<p>Por este \u00faltimo caso, desde el Municipio de Puc\u00f3n se envi\u00f3 a estudios, en coordinaci\u00f3n con la Seremi de Salud con sede en Villarrica, con el objetivo de descartar o confirmar la existencia del virus de la rabia, el que es contagioso para animales dom\u00e9sticos que puedan estar en contacto, los que -a su vez-, pueden contagiar a las personas con esta afecci\u00f3n.<\/p>\n<p>Por lo anterior, el profesional de Tenencia Responsable del Municipio puconino subray\u00f3 que, dentro de los cuidados que se deben tener, est\u00e1n \u201cmantener a sus perritos o gatitos vacunados contra la rabia. Lo segundo es evitar su escape; es decir, los gatitos dentro de la casa y los perritos dentro de su per\u00edmetro\u201d. El \u00bfpor qu\u00e9 raz\u00f3n es tan importante ello? \u201cEs porque si un perrito o gatito llega a jugar o llega a mordisquear un murci\u00e9lago con virus r\u00e1bico positivo, este puede transmitirlo a nosotros\u201d, explic\u00f3 Cristi\u00e1n Cer\u00f3n, quien agreg\u00f3 que \u201cla rabia es una zoonosis, que pese a Chile estar libre de casos en la actualidad, es precisamente gracias a acciones como \u00e9sta\u201d.<\/p>\n<audio class=\"wp-audio-shortcode\" id=\"audio-56581-2\" preload=\"none\" style=\"width: 100%;\" controls=\"controls\"><source type=\"audio\/mpeg\" src=\"https:\/\/municipalidadpucon.cl\/wp-content\/uploads\/2025\/10\/Cristian-Ceron-recomendaciones-a-la-poblacion-.mp3?_=2\" \/><a href=\"https:\/\/municipalidadpucon.cl\/wp-content\/uploads\/2025\/10\/Cristian-Ceron-recomendaciones-a-la-poblacion-.mp3\">https:\/\/municipalidadpucon.cl\/wp-content\/uploads\/2025\/10\/Cristian-Ceron-recomendaciones-a-la-poblacion-.mp3<\/a><\/audio>\n<p><img decoding=\"async\" class=\"alignnone size-medium wp-image-56587\" src=\"https:\/\/municipalidadpucon.cl\/wp-content\/uploads\/2025\/10\/1-4-300x283.jpg\" alt=\"\" width=\"300\" height=\"283\" srcset=\"https:\/\/municipalidadpucon.cl\/wp-content\/uploads\/2025\/10\/1-4-200x188.jpg 200w, https:\/\/municipalidadpucon.cl\/wp-content\/uploads\/2025\/10\/1-4-300x283.jpg 300w, https:\/\/municipalidadpucon.cl\/wp-content\/uploads\/2025\/10\/1-4-400x377.jpg 400w, https:\/\/municipalidadpucon.cl\/wp-content\/uploads\/2025\/10\/1-4-600x565.jpg 600w, https:\/\/municipalidadpucon.cl\/wp-content\/uploads\/2025\/10\/1-4.jpg 729w\" sizes=\"(max-width: 300px) 100vw, 300px\" \/> <img decoding=\"async\" class=\"alignnone size-medium wp-image-56588\" src=\"https:\/\/municipalidadpucon.cl\/wp-content\/uploads\/2025\/10\/2-2-177x300.jpg\" alt=\"\" width=\"177\" height=\"300\" srcset=\"https:\/\/municipalidadpucon.cl\/wp-content\/uploads\/2025\/10\/2-2-177x300.jpg 177w, https:\/\/municipalidadpucon.cl\/wp-content\/uploads\/2025\/10\/2-2-200x339.jpg 200w, https:\/\/municipalidadpucon.cl\/wp-content\/uploads\/2025\/10\/2-2-400x678.jpg 400w, https:\/\/municipalidadpucon.cl\/wp-content\/uploads\/2025\/10\/2-2-600x1017.jpg 600w, https:\/\/municipalidadpucon.cl\/wp-content\/uploads\/2025\/10\/2-2-604x1024.jpg 604w, https:\/\/municipalidadpucon.cl\/wp-content\/uploads\/2025\/10\/2-2.jpg 755w\" sizes=\"(max-width: 177px) 100vw, 177px\" \/><\/p>\n<p><strong>PONER ATENCI\u00d3N<\/strong><\/p>\n<p>Finalmente, el profesional sanitario de mascotas en la zona lacustre, y a modo de atenci\u00f3n, todos debi\u00e9semos saber que \u201clos murci\u00e9lagos no vuelan de d\u00eda, no tienen vuelos err\u00e1ticos, y en caso de par\u00e1lisis o muerte de un esp\u00e9cimen, cualquiera de estas tres situaciones son indicativos de sospechas de rabia\u201d.<\/p>\n<audio class=\"wp-audio-shortcode\" id=\"audio-56581-3\" preload=\"none\" style=\"width: 100%;\" controls=\"controls\"><source type=\"audio\/mpeg\" src=\"https:\/\/municipalidadpucon.cl\/wp-content\/uploads\/2025\/10\/Cristian-Ceron-atencion-a-sospechas-de-rabia-en-murcielagos.mp3?_=3\" \/><a href=\"https:\/\/municipalidadpucon.cl\/wp-content\/uploads\/2025\/10\/Cristian-Ceron-atencion-a-sospechas-de-rabia-en-murcielagos.mp3\">https:\/\/municipalidadpucon.cl\/wp-content\/uploads\/2025\/10\/Cristian-Ceron-atencion-a-sospechas-de-rabia-en-murcielagos.mp3<\/a><\/audio>\n<p>En esas circunstancias se sugiere capturar al murci\u00e9lago, con una caja y guantes, sin manipularse directamente, y luego contactarse con la Seremi de Salud, que b\u00e1sicamente es la autoridad sanitaria que se encarga a trav\u00e9s de su Departamento de Zoonosis y Control de Vectores, de hacer el estudio correspondiente con el Instituto de Salud P\u00fablica para ver si es que hay un virus r\u00e1bico activo o inactivo en el ejemplar.<\/p>\n<p>Para denuncias o avisos, en Puc\u00f3n est\u00e1n disponible la Oficina de Tenencia Responsable de la Municipalidad, en Palgu\u00edn N\u00b0730, tambi\u00e9n el n\u00famero de WhatsApp +569 8818 8650 o al contacto telef\u00f3nico directo: +569 8206 0625.<\/p>\n<p>&nbsp;<\/p>\n","protected":false},"excerpt":{"rendered":"<p>Un esp\u00e9cimen fue confirmado con rabia, por lo que las [&hellip;]<\/p>\n","protected":false},"author":10,"featured_media":56590,"comment_status":"closed","ping_status":"open","sticky":false,"template":"","format":"standard","meta":[],"categories":[98,3],"tags":[],"_links":{"self":[{"href":"https:\/\/municipalidadpucon.cl\/index.php?rest_route=\/wp\/v2\/posts\/56581"}],"collection":[{"href":"https:\/\/municipalidadpucon.cl\/index.php?rest_route=\/wp\/v2\/posts"}],"about":[{"href":"https:\/\/municipalidadpucon.cl\/index.php?rest_route=\/wp\/v2\/types\/post"}],"author":[{"embeddable":true,"href":"https:\/\/municipalidadpucon.cl\/index.php?rest_route=\/wp\/v2\/users\/10"}],"replies":[{"embeddable":true,"href":"https:\/\/municipalidadpucon.cl\/index.php?rest_route=%2Fwp%2Fv2%2Fcomments&post=56581"}],"version-history":[{"count":1,"href":"https:\/\/municipalidadpucon.cl\/index.php?rest_route=\/wp\/v2\/posts\/56581\/revisions"}],"predecessor-version":[{"id":56591,"href":"https:\/\/municipalidadpucon.cl\/index.php?rest_route=\/wp\/v2\/posts\/56581\/revisions\/56591"}],"wp:featuredmedia":[{"embeddable":true,"href":"https:\/\/municipalidadpucon.cl\/index.php?rest_route=\/wp\/v2\/media\/56590"}],"wp:attachment":[{"href":"https:\/\/municipalidadpucon.cl\/index.php?rest_route=%2Fwp%2Fv2%2Fmedia&parent=56581"}],"wp:term":[{"taxonomy":"category","embeddable":true,"href":"https:\/\/municipalidadpucon.cl\/index.php?rest_route=%2Fwp%2Fv2%2Fcategories&post=56581"},{"taxonomy":"post_tag","embeddable":true,"href":"https:\/\/municipalidadpucon.cl\/index.php?rest_route=%2Fwp%2Fv2%2Ftags&post=56581"}],"curies":[{"name":"wp","href":"https:\/\/api.w.org\/{rel}","templated":true}]}}