{"id":56594,"date":"2025-10-08T08:28:26","date_gmt":"2025-10-08T11:28:26","guid":{"rendered":"https:\/\/municipalidadpucon.cl\/?p=56594"},"modified":"2025-10-08T08:28:26","modified_gmt":"2025-10-08T11:28:26","slug":"concejo-municipal-aseguro-un-valorado-aporte-a-mundialistas-del-rafting-local","status":"publish","type":"post","link":"https:\/\/municipalidadpucon.cl\/?p=56594","title":{"rendered":"Concejo Municipal asegur\u00f3 un valorado aporte a mundialistas del rafting local"},"content":{"rendered":"<p><em><strong>Gesti\u00f3n del presidente de la instancia, alcalde de la comuna Sebasti\u00e1n \u00c1lvarez, junto al apoyo de los concejales, permiti\u00f3 que tres representaciones (masculina, femenina y mixta) puedan estar -a inicios de noviembre- en el Mundial de Alumin\u00e9, Argentina.<\/strong><\/em><\/p>\n<p><img decoding=\"async\" class=\"alignnone size-medium wp-image-56596\" src=\"https:\/\/municipalidadpucon.cl\/wp-content\/uploads\/2025\/10\/2-5-300x225.jpeg\" alt=\"\" width=\"300\" height=\"225\" srcset=\"https:\/\/municipalidadpucon.cl\/wp-content\/uploads\/2025\/10\/2-5-200x150.jpeg 200w, https:\/\/municipalidadpucon.cl\/wp-content\/uploads\/2025\/10\/2-5-300x225.jpeg 300w, https:\/\/municipalidadpucon.cl\/wp-content\/uploads\/2025\/10\/2-5-400x300.jpeg 400w, https:\/\/municipalidadpucon.cl\/wp-content\/uploads\/2025\/10\/2-5-600x450.jpeg 600w, https:\/\/municipalidadpucon.cl\/wp-content\/uploads\/2025\/10\/2-5-768x576.jpeg 768w, https:\/\/municipalidadpucon.cl\/wp-content\/uploads\/2025\/10\/2-5-800x600.jpeg 800w, https:\/\/municipalidadpucon.cl\/wp-content\/uploads\/2025\/10\/2-5-1024x768.jpeg 1024w, https:\/\/municipalidadpucon.cl\/wp-content\/uploads\/2025\/10\/2-5-1200x900.jpeg 1200w, https:\/\/municipalidadpucon.cl\/wp-content\/uploads\/2025\/10\/2-5-scaled.jpeg 1300w, https:\/\/municipalidadpucon.cl\/wp-content\/uploads\/2025\/10\/2-5-1536x1152.jpeg 1536w\" sizes=\"(max-width: 300px) 100vw, 300px\" \/><\/p>\n<p>Los deportistas de elite oriundos de Puc\u00f3n recibieron una feliz noticia esta semana, despu\u00e9s de que el Concejo Municipal de la urbe lacustre les asegurara una subvenci\u00f3n en dinero, superior a los $3 millones 500 mil, para que tres equipos de rafting de la zona puedan participar en lo que ser\u00e1 el pr\u00f3ximo Campeonato Mundial, que se realizar\u00e1 entre el 3 y 9 de noviembre en la ciudad argentina de Alumin\u00e9.<\/p>\n<p>Fue por gesti\u00f3n del presidente de la entidad colegiada, el alcalde de la comuna Sebasti\u00e1n \u00c1lvarez, junto al apoyo de los ediles puconinos, que pudo concretarse este significativo aporte a tres escuadras que no s\u00f3lo representar\u00e1n a Puc\u00f3n en el evento internacional del otro lado de la cordillera, sino tambi\u00e9n al pa\u00eds.<\/p>\n<p><strong>ALTAS EXPECTATIVAS<\/strong><\/p>\n<p>Ellos son los equipos Chinok (masculino), Loicas (femenino) y Pillanko (mixto), los que no s\u00f3lo van a participar del certamen planetario en tierras trasandinas, sino que tambi\u00e9n van en busca de podios, puesto que Chile -y los puconinos en particular- son potencia mundial en las palas acu\u00e1ticas.<\/p>\n<p>\u201cNosotros hemos estado con Italia a menos de un segundo para poder ganar, entonces no es tan grande lo que tenemos que hacer y estamos con toda la expectativa y las ganas de poder llegar con una medalla de oro\u201d, coment\u00f3 la deportista Paloma Molina, integrante de Loicas, junto a Camila Ortega, Nicole Plaggeman y Yarela Mu\u00f1oz.<\/p>\n<!--[if lt IE 9]><script>document.createElement('audio');<\/script><![endif]-->\n<audio class=\"wp-audio-shortcode\" id=\"audio-56594-1\" preload=\"none\" style=\"width: 100%;\" controls=\"controls\"><source type=\"audio\/mpeg\" src=\"https:\/\/municipalidadpucon.cl\/wp-content\/uploads\/2025\/10\/Paloma-Molina-habla-de-las-opciones-deportivas-en-el-evento-.mp3?_=1\" \/><a href=\"https:\/\/municipalidadpucon.cl\/wp-content\/uploads\/2025\/10\/Paloma-Molina-habla-de-las-opciones-deportivas-en-el-evento-.mp3\">https:\/\/municipalidadpucon.cl\/wp-content\/uploads\/2025\/10\/Paloma-Molina-habla-de-las-opciones-deportivas-en-el-evento-.mp3<\/a><\/audio>\n<p><img decoding=\"async\" class=\"alignnone size-medium wp-image-56598\" src=\"https:\/\/municipalidadpucon.cl\/wp-content\/uploads\/2025\/10\/4-2-300x225.jpg\" alt=\"\" width=\"300\" height=\"225\" srcset=\"https:\/\/municipalidadpucon.cl\/wp-content\/uploads\/2025\/10\/4-2-200x150.jpg 200w, https:\/\/municipalidadpucon.cl\/wp-content\/uploads\/2025\/10\/4-2-300x225.jpg 300w, https:\/\/municipalidadpucon.cl\/wp-content\/uploads\/2025\/10\/4-2-400x300.jpg 400w, https:\/\/municipalidadpucon.cl\/wp-content\/uploads\/2025\/10\/4-2-600x450.jpg 600w, https:\/\/municipalidadpucon.cl\/wp-content\/uploads\/2025\/10\/4-2-768x576.jpg 768w, https:\/\/municipalidadpucon.cl\/wp-content\/uploads\/2025\/10\/4-2-800x600.jpg 800w, https:\/\/municipalidadpucon.cl\/wp-content\/uploads\/2025\/10\/4-2-1024x768.jpg 1024w, https:\/\/municipalidadpucon.cl\/wp-content\/uploads\/2025\/10\/4-2-1200x900.jpg 1200w, https:\/\/municipalidadpucon.cl\/wp-content\/uploads\/2025\/10\/4-2.jpg 1280w\" sizes=\"(max-width: 300px) 100vw, 300px\" \/><\/p>\n<p>\u201cEstamos muy contentos, porque durante varios a\u00f1os nosotros hemos ido a mundiales, panamericanos y hemos estado haciendo rifas, hemos estado con apoyos familiares, pero ahora por fin se logr\u00f3 un apoyo de la Municipalidad\u201d, destac\u00f3 Ricardo Pineda, integrante de Pillanko, elenco mixto en el venidero Mundial de Rafting, quien comparte bote con Carla Parada, Ren\u00e1n Mu\u00f1oz, Nicole D\u00edaz, Yisset Alderet y Trinidad Leal.<\/p>\n<audio class=\"wp-audio-shortcode\" id=\"audio-56594-2\" preload=\"none\" style=\"width: 100%;\" controls=\"controls\"><source type=\"audio\/mpeg\" src=\"https:\/\/municipalidadpucon.cl\/wp-content\/uploads\/2025\/10\/Ricardo-Pineda-integrante-del-equipo-Pillanko-en-Mundial-de-Rafting-.mp3?_=2\" \/><a href=\"https:\/\/municipalidadpucon.cl\/wp-content\/uploads\/2025\/10\/Ricardo-Pineda-integrante-del-equipo-Pillanko-en-Mundial-de-Rafting-.mp3\">https:\/\/municipalidadpucon.cl\/wp-content\/uploads\/2025\/10\/Ricardo-Pineda-integrante-del-equipo-Pillanko-en-Mundial-de-Rafting-.mp3<\/a><\/audio>\n<p><img decoding=\"async\" class=\"alignnone size-medium wp-image-56600\" src=\"https:\/\/municipalidadpucon.cl\/wp-content\/uploads\/2025\/10\/3-5-300x225.jpeg\" alt=\"\" width=\"300\" height=\"225\" srcset=\"https:\/\/municipalidadpucon.cl\/wp-content\/uploads\/2025\/10\/3-5-200x150.jpeg 200w, https:\/\/municipalidadpucon.cl\/wp-content\/uploads\/2025\/10\/3-5-300x225.jpeg 300w, https:\/\/municipalidadpucon.cl\/wp-content\/uploads\/2025\/10\/3-5-400x300.jpeg 400w, https:\/\/municipalidadpucon.cl\/wp-content\/uploads\/2025\/10\/3-5-600x450.jpeg 600w, https:\/\/municipalidadpucon.cl\/wp-content\/uploads\/2025\/10\/3-5-768x576.jpeg 768w, https:\/\/municipalidadpucon.cl\/wp-content\/uploads\/2025\/10\/3-5-800x600.jpeg 800w, https:\/\/municipalidadpucon.cl\/wp-content\/uploads\/2025\/10\/3-5-1024x768.jpeg 1024w, https:\/\/municipalidadpucon.cl\/wp-content\/uploads\/2025\/10\/3-5-1200x900.jpeg 1200w, https:\/\/municipalidadpucon.cl\/wp-content\/uploads\/2025\/10\/3-5-scaled.jpeg 1300w, https:\/\/municipalidadpucon.cl\/wp-content\/uploads\/2025\/10\/3-5-1536x1152.jpeg 1536w\" sizes=\"(max-width: 300px) 100vw, 300px\" \/><\/p>\n<p>El otro equipo que estar\u00e1 en este Mundial es el masculino de Chinok con Joaqu\u00edn Ch\u00e1vez, Patricio Lintz, Juvenal Nieto e Iv\u00e1n Correa.<\/p>\n<p><strong>AGRADECIMIENTOS<\/strong><\/p>\n<p>\u201cNos ha servido mucho esto, porque nos sirve para la inscripci\u00f3n y poder llegar a cumplir nuestras metas\u201d, insisti\u00f3 Ricardo Pineda en valorar el respaldo recibido del Municipio puconino.<\/p>\n<p>Seg\u00fan Paloma Molina \u201cnosotros, de hecho, no esper\u00e1bamos que se pudiera aprobar tanto, pens\u00e1bamos en menos dinero, as\u00ed que en verdad estamos supercontentos, y ahora, para llegar a la meta, estamos con los entrenamientos todos los d\u00edas y a full. Ya quedan tres semanas para empezar el Mundial, as\u00ed que ya empieza la cuenta regresiva\u201d.<\/p>\n<audio class=\"wp-audio-shortcode\" id=\"audio-56594-3\" preload=\"none\" style=\"width: 100%;\" controls=\"controls\"><source type=\"audio\/mpeg\" src=\"https:\/\/municipalidadpucon.cl\/wp-content\/uploads\/2025\/10\/Paloma-Molina-del-equipo-Loicas-valora-el-aporte-municipal-.mp3?_=3\" \/><a href=\"https:\/\/municipalidadpucon.cl\/wp-content\/uploads\/2025\/10\/Paloma-Molina-del-equipo-Loicas-valora-el-aporte-municipal-.mp3\">https:\/\/municipalidadpucon.cl\/wp-content\/uploads\/2025\/10\/Paloma-Molina-del-equipo-Loicas-valora-el-aporte-municipal-.mp3<\/a><\/audio>\n<p>Entre los rivales a vencer por los puconinos; entre otros, est\u00e1n los combinados de Jap\u00f3n, n\u00famero dos del orbe, e Italia, \u201cque fue el ganador del Mundial de hace dos a\u00f1os, pero nosotros, como Chile, tambi\u00e9n estamos categorizados en tercer lugar a nivel mundial, al menos en el equipo Loicas de Rafting\u201d, rubric\u00f3 Paloma Molina, quien coment\u00f3 que el pr\u00f3ximo 30 de octubre iniciar\u00e1n viaje a la \u201ccercana\u201d ciudad de Alumin\u00e9, en Argentina.<\/p>\n","protected":false},"excerpt":{"rendered":"<p>Gesti\u00f3n del presidente de la instancia, alcalde de la comuna [&hellip;]<\/p>\n","protected":false},"author":10,"featured_media":56602,"comment_status":"closed","ping_status":"open","sticky":false,"template":"","format":"standard","meta":[],"categories":[98,3],"tags":[],"_links":{"self":[{"href":"https:\/\/municipalidadpucon.cl\/index.php?rest_route=\/wp\/v2\/posts\/56594"}],"collection":[{"href":"https:\/\/municipalidadpucon.cl\/index.php?rest_route=\/wp\/v2\/posts"}],"about":[{"href":"https:\/\/municipalidadpucon.cl\/index.php?rest_route=\/wp\/v2\/types\/post"}],"author":[{"embeddable":true,"href":"https:\/\/municipalidadpucon.cl\/index.php?rest_route=\/wp\/v2\/users\/10"}],"replies":[{"embeddable":true,"href":"https:\/\/municipalidadpucon.cl\/index.php?rest_route=%2Fwp%2Fv2%2Fcomments&post=56594"}],"version-history":[{"count":1,"href":"https:\/\/municipalidadpucon.cl\/index.php?rest_route=\/wp\/v2\/posts\/56594\/revisions"}],"predecessor-version":[{"id":56603,"href":"https:\/\/municipalidadpucon.cl\/index.php?rest_route=\/wp\/v2\/posts\/56594\/revisions\/56603"}],"wp:featuredmedia":[{"embeddable":true,"href":"https:\/\/municipalidadpucon.cl\/index.php?rest_route=\/wp\/v2\/media\/56602"}],"wp:attachment":[{"href":"https:\/\/municipalidadpucon.cl\/index.php?rest_route=%2Fwp%2Fv2%2Fmedia&parent=56594"}],"wp:term":[{"taxonomy":"category","embeddable":true,"href":"https:\/\/municipalidadpucon.cl\/index.php?rest_route=%2Fwp%2Fv2%2Fcategories&post=56594"},{"taxonomy":"post_tag","embeddable":true,"href":"https:\/\/municipalidadpucon.cl\/index.php?rest_route=%2Fwp%2Fv2%2Ftags&post=56594"}],"curies":[{"name":"wp","href":"https:\/\/api.w.org\/{rel}","templated":true}]}}