{"id":56609,"date":"2025-10-09T08:22:39","date_gmt":"2025-10-09T11:22:39","guid":{"rendered":"https:\/\/municipalidadpucon.cl\/?p=56609"},"modified":"2025-10-09T08:22:39","modified_gmt":"2025-10-09T11:22:39","slug":"pucon-ya-cuenta-con-ordenanza-para-la-proteccion-de-humedales-de-la-comuna","status":"publish","type":"post","link":"https:\/\/municipalidadpucon.cl\/?p=56609","title":{"rendered":"Puc\u00f3n ya cuenta con ordenanza para la protecci\u00f3n de humedales de la comuna"},"content":{"rendered":"<p><em><strong>Fue el Concejo Municipal el que aprob\u00f3 la entrada en vigor de esta normativa local que se encuentra a cargo de la Direcci\u00f3n de Aseo, Ornato y Medioambiente (DAOMA), en donde se destac\u00f3 la protecci\u00f3n de, al menos, 80 cuerpos de agua, tanto urbanos como rurales.<\/strong><\/em><\/p>\n<p><img decoding=\"async\" class=\"size-medium wp-image-56610 aligncenter\" src=\"https:\/\/municipalidadpucon.cl\/wp-content\/uploads\/2025\/10\/2-3-300x225.jpg\" alt=\"\" width=\"300\" height=\"225\" srcset=\"https:\/\/municipalidadpucon.cl\/wp-content\/uploads\/2025\/10\/2-3-200x150.jpg 200w, https:\/\/municipalidadpucon.cl\/wp-content\/uploads\/2025\/10\/2-3-300x225.jpg 300w, https:\/\/municipalidadpucon.cl\/wp-content\/uploads\/2025\/10\/2-3-400x300.jpg 400w, https:\/\/municipalidadpucon.cl\/wp-content\/uploads\/2025\/10\/2-3-600x450.jpg 600w, https:\/\/municipalidadpucon.cl\/wp-content\/uploads\/2025\/10\/2-3-768x576.jpg 768w, https:\/\/municipalidadpucon.cl\/wp-content\/uploads\/2025\/10\/2-3-800x600.jpg 800w, https:\/\/municipalidadpucon.cl\/wp-content\/uploads\/2025\/10\/2-3-1024x768.jpg 1024w, https:\/\/municipalidadpucon.cl\/wp-content\/uploads\/2025\/10\/2-3-1200x900.jpg 1200w, https:\/\/municipalidadpucon.cl\/wp-content\/uploads\/2025\/10\/2-3.jpg 1280w\" sizes=\"(max-width: 300px) 100vw, 300px\" \/><\/p>\n<p>Como un hito, in\u00e9dito para la comuna de Puc\u00f3n, fue calificada la entrada en vigor, esta semana, de la Ordenanza Municipal de Protecci\u00f3n de Humedales, tras la confirmaci\u00f3n del pleno del Concejo Municipal local que en su sesi\u00f3n N\u00b030 le dio el vamos a esta normativa que busca resguardar estos complejos ecosistemas de la zona lacustre.<\/p>\n<p>La presentaci\u00f3n la hizo el presidente del estamento colegiado, el alcalde de la comuna Sebasti\u00e1n \u00c1lvarez, con el aval t\u00e9cnico de la Direcci\u00f3n de Aseo, Ornato y Medioambiente (DAOMA) del Municipio, la que -adem\u00e1s- cont\u00f3 con el respaldo pleno del grupo de concejales, compuesto por Ver\u00f3nica Castillo, Claudio Cortez, Armin Avil\u00e9s, Julio Inzunza, Emilio Ulloa y Marina Matus.<\/p>\n<p><strong>A\u00d1OS DE LABOR<\/strong><\/p>\n<p>\u201cEstamos marcando un hito, ya que llevamos cinco a\u00f1os trabajando en esta Ordenanza de Humedales, para su protecci\u00f3n en la comuna\u201d, coment\u00f3 la directora de la DAOMA puconina, Evelyn Silva, quien aclar\u00f3 que esta protecci\u00f3n no s\u00f3lo incluye al humedal, legalmente declarado como tal -La Poza Delta del Trancura-, \u201csino que para los 80 humedales de toda la comuna, tanto urbanos como rurales y que est\u00e1n en el bien nacional de uso p\u00fablico, en donde esta ordenanza obviamente genera instancias de participaci\u00f3n, instancias en donde la ciudadan\u00eda tambi\u00e9n puede ser parte en el resguardo de los humedales\u201d.<\/p>\n<!--[if lt IE 9]><script>document.createElement('audio');<\/script><![endif]-->\n<audio class=\"wp-audio-shortcode\" id=\"audio-56609-1\" preload=\"none\" style=\"width: 100%;\" controls=\"controls\"><source type=\"audio\/mpeg\" src=\"https:\/\/municipalidadpucon.cl\/wp-content\/uploads\/2025\/10\/Evelyn-Silva-directora-DAOMA-Muni-Pucon.-Paso-inedito-para-la-comuna-.mp3?_=1\" \/><a href=\"https:\/\/municipalidadpucon.cl\/wp-content\/uploads\/2025\/10\/Evelyn-Silva-directora-DAOMA-Muni-Pucon.-Paso-inedito-para-la-comuna-.mp3\">https:\/\/municipalidadpucon.cl\/wp-content\/uploads\/2025\/10\/Evelyn-Silva-directora-DAOMA-Muni-Pucon.-Paso-inedito-para-la-comuna-.mp3<\/a><\/audio>\n<p><img decoding=\"async\" class=\"alignnone size-medium wp-image-56612\" src=\"https:\/\/municipalidadpucon.cl\/wp-content\/uploads\/2025\/10\/3-1-300x169.jpg\" alt=\"\" width=\"300\" height=\"169\" srcset=\"https:\/\/municipalidadpucon.cl\/wp-content\/uploads\/2025\/10\/3-1-200x113.jpg 200w, https:\/\/municipalidadpucon.cl\/wp-content\/uploads\/2025\/10\/3-1-300x169.jpg 300w, https:\/\/municipalidadpucon.cl\/wp-content\/uploads\/2025\/10\/3-1-400x225.jpg 400w, https:\/\/municipalidadpucon.cl\/wp-content\/uploads\/2025\/10\/3-1-600x338.jpg 600w, https:\/\/municipalidadpucon.cl\/wp-content\/uploads\/2025\/10\/3-1-768x432.jpg 768w, https:\/\/municipalidadpucon.cl\/wp-content\/uploads\/2025\/10\/3-1-800x450.jpg 800w, https:\/\/municipalidadpucon.cl\/wp-content\/uploads\/2025\/10\/3-1-1024x576.jpg 1024w, https:\/\/municipalidadpucon.cl\/wp-content\/uploads\/2025\/10\/3-1-1200x675.jpg 1200w, https:\/\/municipalidadpucon.cl\/wp-content\/uploads\/2025\/10\/3-1-scaled.jpg 1300w, https:\/\/municipalidadpucon.cl\/wp-content\/uploads\/2025\/10\/3-1-1536x864.jpg 1536w\" sizes=\"(max-width: 300px) 100vw, 300px\" \/><\/p>\n<p>Al respecto, el jefe comunal, Sebasti\u00e1n \u00c1lvarez, destac\u00f3 este nuevo logro en beneficio de la realidad medioambiental de la zona. \u201cC\u00f3mo no alegrarme por la aprobaci\u00f3n de esta Ordenanza de Humedales\u201d, coment\u00f3 la autoridad, quien record\u00f3 que \u201ccomo diputado tuve la oportunidad de votar y sacar adelante la Ley de Humedales Urbanos y hoy, como alcalde de Puc\u00f3n, me toca votar esta Ordenanza de Humedales que va a regir la administraci\u00f3n interna de nuestro territorio. As\u00ed que fue un muy buen Concejo el de hoy\u201d.<\/p>\n<audio class=\"wp-audio-shortcode\" id=\"audio-56609-2\" preload=\"none\" style=\"width: 100%;\" controls=\"controls\"><source type=\"audio\/mpeg\" src=\"https:\/\/municipalidadpucon.cl\/wp-content\/uploads\/2025\/10\/Alcalde-Sebastian-Alvarez-conforme-con-la-aprobacion-.mp3?_=2\" \/><a href=\"https:\/\/municipalidadpucon.cl\/wp-content\/uploads\/2025\/10\/Alcalde-Sebastian-Alvarez-conforme-con-la-aprobacion-.mp3\">https:\/\/municipalidadpucon.cl\/wp-content\/uploads\/2025\/10\/Alcalde-Sebastian-Alvarez-conforme-con-la-aprobacion-.mp3<\/a><\/audio>\n<p><img decoding=\"async\" class=\"alignnone size-medium wp-image-56614\" src=\"https:\/\/municipalidadpucon.cl\/wp-content\/uploads\/2025\/10\/4-3-300x225.jpg\" alt=\"\" width=\"300\" height=\"225\" srcset=\"https:\/\/municipalidadpucon.cl\/wp-content\/uploads\/2025\/10\/4-3-200x150.jpg 200w, https:\/\/municipalidadpucon.cl\/wp-content\/uploads\/2025\/10\/4-3-300x225.jpg 300w, https:\/\/municipalidadpucon.cl\/wp-content\/uploads\/2025\/10\/4-3-400x300.jpg 400w, https:\/\/municipalidadpucon.cl\/wp-content\/uploads\/2025\/10\/4-3-600x450.jpg 600w, https:\/\/municipalidadpucon.cl\/wp-content\/uploads\/2025\/10\/4-3-768x576.jpg 768w, https:\/\/municipalidadpucon.cl\/wp-content\/uploads\/2025\/10\/4-3-800x600.jpg 800w, https:\/\/municipalidadpucon.cl\/wp-content\/uploads\/2025\/10\/4-3.jpg 1024w\" sizes=\"(max-width: 300px) 100vw, 300px\" \/><\/p>\n<p><strong>DENUNCIAS PRESENCIALES \u00a0<\/strong><\/p>\n<p>Ya con la confirmaci\u00f3n de este marco normativo local, es el propio Municipio de Puc\u00f3n el que pasa a tomar un rol protag\u00f3nico en la recepci\u00f3n y conducci\u00f3n de denuncias que vayan en defensa de los reconocidos y valorados humedales. En este aspecto, la titular de la DAOMA recalc\u00f3 que \u201cobviamente hay protocolos de denuncia, sobre alguna irregularidad acerca de nuestros cuerpos de agua\u201d.<\/p>\n<audio class=\"wp-audio-shortcode\" id=\"audio-56609-3\" preload=\"none\" style=\"width: 100%;\" controls=\"controls\"><source type=\"audio\/mpeg\" src=\"https:\/\/municipalidadpucon.cl\/wp-content\/uploads\/2025\/10\/Evelyn-Silva-recalca-que-el-Municipio-es-garante-para-denuncias-.mp3?_=3\" \/><a href=\"https:\/\/municipalidadpucon.cl\/wp-content\/uploads\/2025\/10\/Evelyn-Silva-recalca-que-el-Municipio-es-garante-para-denuncias-.mp3\">https:\/\/municipalidadpucon.cl\/wp-content\/uploads\/2025\/10\/Evelyn-Silva-recalca-que-el-Municipio-es-garante-para-denuncias-.mp3<\/a><\/audio>\n<p>La funcionaria insisti\u00f3 que la idea es que todo tipo de denuncias al respecto, las personas la puedan dirigir \u201ca la Municipalidad y generen la denuncia correspondiente (en relaci\u00f3n) a lo que pueda estar ocurriendo, porque la Municipalidad es la que fiscaliza la Ordenanza. Por eso estoy muy contenta y feliz\u201d.<\/p>\n<p>Desde la DAOMA, si bien mantienen disponibles los tel\u00e9fonos 45 2 888 009, 45 2 888 005 y 45 2 888 014 -o el correo electr\u00f3nico: <a href=\"mailto:daoma@munipucon.cl-%20aclaran\">daoma@munipucon.cl- aclaran<\/a> que las denuncias de este tipo es mejor hacerlas de manera presencial, porque debe completarse un formulario espec\u00edfico de denuncias ambientales.<\/p>\n","protected":false},"excerpt":{"rendered":"<p>Fue el Concejo Municipal el que aprob\u00f3 la entrada en [&hellip;]<\/p>\n","protected":false},"author":10,"featured_media":56616,"comment_status":"closed","ping_status":"open","sticky":false,"template":"","format":"standard","meta":[],"categories":[98,3],"tags":[],"_links":{"self":[{"href":"https:\/\/municipalidadpucon.cl\/index.php?rest_route=\/wp\/v2\/posts\/56609"}],"collection":[{"href":"https:\/\/municipalidadpucon.cl\/index.php?rest_route=\/wp\/v2\/posts"}],"about":[{"href":"https:\/\/municipalidadpucon.cl\/index.php?rest_route=\/wp\/v2\/types\/post"}],"author":[{"embeddable":true,"href":"https:\/\/municipalidadpucon.cl\/index.php?rest_route=\/wp\/v2\/users\/10"}],"replies":[{"embeddable":true,"href":"https:\/\/municipalidadpucon.cl\/index.php?rest_route=%2Fwp%2Fv2%2Fcomments&post=56609"}],"version-history":[{"count":1,"href":"https:\/\/municipalidadpucon.cl\/index.php?rest_route=\/wp\/v2\/posts\/56609\/revisions"}],"predecessor-version":[{"id":56617,"href":"https:\/\/municipalidadpucon.cl\/index.php?rest_route=\/wp\/v2\/posts\/56609\/revisions\/56617"}],"wp:featuredmedia":[{"embeddable":true,"href":"https:\/\/municipalidadpucon.cl\/index.php?rest_route=\/wp\/v2\/media\/56616"}],"wp:attachment":[{"href":"https:\/\/municipalidadpucon.cl\/index.php?rest_route=%2Fwp%2Fv2%2Fmedia&parent=56609"}],"wp:term":[{"taxonomy":"category","embeddable":true,"href":"https:\/\/municipalidadpucon.cl\/index.php?rest_route=%2Fwp%2Fv2%2Fcategories&post=56609"},{"taxonomy":"post_tag","embeddable":true,"href":"https:\/\/municipalidadpucon.cl\/index.php?rest_route=%2Fwp%2Fv2%2Ftags&post=56609"}],"curies":[{"name":"wp","href":"https:\/\/api.w.org\/{rel}","templated":true}]}}