{"id":56620,"date":"2025-10-10T08:40:08","date_gmt":"2025-10-10T11:40:08","guid":{"rendered":"https:\/\/municipalidadpucon.cl\/?p=56620"},"modified":"2025-10-10T08:40:08","modified_gmt":"2025-10-10T11:40:08","slug":"municipio-supera-trabas-legales-para-emblematicos-comites-de-viviendas","status":"publish","type":"post","link":"https:\/\/municipalidadpucon.cl\/?p=56620","title":{"rendered":"Municipio supera trabas legales para emblem\u00e1ticos comit\u00e9s de viviendas"},"content":{"rendered":"<p><em><strong>En el \u00faltimo Concejo comunal se conocieron los enormes avances que ha tenido en torno al tema una zona que tambi\u00e9n espera el aporte, con recursos, del Ministerio de Vivienda y Urbanismo (MINVU).<\/strong><\/em><\/p>\n<p><img decoding=\"async\" class=\"size-medium wp-image-56621 aligncenter\" src=\"https:\/\/municipalidadpucon.cl\/wp-content\/uploads\/2025\/10\/2-6-300x169.jpeg\" alt=\"\" width=\"300\" height=\"169\" srcset=\"https:\/\/municipalidadpucon.cl\/wp-content\/uploads\/2025\/10\/2-6-200x113.jpeg 200w, https:\/\/municipalidadpucon.cl\/wp-content\/uploads\/2025\/10\/2-6-300x169.jpeg 300w, https:\/\/municipalidadpucon.cl\/wp-content\/uploads\/2025\/10\/2-6-400x225.jpeg 400w, https:\/\/municipalidadpucon.cl\/wp-content\/uploads\/2025\/10\/2-6-600x338.jpeg 600w, https:\/\/municipalidadpucon.cl\/wp-content\/uploads\/2025\/10\/2-6-768x432.jpeg 768w, https:\/\/municipalidadpucon.cl\/wp-content\/uploads\/2025\/10\/2-6-800x450.jpeg 800w, https:\/\/municipalidadpucon.cl\/wp-content\/uploads\/2025\/10\/2-6-1024x576.jpeg 1024w, https:\/\/municipalidadpucon.cl\/wp-content\/uploads\/2025\/10\/2-6-1200x675.jpeg 1200w, https:\/\/municipalidadpucon.cl\/wp-content\/uploads\/2025\/10\/2-6-scaled.jpeg 1300w, https:\/\/municipalidadpucon.cl\/wp-content\/uploads\/2025\/10\/2-6-1536x864.jpeg 1536w\" sizes=\"(max-width: 300px) 100vw, 300px\" \/><\/p>\n<p>Casi 80 subsidios de vivienda -para sectores rurales (17), comunidades ind\u00edgenas (21) y de arriendo (41)- se han entregado en los \u00faltimos meses en la comuna de Puc\u00f3n, tras la entrega de recursos provenientes del Ministerio de Vivienda y Urbanismo (MINVU), adem\u00e1s de la gesti\u00f3n de su s\u00edmil regional (SERVIU) y la Municipalidad lacustre, desde donde se confirm\u00f3 que en las recientes semanas se han superado complejas trabas legales con miras a financiar importantes proyectos habitacionales, como los del Comit\u00e9 El Alto y Valle.<\/p>\n<p>Emblem\u00e1ticos han sido estas futuras soluciones habitacionales que, por a\u00f1os, han perseguido aportar en la crisis habitacional de la zona junto al Lago Villarrica y los que llegaron a un estado de par\u00e1lisis administrativa, del cual el Municipio, por medio de su Entidad Patrocinante (EP) de la Secretar\u00eda Comunal de Planificaci\u00f3n (SECPLAC), pudo destrabar luego de una labor coordinada con el propio Servicio Regional de Vivienda y Urbanismo (SERVIU).<\/p>\n<p><strong>SOLUCIONES<\/strong><\/p>\n<p>\u201cA pesar de todas las problem\u00e1ticas que hemos tenido, las hemos ido solucionando una a una\u201d, explic\u00f3 en la \u00faltima sesi\u00f3n del Concejo Municipal puconino, Alexis Figueroa, director de SECPLAC, quien se\u00f1al\u00f3 que lo que resta para viabilizar t\u00e9cnicamente los proyectos, y luego postularlos a financiamiento, \u201ces el tema del terreno (desajustes en la cantidad de casas y el espacio disponible), pero yo, como sea, y lo hemos conversado con el equipo de EP, tenemos que dejar ingresado el proyecto este a\u00f1o, antes de noviembre. De esa manera no va a ser responsabilidad nuestra si no alcanzamos los subsidios este a\u00f1o. El compromiso ha sido ese con los comit\u00e9s de vivienda\u201d.<\/p>\n<!--[if lt IE 9]><script>document.createElement('audio');<\/script><![endif]-->\n<audio class=\"wp-audio-shortcode\" id=\"audio-56620-1\" preload=\"none\" style=\"width: 100%;\" controls=\"controls\"><source type=\"audio\/mpeg\" src=\"https:\/\/municipalidadpucon.cl\/wp-content\/uploads\/2025\/10\/Alexis-Figueroa-detalla-los-problemas-mas-graves-con-los-Comites-.mp3?_=1\" \/><a href=\"https:\/\/municipalidadpucon.cl\/wp-content\/uploads\/2025\/10\/Alexis-Figueroa-detalla-los-problemas-mas-graves-con-los-Comites-.mp3\">https:\/\/municipalidadpucon.cl\/wp-content\/uploads\/2025\/10\/Alexis-Figueroa-detalla-los-problemas-mas-graves-con-los-Comites-.mp3<\/a><\/audio>\n<p><img decoding=\"async\" class=\"alignnone size-medium wp-image-56623\" src=\"https:\/\/municipalidadpucon.cl\/wp-content\/uploads\/2025\/10\/3-2-300x169.jpg\" alt=\"\" width=\"300\" height=\"169\" srcset=\"https:\/\/municipalidadpucon.cl\/wp-content\/uploads\/2025\/10\/3-2-200x113.jpg 200w, https:\/\/municipalidadpucon.cl\/wp-content\/uploads\/2025\/10\/3-2-300x169.jpg 300w, https:\/\/municipalidadpucon.cl\/wp-content\/uploads\/2025\/10\/3-2-400x225.jpg 400w, https:\/\/municipalidadpucon.cl\/wp-content\/uploads\/2025\/10\/3-2-600x338.jpg 600w, https:\/\/municipalidadpucon.cl\/wp-content\/uploads\/2025\/10\/3-2-768x432.jpg 768w, https:\/\/municipalidadpucon.cl\/wp-content\/uploads\/2025\/10\/3-2-800x450.jpg 800w, https:\/\/municipalidadpucon.cl\/wp-content\/uploads\/2025\/10\/3-2-1024x576.jpg 1024w, https:\/\/municipalidadpucon.cl\/wp-content\/uploads\/2025\/10\/3-2-1200x675.jpg 1200w, https:\/\/municipalidadpucon.cl\/wp-content\/uploads\/2025\/10\/3-2-scaled.jpg 1300w, https:\/\/municipalidadpucon.cl\/wp-content\/uploads\/2025\/10\/3-2-1536x864.jpg 1536w\" sizes=\"(max-width: 300px) 100vw, 300px\" \/><\/p>\n<p>El personero destac\u00f3 que la iniciativa, en sus exigencias social y econ\u00f3mica est\u00e1 muy cercana a superarse, faltando lo t\u00e9cnico, ante lo cual \u201chace unos d\u00edas tuvimos reuni\u00f3n con el equipo t\u00e9cnico del SERVIU. As\u00ed que eso faltar\u00eda, el permiso de construcci\u00f3n, y ya tendr\u00edamos la totalidad de las observaciones subsanadas y as\u00ed poder avanzar\u201d, complement\u00f3 Figueroa.<\/p>\n<p><strong>RIGUROSIDAD Y PROFESIONALISMO<\/strong><\/p>\n<p>Por su parte, el alcalde de la comuna de Puc\u00f3n, Sebasti\u00e1n \u00c1lvarez, recalc\u00f3 que \u201ctodo este Concejo Municipal est\u00e1 por avanzar con los comit\u00e9s de vivienda\u201d. La autoridad recalc\u00f3 que \u201ctoda aquella caricatura que quisiera decir que no est\u00e1bamos \u2018ni ah\u00ed\u2019 con los comit\u00e9s de vivienda, es parte de la caricatura. Pero aqu\u00ed hay que dejar claro: Este Concejo Municipal ha instruido a las \u00e1reas t\u00e9cnicas respectivas para avanzar con rigurosidad y profesionalismo, y eso hay que valorarlo en el equipo de vivienda y reconocerlo\u201d.<\/p>\n<audio class=\"wp-audio-shortcode\" id=\"audio-56620-2\" preload=\"none\" style=\"width: 100%;\" controls=\"controls\"><source type=\"audio\/mpeg\" src=\"https:\/\/municipalidadpucon.cl\/wp-content\/uploads\/2025\/10\/Alcalde-Sebastian-Alvarez-destaca-el-apoyo-que-los-comites-tiene-del-Concejo-pleno.mp3?_=2\" \/><a href=\"https:\/\/municipalidadpucon.cl\/wp-content\/uploads\/2025\/10\/Alcalde-Sebastian-Alvarez-destaca-el-apoyo-que-los-comites-tiene-del-Concejo-pleno.mp3\">https:\/\/municipalidadpucon.cl\/wp-content\/uploads\/2025\/10\/Alcalde-Sebastian-Alvarez-destaca-el-apoyo-que-los-comites-tiene-del-Concejo-pleno.mp3<\/a><\/audio>\n<p>En el mismo aspecto, el concejal puconino, Armin Avil\u00e9s valor\u00f3 el accionar de la administraci\u00f3n municipal. \u201cUstedes llegaron reci\u00e9n a ordenar esto, quedaron casas fuera de la medici\u00f3n. Entonces, que la gente entienda, porque los comit\u00e9s, claro, hay muchos que est\u00e1n enojados con nosotros, pero esto depende del Gobierno de turno\u201d, apunt\u00f3 el edil puconino al pr\u00f3ximo paso que viene, una vez superadas las exigencias t\u00e9cnicas, cual es el financiamiento de estos dos proyectos.<\/p>\n<audio class=\"wp-audio-shortcode\" id=\"audio-56620-3\" preload=\"none\" style=\"width: 100%;\" controls=\"controls\"><source type=\"audio\/mpeg\" src=\"https:\/\/municipalidadpucon.cl\/wp-content\/uploads\/2025\/10\/Armin-Aviles-concejal-de-Pucon-y-el-apoyo-que-debe-llegar-del-Minvu.mp3?_=3\" \/><a href=\"https:\/\/municipalidadpucon.cl\/wp-content\/uploads\/2025\/10\/Armin-Aviles-concejal-de-Pucon-y-el-apoyo-que-debe-llegar-del-Minvu.mp3\">https:\/\/municipalidadpucon.cl\/wp-content\/uploads\/2025\/10\/Armin-Aviles-concejal-de-Pucon-y-el-apoyo-que-debe-llegar-del-Minvu.mp3<\/a><\/audio>\n<p><strong>M\u00c1S COMIT\u00c9S Y POSTULACIONES \u00a0<\/strong><\/p>\n<p>Paralelamente, en Puc\u00f3n se est\u00e1n gestionando siete proyectos habitacionales, junto a comit\u00e9s locales; entre ellos, el de Cutralhue, Vientos del Sur y otros tres, que se ubicar\u00e1n en el sector Salinas.<\/p>\n<p>Siempre en el \u00e1rea de la vivienda social, desde el Municipio de Puc\u00f3n se inform\u00f3 que est\u00e1n abiertas las postulaciones a nuevos subsidios de arriendo, a partir del 7 de octubre y hasta el 14 de noviembre; mientras se organizan actividades informativas para el Programa de Subsidio Rural con miras a postulaciones para el a\u00f1o 2026. De todo se puede conocer, de manera presencial, en las oficinas de Vivienda de la Municipalidad de Puc\u00f3n (O\u2019Higgins N\u00b0483), segundo piso.<\/p>\n","protected":false},"excerpt":{"rendered":"<p>En el \u00faltimo Concejo comunal se conocieron los enormes avances [&hellip;]<\/p>\n","protected":false},"author":10,"featured_media":56627,"comment_status":"closed","ping_status":"open","sticky":false,"template":"","format":"standard","meta":[],"categories":[98,3],"tags":[],"_links":{"self":[{"href":"https:\/\/municipalidadpucon.cl\/index.php?rest_route=\/wp\/v2\/posts\/56620"}],"collection":[{"href":"https:\/\/municipalidadpucon.cl\/index.php?rest_route=\/wp\/v2\/posts"}],"about":[{"href":"https:\/\/municipalidadpucon.cl\/index.php?rest_route=\/wp\/v2\/types\/post"}],"author":[{"embeddable":true,"href":"https:\/\/municipalidadpucon.cl\/index.php?rest_route=\/wp\/v2\/users\/10"}],"replies":[{"embeddable":true,"href":"https:\/\/municipalidadpucon.cl\/index.php?rest_route=%2Fwp%2Fv2%2Fcomments&post=56620"}],"version-history":[{"count":1,"href":"https:\/\/municipalidadpucon.cl\/index.php?rest_route=\/wp\/v2\/posts\/56620\/revisions"}],"predecessor-version":[{"id":56628,"href":"https:\/\/municipalidadpucon.cl\/index.php?rest_route=\/wp\/v2\/posts\/56620\/revisions\/56628"}],"wp:featuredmedia":[{"embeddable":true,"href":"https:\/\/municipalidadpucon.cl\/index.php?rest_route=\/wp\/v2\/media\/56627"}],"wp:attachment":[{"href":"https:\/\/municipalidadpucon.cl\/index.php?rest_route=%2Fwp%2Fv2%2Fmedia&parent=56620"}],"wp:term":[{"taxonomy":"category","embeddable":true,"href":"https:\/\/municipalidadpucon.cl\/index.php?rest_route=%2Fwp%2Fv2%2Fcategories&post=56620"},{"taxonomy":"post_tag","embeddable":true,"href":"https:\/\/municipalidadpucon.cl\/index.php?rest_route=%2Fwp%2Fv2%2Ftags&post=56620"}],"curies":[{"name":"wp","href":"https:\/\/api.w.org\/{rel}","templated":true}]}}