{"id":56629,"date":"2025-10-10T15:59:42","date_gmt":"2025-10-10T18:59:42","guid":{"rendered":"https:\/\/municipalidadpucon.cl\/?p=56629"},"modified":"2025-10-10T16:00:06","modified_gmt":"2025-10-10T19:00:06","slug":"creditos-del-kickboxing-ganaron-medallas-en-evento-semiprofesional-de-brasil","status":"publish","type":"post","link":"https:\/\/municipalidadpucon.cl\/?p=56629","title":{"rendered":"Cr\u00e9ditos del kickboxing ganaron medallas en evento semiprofesional de Brasil"},"content":{"rendered":"<p><em><strong>Los cr\u00e9ditos locales Kevin Sobarzo y Sebasti\u00e1n Tobar vivieron una enriquecedora experiencia en un encuentro semiprofesional realizado en Cabo San Agostino, de Recife en el Gigante Sudamericano.<\/strong><\/em><\/p>\n<p><img decoding=\"async\" class=\"size-medium wp-image-56630 aligncenter\" src=\"https:\/\/municipalidadpucon.cl\/wp-content\/uploads\/2025\/10\/2-7-300x225.jpeg\" alt=\"\" width=\"300\" height=\"225\" srcset=\"https:\/\/municipalidadpucon.cl\/wp-content\/uploads\/2025\/10\/2-7-200x150.jpeg 200w, https:\/\/municipalidadpucon.cl\/wp-content\/uploads\/2025\/10\/2-7-300x225.jpeg 300w, https:\/\/municipalidadpucon.cl\/wp-content\/uploads\/2025\/10\/2-7-400x300.jpeg 400w, https:\/\/municipalidadpucon.cl\/wp-content\/uploads\/2025\/10\/2-7-600x450.jpeg 600w, https:\/\/municipalidadpucon.cl\/wp-content\/uploads\/2025\/10\/2-7-768x576.jpeg 768w, https:\/\/municipalidadpucon.cl\/wp-content\/uploads\/2025\/10\/2-7-800x600.jpeg 800w, https:\/\/municipalidadpucon.cl\/wp-content\/uploads\/2025\/10\/2-7-1024x768.jpeg 1024w, https:\/\/municipalidadpucon.cl\/wp-content\/uploads\/2025\/10\/2-7-1200x900.jpeg 1200w, https:\/\/municipalidadpucon.cl\/wp-content\/uploads\/2025\/10\/2-7.jpeg 1280w\" sizes=\"(max-width: 300px) 100vw, 300px\" \/><\/p>\n<p>Positivas noticias se trajeron desde Brasil los especialistas de kickboxing de Puc\u00f3n, Kevin Sobarzo (21) y Sebasti\u00e1n Tobar (21), al ganar medallas de oro en un evento semiprofesional realizado hace algunos d\u00edas en la ciudad de Cabo San Agostino, Estado de Recife en el pa\u00eds gigante del continente sudamericano.<\/p>\n<p>Mientras Sobarzo, tras dos peleas ganadas en la categor\u00eda 81 kilos, se qued\u00f3 con el t\u00edtulo, el caso de Tobar fue particular, ya que en su serie de los 86 kilos se gan\u00f3 el m\u00e1ximo trofeo sin lanzar golpes, puesto que sus rivales brasile\u00f1os desistieron de subirse al ring.<\/p>\n<p><strong>ESPERABA EL ORO \u00a0<\/strong><\/p>\n<p>Si esperaba quedarse con la corona, Kevin Sobarzo reconoci\u00f3 que \u201cs\u00ed me lo esperaba, por el trabajo que hicimos y todo lo que hab\u00edamos entrenado, aparte era uno de mis grandes sue\u00f1os en mi carrera competitiva, nos preparamos para este campeonato\u201d, afirm\u00f3 el deportista local de un metro 86 de estatura.<\/p>\n<!--[if lt IE 9]><script>document.createElement('audio');<\/script><![endif]-->\n<audio class=\"wp-audio-shortcode\" id=\"audio-56629-1\" preload=\"none\" style=\"width: 100%;\" controls=\"controls\"><source type=\"audio\/mpeg\" src=\"https:\/\/municipalidadpucon.cl\/wp-content\/uploads\/2025\/10\/Kevin-Sobarzo-ganador-en-evento-de-Brasil-.mp3?_=1\" \/><a href=\"https:\/\/municipalidadpucon.cl\/wp-content\/uploads\/2025\/10\/Kevin-Sobarzo-ganador-en-evento-de-Brasil-.mp3\">https:\/\/municipalidadpucon.cl\/wp-content\/uploads\/2025\/10\/Kevin-Sobarzo-ganador-en-evento-de-Brasil-.mp3<\/a><\/audio>\n<p>El entrenador de los dos cr\u00e9ditos puconinos, Francisco Concha, recalc\u00f3 sentirse \u201cs\u00faper contento de los resultados. Nos llevamos preparando cuatro meses para este evento, que fue en Brasil y obviamente, siempre uno quiere ganar y en este caso ganamos de la mejor manera, sin terminar las peleas; o sea por knockout\u201d, en el caso de Sobarzo.<\/p>\n<audio class=\"wp-audio-shortcode\" id=\"audio-56629-2\" preload=\"none\" style=\"width: 100%;\" controls=\"controls\"><source type=\"audio\/mpeg\" src=\"https:\/\/municipalidadpucon.cl\/wp-content\/uploads\/2025\/10\/Francisco-Concha-entrenador-de-Pucon-en-el-kickboxing-.mp3?_=2\" \/><a href=\"https:\/\/municipalidadpucon.cl\/wp-content\/uploads\/2025\/10\/Francisco-Concha-entrenador-de-Pucon-en-el-kickboxing-.mp3\">https:\/\/municipalidadpucon.cl\/wp-content\/uploads\/2025\/10\/Francisco-Concha-entrenador-de-Pucon-en-el-kickboxing-.mp3<\/a><\/audio>\n<p><img decoding=\"async\" class=\"alignnone size-medium wp-image-56633\" src=\"https:\/\/municipalidadpucon.cl\/wp-content\/uploads\/2025\/10\/3-6-300x225.jpeg\" alt=\"\" width=\"300\" height=\"225\" srcset=\"https:\/\/municipalidadpucon.cl\/wp-content\/uploads\/2025\/10\/3-6-200x150.jpeg 200w, https:\/\/municipalidadpucon.cl\/wp-content\/uploads\/2025\/10\/3-6-300x225.jpeg 300w, https:\/\/municipalidadpucon.cl\/wp-content\/uploads\/2025\/10\/3-6-400x300.jpeg 400w, https:\/\/municipalidadpucon.cl\/wp-content\/uploads\/2025\/10\/3-6-600x450.jpeg 600w, https:\/\/municipalidadpucon.cl\/wp-content\/uploads\/2025\/10\/3-6-768x576.jpeg 768w, https:\/\/municipalidadpucon.cl\/wp-content\/uploads\/2025\/10\/3-6-800x600.jpeg 800w, https:\/\/municipalidadpucon.cl\/wp-content\/uploads\/2025\/10\/3-6-1024x768.jpeg 1024w, https:\/\/municipalidadpucon.cl\/wp-content\/uploads\/2025\/10\/3-6-1200x900.jpeg 1200w, https:\/\/municipalidadpucon.cl\/wp-content\/uploads\/2025\/10\/3-6.jpeg 1280w\" sizes=\"(max-width: 300px) 100vw, 300px\" \/> <img decoding=\"async\" class=\"alignnone size-medium wp-image-56634\" src=\"https:\/\/municipalidadpucon.cl\/wp-content\/uploads\/2025\/10\/4-5-225x300.jpeg\" alt=\"\" width=\"225\" height=\"300\" srcset=\"https:\/\/municipalidadpucon.cl\/wp-content\/uploads\/2025\/10\/4-5-200x267.jpeg 200w, https:\/\/municipalidadpucon.cl\/wp-content\/uploads\/2025\/10\/4-5-225x300.jpeg 225w, https:\/\/municipalidadpucon.cl\/wp-content\/uploads\/2025\/10\/4-5-400x533.jpeg 400w, https:\/\/municipalidadpucon.cl\/wp-content\/uploads\/2025\/10\/4-5-600x800.jpeg 600w, https:\/\/municipalidadpucon.cl\/wp-content\/uploads\/2025\/10\/4-5-768x1024.jpeg 768w, https:\/\/municipalidadpucon.cl\/wp-content\/uploads\/2025\/10\/4-5-800x1067.jpeg 800w, https:\/\/municipalidadpucon.cl\/wp-content\/uploads\/2025\/10\/4-5.jpeg 960w\" sizes=\"(max-width: 225px) 100vw, 225px\" \/><\/p>\n<p>El preparador de los kickboxer de la zona lacustre destac\u00f3 que las peleas semiprofesionales, consisten en enfrentamientos \u201csin protecci\u00f3n en la cabeza, con canilleras m\u00e1s chicas y con guantes m\u00e1s peque\u00f1os. Igual es un pasito antes del profesionalismo, todav\u00eda es amateur, pero es lo m\u00e1ximo antes del profesionalismo y de buen nivel\u201d.<\/p>\n<p><strong>BUENA SEMANA<\/strong><\/p>\n<p>Al margen de no haber podido subir al ring para lanzar pu\u00f1os y patadas, Sebasti\u00e1n Tobar de todos modos valor\u00f3 la experiencia en Brasil, ya que \u201cfue una semana de ensue\u00f1o, un sue\u00f1o cumplido. Est\u00e1bamos en un lugar muy bonito, sal\u00edamos a trotar en la ma\u00f1ana, volv\u00edamos, tom\u00e1bamos desayuno, y despu\u00e9s ten\u00edamos el entrenamiento con la selecci\u00f3n, fue una semana que se aprendi\u00f3 mucho, aprendimos de nosotros y de los cortes de peso\u201d.<\/p>\n<audio class=\"wp-audio-shortcode\" id=\"audio-56629-3\" preload=\"none\" style=\"width: 100%;\" controls=\"controls\"><source type=\"audio\/mpeg\" src=\"https:\/\/municipalidadpucon.cl\/wp-content\/uploads\/2025\/10\/Sebastian-Tobar-kickboxer-de-Pucon-valora-la-semana-en-Brasil-.mp3?_=3\" \/><a href=\"https:\/\/municipalidadpucon.cl\/wp-content\/uploads\/2025\/10\/Sebastian-Tobar-kickboxer-de-Pucon-valora-la-semana-en-Brasil-.mp3\">https:\/\/municipalidadpucon.cl\/wp-content\/uploads\/2025\/10\/Sebastian-Tobar-kickboxer-de-Pucon-valora-la-semana-en-Brasil-.mp3<\/a><\/audio>\n<p>Sobre cumplir con esa exigencia en la balanza, para mantenerse en sus respectivas categor\u00edas, Tobar destac\u00f3 que eso termin\u00f3 siendo otra verdadera batalla, porque \u201cyo ten\u00eda que llegar a los 86 kilos, pero fue una batalla que yo gan\u00e9, yo estaba listo para pelear, pero no se pudo, nom\u00e1s\u201d.<\/p>\n","protected":false},"excerpt":{"rendered":"<p>Los cr\u00e9ditos locales Kevin Sobarzo y Sebasti\u00e1n Tobar vivieron una [&hellip;]<\/p>\n","protected":false},"author":10,"featured_media":56636,"comment_status":"closed","ping_status":"open","sticky":false,"template":"","format":"standard","meta":[],"categories":[3],"tags":[],"_links":{"self":[{"href":"https:\/\/municipalidadpucon.cl\/index.php?rest_route=\/wp\/v2\/posts\/56629"}],"collection":[{"href":"https:\/\/municipalidadpucon.cl\/index.php?rest_route=\/wp\/v2\/posts"}],"about":[{"href":"https:\/\/municipalidadpucon.cl\/index.php?rest_route=\/wp\/v2\/types\/post"}],"author":[{"embeddable":true,"href":"https:\/\/municipalidadpucon.cl\/index.php?rest_route=\/wp\/v2\/users\/10"}],"replies":[{"embeddable":true,"href":"https:\/\/municipalidadpucon.cl\/index.php?rest_route=%2Fwp%2Fv2%2Fcomments&post=56629"}],"version-history":[{"count":1,"href":"https:\/\/municipalidadpucon.cl\/index.php?rest_route=\/wp\/v2\/posts\/56629\/revisions"}],"predecessor-version":[{"id":56637,"href":"https:\/\/municipalidadpucon.cl\/index.php?rest_route=\/wp\/v2\/posts\/56629\/revisions\/56637"}],"wp:featuredmedia":[{"embeddable":true,"href":"https:\/\/municipalidadpucon.cl\/index.php?rest_route=\/wp\/v2\/media\/56636"}],"wp:attachment":[{"href":"https:\/\/municipalidadpucon.cl\/index.php?rest_route=%2Fwp%2Fv2%2Fmedia&parent=56629"}],"wp:term":[{"taxonomy":"category","embeddable":true,"href":"https:\/\/municipalidadpucon.cl\/index.php?rest_route=%2Fwp%2Fv2%2Fcategories&post=56629"},{"taxonomy":"post_tag","embeddable":true,"href":"https:\/\/municipalidadpucon.cl\/index.php?rest_route=%2Fwp%2Fv2%2Ftags&post=56629"}],"curies":[{"name":"wp","href":"https:\/\/api.w.org\/{rel}","templated":true}]}}