{"id":56638,"date":"2025-10-10T16:07:08","date_gmt":"2025-10-10T19:07:08","guid":{"rendered":"https:\/\/municipalidadpucon.cl\/?p=56638"},"modified":"2025-10-10T16:07:08","modified_gmt":"2025-10-10T19:07:08","slug":"pucon-esta-en-el-ultimo-periodo-para-declaratoria-de-impacto-ambiental-del-vertedero","status":"publish","type":"post","link":"https:\/\/municipalidadpucon.cl\/?p=56638","title":{"rendered":"Puc\u00f3n est\u00e1 en el \u00faltimo periodo para Declaratoria de Impacto Ambiental del Vertedero"},"content":{"rendered":"<p><em><strong>El extenso y planificado trabajo, liderado por la Municipalidad lacustre, ha tenido este a\u00f1o su principal hito, cual es cumplir con las normativas ambientales y sanitarias fiscalizadas por Seremi de Salud de La Araucan\u00eda.<\/strong><\/em><\/p>\n<p><img decoding=\"async\" class=\"size-medium wp-image-56639 aligncenter\" src=\"https:\/\/municipalidadpucon.cl\/wp-content\/uploads\/2025\/10\/2-4-300x169.jpg\" alt=\"\" width=\"300\" height=\"169\" srcset=\"https:\/\/municipalidadpucon.cl\/wp-content\/uploads\/2025\/10\/2-4-200x113.jpg 200w, https:\/\/municipalidadpucon.cl\/wp-content\/uploads\/2025\/10\/2-4-300x169.jpg 300w, https:\/\/municipalidadpucon.cl\/wp-content\/uploads\/2025\/10\/2-4-400x225.jpg 400w, https:\/\/municipalidadpucon.cl\/wp-content\/uploads\/2025\/10\/2-4-600x338.jpg 600w, https:\/\/municipalidadpucon.cl\/wp-content\/uploads\/2025\/10\/2-4-768x432.jpg 768w, https:\/\/municipalidadpucon.cl\/wp-content\/uploads\/2025\/10\/2-4-800x450.jpg 800w, https:\/\/municipalidadpucon.cl\/wp-content\/uploads\/2025\/10\/2-4-1024x576.jpg 1024w, https:\/\/municipalidadpucon.cl\/wp-content\/uploads\/2025\/10\/2-4-1200x675.jpg 1200w, https:\/\/municipalidadpucon.cl\/wp-content\/uploads\/2025\/10\/2-4-scaled.jpg 1300w, https:\/\/municipalidadpucon.cl\/wp-content\/uploads\/2025\/10\/2-4-1536x864.jpg 1536w\" sizes=\"(max-width: 300px) 100vw, 300px\" \/><\/p>\n<p>La planificada y extensa labor que en el \u00e1mbito ambiental ha venido desarrollando la Municipalidad de Puc\u00f3n, por intermedio de la Direcci\u00f3n de Aseo, Ornato y Medioambiente (DAOMA), pronto se concretar\u00e1 en la Declaratoria de Impacto Ambiental para el Sitio de Disposici\u00f3n Final de Desechos (o vertedero) en el sector Los Nevados, coronando ese esfuerzo en lo que ser\u00e1 el principal hito de 2025, destinado a cumplir con las exigentes normativas sanitarias y ambientales.<\/p>\n<p>\u201cEste paso clave que permitir\u00e1 obtener la Resoluci\u00f3n de Calificaci\u00f3n Ambiental (RCA) y la Resoluci\u00f3n Sanitaria (RS) avalan su funcionamiento conforme a las exigencias del Decreto Supremo N\u00b0189, normativa que regula los rellenos sanitarios\u201d, explic\u00f3 la directora de la DAOMA, Evelyn Silva.<\/p>\n<!--[if lt IE 9]><script>document.createElement('audio');<\/script><![endif]-->\n<audio class=\"wp-audio-shortcode\" id=\"audio-56638-1\" preload=\"none\" style=\"width: 100%;\" controls=\"controls\"><source type=\"audio\/mpeg\" src=\"https:\/\/municipalidadpucon.cl\/wp-content\/uploads\/2025\/10\/EVELYN-SILVA-Directora-DAOMA-y-trabajo-planificado-.mp3?_=1\" \/><a href=\"https:\/\/municipalidadpucon.cl\/wp-content\/uploads\/2025\/10\/EVELYN-SILVA-Directora-DAOMA-y-trabajo-planificado-.mp3\">https:\/\/municipalidadpucon.cl\/wp-content\/uploads\/2025\/10\/EVELYN-SILVA-Directora-DAOMA-y-trabajo-planificado-.mp3<\/a><\/audio>\n<p><strong>TRABAJOS REALIZADOS<\/strong><\/p>\n<p>La gesti\u00f3n municipal se ha centrado en el cumplimiento de dicha normativa, avanzando progresivamente desde la presentaci\u00f3n del Plan de Adecuaci\u00f3n en 2020 hasta la Ingenier\u00eda de Detalle, aprobada el 30 de noviembre de 2024 e ingresada formalmente a la Seremi de Salud el 9 de enero de 2025. Adem\u00e1s, en agosto de 2025 se inici\u00f3 la Declaraci\u00f3n de Impacto Ambiental (DIA), la que se encuentra actualmente en etapa de desarrollo.<\/p>\n<p>Paralelamente, entre las principales medidas implementadas destacan el manejo de lixiviados, de biog\u00e1s, estabilidad de taludes, monitoreo de aguas, medidas operacionales y cumplir con la zona buffer. \u201cEste es un proceso, un plan de adecuaci\u00f3n, una ingenier\u00eda de detalle, en donde se dice paso a paso lo que se va a hacer, cumpliendo con la normativa vigente\u201d, indic\u00f3 la titular de la DAOMA.<\/p>\n<audio class=\"wp-audio-shortcode\" id=\"audio-56638-2\" preload=\"none\" style=\"width: 100%;\" controls=\"controls\"><source type=\"audio\/mpeg\" src=\"https:\/\/municipalidadpucon.cl\/wp-content\/uploads\/2025\/10\/EVELYN-SILVA-se-inicio-Declaratoria-de-Impacto-Ambiental.mp3?_=2\" \/><a href=\"https:\/\/municipalidadpucon.cl\/wp-content\/uploads\/2025\/10\/EVELYN-SILVA-se-inicio-Declaratoria-de-Impacto-Ambiental.mp3\">https:\/\/municipalidadpucon.cl\/wp-content\/uploads\/2025\/10\/EVELYN-SILVA-se-inicio-Declaratoria-de-Impacto-Ambiental.mp3<\/a><\/audio>\n<p><strong>RESPONSABILIDAD DE CONCEJALES<\/strong><\/p>\n<p>Consultada sobre si este proceso ha sido conocido por el Concejo Municipal de Puc\u00f3n y sus integrantes, la profesional enfatiz\u00f3 que los ediles incluso han aprobado las ingenier\u00edas de detalles, debido a que -para concretarse- ha habido licitaciones; adem\u00e1s que \u201cla informaci\u00f3n ha sido p\u00fablica. Por eso, la idea es informar bien a la ciudadan\u00eda, que sepan que se est\u00e1 trabajando de forma correcta, se est\u00e1 cumpliendo y planificando a largo plazo\u201d, destac\u00f3 la titular de la DAOMA.<\/p>\n<audio class=\"wp-audio-shortcode\" id=\"audio-56638-3\" preload=\"none\" style=\"width: 100%;\" controls=\"controls\"><source type=\"audio\/mpeg\" src=\"https:\/\/municipalidadpucon.cl\/wp-content\/uploads\/2025\/10\/EVELYN-SILVA-se-han-aprobado-acciones-por-el-Concejo-Municipal.mp3?_=3\" \/><a href=\"https:\/\/municipalidadpucon.cl\/wp-content\/uploads\/2025\/10\/EVELYN-SILVA-se-han-aprobado-acciones-por-el-Concejo-Municipal.mp3\">https:\/\/municipalidadpucon.cl\/wp-content\/uploads\/2025\/10\/EVELYN-SILVA-se-han-aprobado-acciones-por-el-Concejo-Municipal.mp3<\/a><\/audio>\n<p>Sobre la \u00faltima Resoluci\u00f3n de la Seremi de Salud -la N\u00b025090472, del pasado 25 de agosto de 2025- y tras una visita inspectiva del 28 de junio de 2024 al vertedero de Puc\u00f3n, si bien su sentencia indica \u201cuna multa de 30 UTM (poco m\u00e1s de $2 millones)\u201d, tambi\u00e9n existe un plazo de 60 d\u00edas h\u00e1biles, desde la notificaci\u00f3n, para que el Municipio presente sus descargos.<\/p>\n<p><strong>NO SE PAGAR\u00c1 MULTA<\/strong><\/p>\n<p>De hecho, en la misma resoluci\u00f3n se detalla que pueden presentarse \u201clos medios de prueba necesarios que indiquen la total subsanaci\u00f3n de los hechos contactados en terreno y que demuestren que el lugar cuenta con autorizaci\u00f3n sanitaria, como as\u00ed tambi\u00e9n los sistemas particulares de agua potable y alcantarillado, o en su defecto, que las basuras de la comuna se est\u00e1n disponiendo en un lugar autorizado sanitariamente para este tipo de residuos y para presentar, adem\u00e1s, evaluaci\u00f3n de aguas subterr\u00e1neas y superficiales del lugar\u201d.<\/p>\n<audio class=\"wp-audio-shortcode\" id=\"audio-56638-4\" preload=\"none\" style=\"width: 100%;\" controls=\"controls\"><source type=\"audio\/mpeg\" src=\"https:\/\/municipalidadpucon.cl\/wp-content\/uploads\/2025\/10\/EVELYN-SILVA-Situacion-de-la-multa-.mp3?_=4\" \/><a href=\"https:\/\/municipalidadpucon.cl\/wp-content\/uploads\/2025\/10\/EVELYN-SILVA-Situacion-de-la-multa-.mp3\">https:\/\/municipalidadpucon.cl\/wp-content\/uploads\/2025\/10\/EVELYN-SILVA-Situacion-de-la-multa-.mp3<\/a><\/audio>\n<p>Desde la DAOMA de Puc\u00f3n se explic\u00f3 que \u201cobviamente, ellos indican en su resoluci\u00f3n la sentencia que hay multas y tambi\u00e9n plazos para presentar subsanaci\u00f3n, y nosotros, como tenemos todas las pruebas, vamos a subsanar, en vez de pagar la multa\u201d, rubric\u00f3 Evelyn Silva, quien destac\u00f3 que por este tema nunca se ha estado siquiera cerca de una crisis sanitaria en la comuna.<\/p>\n","protected":false},"excerpt":{"rendered":"<p>El extenso y planificado trabajo, liderado por la Municipalidad lacustre, [&hellip;]<\/p>\n","protected":false},"author":10,"featured_media":56644,"comment_status":"closed","ping_status":"open","sticky":false,"template":"","format":"standard","meta":[],"categories":[98,3],"tags":[],"_links":{"self":[{"href":"https:\/\/municipalidadpucon.cl\/index.php?rest_route=\/wp\/v2\/posts\/56638"}],"collection":[{"href":"https:\/\/municipalidadpucon.cl\/index.php?rest_route=\/wp\/v2\/posts"}],"about":[{"href":"https:\/\/municipalidadpucon.cl\/index.php?rest_route=\/wp\/v2\/types\/post"}],"author":[{"embeddable":true,"href":"https:\/\/municipalidadpucon.cl\/index.php?rest_route=\/wp\/v2\/users\/10"}],"replies":[{"embeddable":true,"href":"https:\/\/municipalidadpucon.cl\/index.php?rest_route=%2Fwp%2Fv2%2Fcomments&post=56638"}],"version-history":[{"count":1,"href":"https:\/\/municipalidadpucon.cl\/index.php?rest_route=\/wp\/v2\/posts\/56638\/revisions"}],"predecessor-version":[{"id":56645,"href":"https:\/\/municipalidadpucon.cl\/index.php?rest_route=\/wp\/v2\/posts\/56638\/revisions\/56645"}],"wp:featuredmedia":[{"embeddable":true,"href":"https:\/\/municipalidadpucon.cl\/index.php?rest_route=\/wp\/v2\/media\/56644"}],"wp:attachment":[{"href":"https:\/\/municipalidadpucon.cl\/index.php?rest_route=%2Fwp%2Fv2%2Fmedia&parent=56638"}],"wp:term":[{"taxonomy":"category","embeddable":true,"href":"https:\/\/municipalidadpucon.cl\/index.php?rest_route=%2Fwp%2Fv2%2Fcategories&post=56638"},{"taxonomy":"post_tag","embeddable":true,"href":"https:\/\/municipalidadpucon.cl\/index.php?rest_route=%2Fwp%2Fv2%2Ftags&post=56638"}],"curies":[{"name":"wp","href":"https:\/\/api.w.org\/{rel}","templated":true}]}}