{"id":56646,"date":"2025-10-13T08:40:39","date_gmt":"2025-10-13T11:40:39","guid":{"rendered":"https:\/\/municipalidadpucon.cl\/?p=56646"},"modified":"2025-10-13T08:40:39","modified_gmt":"2025-10-13T11:40:39","slug":"agrupacion-musical-de-pucon-teloneara-al-britanico-steven-wilson-en-el-movistar-arena","status":"publish","type":"post","link":"https:\/\/municipalidadpucon.cl\/?p=56646","title":{"rendered":"Agrupaci\u00f3n musical de Puc\u00f3n \u201ctelonear\u00e1\u201d al brit\u00e1nico Steven Wilson en el Movistar Arena"},"content":{"rendered":"<p><em><strong>Previo a la actuaci\u00f3n del seis veces nominado a los premios Grammy, \u201cKafod\u201d har\u00e1 una presentaci\u00f3n \u201cmundial\u201d con parte de su repertorio de rock progresivo, show que s\u00f3lo en Chile tendr\u00e1 una musical previa.<\/strong><\/em><\/p>\n<p><img decoding=\"async\" class=\"alignnone size-medium wp-image-56647\" src=\"https:\/\/municipalidadpucon.cl\/wp-content\/uploads\/2025\/10\/2-A-300x179.jpg\" alt=\"\" width=\"300\" height=\"179\" srcset=\"https:\/\/municipalidadpucon.cl\/wp-content\/uploads\/2025\/10\/2-A-200x119.jpg 200w, https:\/\/municipalidadpucon.cl\/wp-content\/uploads\/2025\/10\/2-A-300x179.jpg 300w, https:\/\/municipalidadpucon.cl\/wp-content\/uploads\/2025\/10\/2-A-400x238.jpg 400w, https:\/\/municipalidadpucon.cl\/wp-content\/uploads\/2025\/10\/2-A-600x358.jpg 600w, https:\/\/municipalidadpucon.cl\/wp-content\/uploads\/2025\/10\/2-A-768x458.jpg 768w, https:\/\/municipalidadpucon.cl\/wp-content\/uploads\/2025\/10\/2-A-800x477.jpg 800w, https:\/\/municipalidadpucon.cl\/wp-content\/uploads\/2025\/10\/2-A.jpg 1000w\" sizes=\"(max-width: 300px) 100vw, 300px\" \/><\/p>\n<p>Steven John Wilson (57) es un m\u00fasico y productor brit\u00e1nico, nominado en seis ocasiones a los premios Grammy. Se hizo conocido en el mundo del denominado rock progresivo por ser fundador, vocalista, guitarrista y compositor de la banda Porcupine Tree, que el pr\u00f3ximo domingo 19 de octubre se presentar\u00e1 en el Movistar Arena de Santiago, en donde la agrupaci\u00f3n puconina \u201cKafod\u201d ser\u00e1 su telonero.<\/p>\n<p>As\u00ed, Steven Wilson en Chile se presentar\u00e1 con The Overview Tour, no s\u00f3lo con este \u00fanico show, sino tambi\u00e9n con un hito mundial para el autor de &#8220;Pariah&#8221;, ya que en su gira por Estados Unidos, Canad\u00e1, M\u00e9xico y Brasil no incluir\u00e1 a ning\u00fan grupo telonero, con la \u00fanica excepci\u00f3n de nuestro pa\u00eds.<\/p>\n<p><img decoding=\"async\" class=\"alignnone size-medium wp-image-56648\" src=\"https:\/\/municipalidadpucon.cl\/wp-content\/uploads\/2025\/10\/2-5-300x225.jpg\" alt=\"\" width=\"300\" height=\"225\" srcset=\"https:\/\/municipalidadpucon.cl\/wp-content\/uploads\/2025\/10\/2-5-200x150.jpg 200w, https:\/\/municipalidadpucon.cl\/wp-content\/uploads\/2025\/10\/2-5-300x225.jpg 300w, https:\/\/municipalidadpucon.cl\/wp-content\/uploads\/2025\/10\/2-5-400x300.jpg 400w, https:\/\/municipalidadpucon.cl\/wp-content\/uploads\/2025\/10\/2-5-600x450.jpg 600w, https:\/\/municipalidadpucon.cl\/wp-content\/uploads\/2025\/10\/2-5-768x576.jpg 768w, https:\/\/municipalidadpucon.cl\/wp-content\/uploads\/2025\/10\/2-5-800x600.jpg 800w, https:\/\/municipalidadpucon.cl\/wp-content\/uploads\/2025\/10\/2-5-1024x768.jpg 1024w, https:\/\/municipalidadpucon.cl\/wp-content\/uploads\/2025\/10\/2-5-1200x900.jpg 1200w, https:\/\/municipalidadpucon.cl\/wp-content\/uploads\/2025\/10\/2-5.jpg 1280w\" sizes=\"(max-width: 300px) 100vw, 300px\" \/> <img decoding=\"async\" class=\"alignnone size-medium wp-image-56649\" src=\"https:\/\/municipalidadpucon.cl\/wp-content\/uploads\/2025\/10\/3-3-300x225.jpg\" alt=\"\" width=\"300\" height=\"225\" srcset=\"https:\/\/municipalidadpucon.cl\/wp-content\/uploads\/2025\/10\/3-3-200x150.jpg 200w, https:\/\/municipalidadpucon.cl\/wp-content\/uploads\/2025\/10\/3-3-300x225.jpg 300w, https:\/\/municipalidadpucon.cl\/wp-content\/uploads\/2025\/10\/3-3-400x300.jpg 400w, https:\/\/municipalidadpucon.cl\/wp-content\/uploads\/2025\/10\/3-3-600x450.jpg 600w, https:\/\/municipalidadpucon.cl\/wp-content\/uploads\/2025\/10\/3-3-768x576.jpg 768w, https:\/\/municipalidadpucon.cl\/wp-content\/uploads\/2025\/10\/3-3-800x600.jpg 800w, https:\/\/municipalidadpucon.cl\/wp-content\/uploads\/2025\/10\/3-3-1024x768.jpg 1024w, https:\/\/municipalidadpucon.cl\/wp-content\/uploads\/2025\/10\/3-3-1200x900.jpg 1200w, https:\/\/municipalidadpucon.cl\/wp-content\/uploads\/2025\/10\/3-3.jpg 1280w\" sizes=\"(max-width: 300px) 100vw, 300px\" \/><\/p>\n<p><strong>\u00daNICOS TELONEROS<\/strong><\/p>\n<p>\u201cSeg\u00fan lo que me enter\u00e9, somos los \u00fanicos teloneros a nivel mundial de Steven Wilson, porque \u00e9l no suele tener teloneros\u201d, indic\u00f3 Carlos Cruz, vocalista, guitarrista y l\u00edder de la agrupaci\u00f3n Kafod que hace siete a\u00f1os est\u00e1 radicada en Puc\u00f3n, con su tecladista y esposa Paula De Marco, el baterista de 16 a\u00f1os (su hijo), Juan Salvador Cruz De Marco y el bajista Mat\u00edas Astudillo. \u201cEs una tremenda oportunidad. Siempre me imagino que pueden pasar grandes cosas despu\u00e9s de conocer a grandes personas. Y que esas grandes personas tambi\u00e9n ya nos hayan escogido, quiz\u00e1s por una afinidad musical, o porque les gust\u00f3 la energ\u00eda del proyecto\u201d, agreg\u00f3 el responsable de haber \u201cperseguido\u201d por a\u00f1os a la figura de Wilson, a quien los puconinos por adopci\u00f3n le ofrecer\u00e1n que \u201cse involucre, quiz\u00e1s, en la producci\u00f3n de nuestro cuarto \u00e1lbum. No s\u00e9, podr\u00eda pasar\u201d, indic\u00f3 Cruz.<\/p>\n<!--[if lt IE 9]><script>document.createElement('audio');<\/script><![endif]-->\n<audio class=\"wp-audio-shortcode\" id=\"audio-56646-1\" preload=\"none\" style=\"width: 100%;\" controls=\"controls\"><source type=\"audio\/mpeg\" src=\"https:\/\/municipalidadpucon.cl\/wp-content\/uploads\/2025\/10\/Carlos-Cruz-los-unicos-teloneros-en-el-mundo-.mp3?_=1\" \/><a href=\"https:\/\/municipalidadpucon.cl\/wp-content\/uploads\/2025\/10\/Carlos-Cruz-los-unicos-teloneros-en-el-mundo-.mp3\">https:\/\/municipalidadpucon.cl\/wp-content\/uploads\/2025\/10\/Carlos-Cruz-los-unicos-teloneros-en-el-mundo-.mp3<\/a><\/audio>\n<p>Sobre c\u00f3mo llegaron a ser considerados por el fundador de Porcupine Tree, el l\u00edder de \u201cKafod\u201d explic\u00f3 que \u201chace a\u00f1os ven\u00eda escribi\u00e9ndole al management de Steven Wilson, no con el fin de telonearlo, sino que con el fin de hacer v\u00ednculos con \u00e9l\u201d. Sin embargo, \u201cnunca se hab\u00eda tenido ninguna respuesta hasta que hace aproximadamente un mes que nos llamaron de la productora DGMedios para ver si todav\u00eda est\u00e1bamos disponibles para abrir el show. Uno manda links o EPKs (Electronic Press Kits) y eso la productora se encarga de hac\u00e9rselo llegar al artista. Lleg\u00f3 a ojos de \u00e9l o de su staff y ellos nos seleccionaron entre un grupo de bandas que estaban tambi\u00e9n postulando\u201d.<\/p>\n<audio class=\"wp-audio-shortcode\" id=\"audio-56646-2\" preload=\"none\" style=\"width: 100%;\" controls=\"controls\"><source type=\"audio\/mpeg\" src=\"https:\/\/municipalidadpucon.cl\/wp-content\/uploads\/2025\/10\/Carlos-Cruz-vocalista-guitarrista-y-lider-Kafod-como-surgio-telonear-a-S.-Wilson.mp3?_=2\" \/><a href=\"https:\/\/municipalidadpucon.cl\/wp-content\/uploads\/2025\/10\/Carlos-Cruz-vocalista-guitarrista-y-lider-Kafod-como-surgio-telonear-a-S.-Wilson.mp3\">https:\/\/municipalidadpucon.cl\/wp-content\/uploads\/2025\/10\/Carlos-Cruz-vocalista-guitarrista-y-lider-Kafod-como-surgio-telonear-a-S.-Wilson.mp3<\/a><\/audio>\n<p><img decoding=\"async\" class=\"alignnone size-medium wp-image-56652\" src=\"https:\/\/municipalidadpucon.cl\/wp-content\/uploads\/2025\/10\/4-4-300x225.jpg\" alt=\"\" width=\"300\" height=\"225\" srcset=\"https:\/\/municipalidadpucon.cl\/wp-content\/uploads\/2025\/10\/4-4-200x150.jpg 200w, https:\/\/municipalidadpucon.cl\/wp-content\/uploads\/2025\/10\/4-4-300x225.jpg 300w, https:\/\/municipalidadpucon.cl\/wp-content\/uploads\/2025\/10\/4-4-400x300.jpg 400w, https:\/\/municipalidadpucon.cl\/wp-content\/uploads\/2025\/10\/4-4-600x450.jpg 600w, https:\/\/municipalidadpucon.cl\/wp-content\/uploads\/2025\/10\/4-4-768x576.jpg 768w, https:\/\/municipalidadpucon.cl\/wp-content\/uploads\/2025\/10\/4-4-800x600.jpg 800w, https:\/\/municipalidadpucon.cl\/wp-content\/uploads\/2025\/10\/4-4-1024x768.jpg 1024w, https:\/\/municipalidadpucon.cl\/wp-content\/uploads\/2025\/10\/4-4-1200x900.jpg 1200w, https:\/\/municipalidadpucon.cl\/wp-content\/uploads\/2025\/10\/4-4.jpg 1280w\" sizes=\"(max-width: 300px) 100vw, 300px\" \/><\/p>\n<p><strong>M\u00daSICA COMO \u201cPEGAMENTO\u201d<\/strong><\/p>\n<p>\u201cCon el gran concierto que se nos viene, mi idea es que todos podamos salir m\u00e1s al mundo, desde ac\u00e1 de Puc\u00f3n podamos salir hacia otras partes, hacia otras partes de Chile o internacionalmente. Mi idea es que Kafod llegue a todas partes del mundo, que se hagan hartos conciertos y hartas cosas buenas, porque el proyecto que tenemos es algo muy bac\u00e1n\u201d, coment\u00f3 el adolescente batero, Juan Salvador Cruz.<\/p>\n<audio class=\"wp-audio-shortcode\" id=\"audio-56646-3\" preload=\"none\" style=\"width: 100%;\" controls=\"controls\"><source type=\"audio\/mpeg\" src=\"https:\/\/municipalidadpucon.cl\/wp-content\/uploads\/2025\/10\/Juan-Salvador-Cruz-De-Marco-bateria-de-Kafod-y-su-proyeccion-.mp3?_=3\" \/><a href=\"https:\/\/municipalidadpucon.cl\/wp-content\/uploads\/2025\/10\/Juan-Salvador-Cruz-De-Marco-bateria-de-Kafod-y-su-proyeccion-.mp3\">https:\/\/municipalidadpucon.cl\/wp-content\/uploads\/2025\/10\/Juan-Salvador-Cruz-De-Marco-bateria-de-Kafod-y-su-proyeccion-.mp3<\/a><\/audio>\n<p>Consultada por la clave en la uni\u00f3n de Kafod y de este hist\u00f3rico paso en su carrera -que se une a haber teloneado a Los Jaivas en el Teatro Municipal de Valpara\u00edso y sumar tres \u00e1lbumes, un EP, dos single y presencia en Instagram (@kafodmusica) y youtube (https:\/\/www.youtube.com\/kafod)-, la tecladista Paula De Marco apunt\u00f3 al \u201cproyecto familiar, estamos siempre juntos y la m\u00fasica es como el pegamento que nos mantiene unidos y tambi\u00e9n el amor. Puc\u00f3n es un lugar que siempre nos ha gustado mucho. Nosotros antes \u00e9ramos de la zona central y finalmente decidimos venirnos, porque nos gustaba mucho la naturaleza. Conocimos gente que nos recibi\u00f3 muy bien e hicimos conciertos muy lindos\u201d, como el realizado el verano pasado en el concurrido aniversario N\u00b0142 de la comuna lacustre junto al Villarrica.<\/p>\n<audio class=\"wp-audio-shortcode\" id=\"audio-56646-4\" preload=\"none\" style=\"width: 100%;\" controls=\"controls\"><source type=\"audio\/mpeg\" src=\"https:\/\/municipalidadpucon.cl\/wp-content\/uploads\/2025\/10\/Paula-De-Marco-tecladista-de-Kafod-y-la-clave-de-su-union-1-1.mp3?_=4\" \/><a href=\"https:\/\/municipalidadpucon.cl\/wp-content\/uploads\/2025\/10\/Paula-De-Marco-tecladista-de-Kafod-y-la-clave-de-su-union-1-1.mp3\">https:\/\/municipalidadpucon.cl\/wp-content\/uploads\/2025\/10\/Paula-De-Marco-tecladista-de-Kafod-y-la-clave-de-su-union-1-1.mp3<\/a><\/audio>\n<p><img decoding=\"async\" class=\"alignnone size-medium wp-image-56656\" src=\"https:\/\/municipalidadpucon.cl\/wp-content\/uploads\/2025\/10\/5-2-300x225.jpg\" alt=\"\" width=\"300\" height=\"225\" srcset=\"https:\/\/municipalidadpucon.cl\/wp-content\/uploads\/2025\/10\/5-2-200x150.jpg 200w, https:\/\/municipalidadpucon.cl\/wp-content\/uploads\/2025\/10\/5-2-300x225.jpg 300w, https:\/\/municipalidadpucon.cl\/wp-content\/uploads\/2025\/10\/5-2-400x300.jpg 400w, https:\/\/municipalidadpucon.cl\/wp-content\/uploads\/2025\/10\/5-2-600x450.jpg 600w, https:\/\/municipalidadpucon.cl\/wp-content\/uploads\/2025\/10\/5-2-768x576.jpg 768w, https:\/\/municipalidadpucon.cl\/wp-content\/uploads\/2025\/10\/5-2-800x600.jpg 800w, https:\/\/municipalidadpucon.cl\/wp-content\/uploads\/2025\/10\/5-2-1024x768.jpg 1024w, https:\/\/municipalidadpucon.cl\/wp-content\/uploads\/2025\/10\/5-2-1200x900.jpg 1200w, https:\/\/municipalidadpucon.cl\/wp-content\/uploads\/2025\/10\/5-2.jpg 1280w\" sizes=\"(max-width: 300px) 100vw, 300px\" \/> <img decoding=\"async\" class=\"alignnone size-medium wp-image-56657\" src=\"https:\/\/municipalidadpucon.cl\/wp-content\/uploads\/2025\/10\/6-2-300x225.jpg\" alt=\"\" width=\"300\" height=\"225\" srcset=\"https:\/\/municipalidadpucon.cl\/wp-content\/uploads\/2025\/10\/6-2-200x150.jpg 200w, https:\/\/municipalidadpucon.cl\/wp-content\/uploads\/2025\/10\/6-2-300x225.jpg 300w, https:\/\/municipalidadpucon.cl\/wp-content\/uploads\/2025\/10\/6-2-400x300.jpg 400w, https:\/\/municipalidadpucon.cl\/wp-content\/uploads\/2025\/10\/6-2-600x450.jpg 600w, https:\/\/municipalidadpucon.cl\/wp-content\/uploads\/2025\/10\/6-2-768x576.jpg 768w, https:\/\/municipalidadpucon.cl\/wp-content\/uploads\/2025\/10\/6-2-800x600.jpg 800w, https:\/\/municipalidadpucon.cl\/wp-content\/uploads\/2025\/10\/6-2-1024x768.jpg 1024w, https:\/\/municipalidadpucon.cl\/wp-content\/uploads\/2025\/10\/6-2-1200x900.jpg 1200w, https:\/\/municipalidadpucon.cl\/wp-content\/uploads\/2025\/10\/6-2.jpg 1280w\" sizes=\"(max-width: 300px) 100vw, 300px\" \/><\/p>\n<p><strong>PROMISORIA \u201cVIEJA ESCUELA\u201d<\/strong><\/p>\n<p>\u201cMe gust\u00f3 que tengan este v\u00ednculo familiar, encontr\u00e9 genial que hubiera un baterista como Juan, que es una tremenda promesa de la m\u00fasica chilena como m\u00fasico\u201d, confes\u00f3 el bajista del grupo, Mat\u00edas Astudillo, quien agreg\u00f3 que \u201cen esta banda se me ha encomendado tocar el bajo el\u00e9ctrico, y para m\u00ed eso ha sido aprender a tocar un nuevo instrumento y aprender tocando un rock progresivo de la vieja escuela\u201d, rubric\u00f3 el cuarto Kafod, una propuesta familiar y musical de amplia sonoridad que el pr\u00f3ximo 19 de octubre se \u201ccodeara\u201d con el enorme Steven Wilson.<\/p>\n<p>Entradas para este show del m\u00fasico brit\u00e1nico y los puconinos como invitados, que se escenificar\u00e1 en el Movistar Arena de Santiago, pueden adquirirse a trav\u00e9s del portal PuntoTicket.<\/p>\n<p><span style=\"font-size: 14pt\"><strong>42<\/strong><\/span><\/p>\n<p>Minutos dura el \u00e1lbum \u201cThe Overview\u201d, el \u00faltimo de Steven Wilson, viaje musical basado en el conocido \u201cefecto de visi\u00f3n general\u201d, por el que los astronautas que ven la Tierra desde el espacio experimentan un cambio cognitivo transformador.<\/p>\n","protected":false},"excerpt":{"rendered":"<p>Previo a la actuaci\u00f3n del seis veces nominado a los [&hellip;]<\/p>\n","protected":false},"author":10,"featured_media":56658,"comment_status":"closed","ping_status":"open","sticky":false,"template":"","format":"standard","meta":[],"categories":[98,3],"tags":[],"_links":{"self":[{"href":"https:\/\/municipalidadpucon.cl\/index.php?rest_route=\/wp\/v2\/posts\/56646"}],"collection":[{"href":"https:\/\/municipalidadpucon.cl\/index.php?rest_route=\/wp\/v2\/posts"}],"about":[{"href":"https:\/\/municipalidadpucon.cl\/index.php?rest_route=\/wp\/v2\/types\/post"}],"author":[{"embeddable":true,"href":"https:\/\/municipalidadpucon.cl\/index.php?rest_route=\/wp\/v2\/users\/10"}],"replies":[{"embeddable":true,"href":"https:\/\/municipalidadpucon.cl\/index.php?rest_route=%2Fwp%2Fv2%2Fcomments&post=56646"}],"version-history":[{"count":1,"href":"https:\/\/municipalidadpucon.cl\/index.php?rest_route=\/wp\/v2\/posts\/56646\/revisions"}],"predecessor-version":[{"id":56659,"href":"https:\/\/municipalidadpucon.cl\/index.php?rest_route=\/wp\/v2\/posts\/56646\/revisions\/56659"}],"wp:featuredmedia":[{"embeddable":true,"href":"https:\/\/municipalidadpucon.cl\/index.php?rest_route=\/wp\/v2\/media\/56658"}],"wp:attachment":[{"href":"https:\/\/municipalidadpucon.cl\/index.php?rest_route=%2Fwp%2Fv2%2Fmedia&parent=56646"}],"wp:term":[{"taxonomy":"category","embeddable":true,"href":"https:\/\/municipalidadpucon.cl\/index.php?rest_route=%2Fwp%2Fv2%2Fcategories&post=56646"},{"taxonomy":"post_tag","embeddable":true,"href":"https:\/\/municipalidadpucon.cl\/index.php?rest_route=%2Fwp%2Fv2%2Ftags&post=56646"}],"curies":[{"name":"wp","href":"https:\/\/api.w.org\/{rel}","templated":true}]}}