{"id":56694,"date":"2025-10-16T08:54:12","date_gmt":"2025-10-16T11:54:12","guid":{"rendered":"https:\/\/municipalidadpucon.cl\/?p=56694"},"modified":"2025-10-16T08:54:12","modified_gmt":"2025-10-16T11:54:12","slug":"pucon-tendra-su-18-chico-este-fin-de-semana-en-el-ecoparque-municipal","status":"publish","type":"post","link":"https:\/\/municipalidadpucon.cl\/?p=56694","title":{"rendered":"Puc\u00f3n tendr\u00e1 su \u201c18 Chico\u201d este fin de semana en el Ecoparque Municipal"},"content":{"rendered":"<p><em><strong>Una continuidad a lo que fue la exitosa Fiesta de la Chilenidad de septiembre, comprometida con los emprendedores locales, se realizar\u00e1 entre este viernes 17 y el domingo 19 de octubre para todos los visitantes y en especial para los puconinos.<\/strong><\/em><\/p>\n<p><img decoding=\"async\" class=\"size-medium wp-image-56695 aligncenter\" src=\"https:\/\/municipalidadpucon.cl\/wp-content\/uploads\/2025\/10\/2-9-300x225.jpeg\" alt=\"\" width=\"300\" height=\"225\" srcset=\"https:\/\/municipalidadpucon.cl\/wp-content\/uploads\/2025\/10\/2-9-200x150.jpeg 200w, https:\/\/municipalidadpucon.cl\/wp-content\/uploads\/2025\/10\/2-9-300x225.jpeg 300w, https:\/\/municipalidadpucon.cl\/wp-content\/uploads\/2025\/10\/2-9-400x300.jpeg 400w, https:\/\/municipalidadpucon.cl\/wp-content\/uploads\/2025\/10\/2-9-600x450.jpeg 600w, https:\/\/municipalidadpucon.cl\/wp-content\/uploads\/2025\/10\/2-9-768x576.jpeg 768w, https:\/\/municipalidadpucon.cl\/wp-content\/uploads\/2025\/10\/2-9-800x600.jpeg 800w, https:\/\/municipalidadpucon.cl\/wp-content\/uploads\/2025\/10\/2-9.jpeg 1000w\" sizes=\"(max-width: 300px) 100vw, 300px\" \/><\/p>\n<p>Una nueva Fiesta de la Chilenidad, como la exitosa que se vivi\u00f3 en las festividades patrias del mes de septiembre reci\u00e9n pasado en Puc\u00f3n, volver\u00e1 a realizarse en la comuna lacustre entre este viernes 17 y domingo 19 de octubre, en particular en el Ecoparque Municipal, mismo sitio en el que el pasado \u201c18\u201d los mismos emprendedores valoraron lo positivo del evento.<\/p>\n<p>Ello lo confirm\u00f3 Ver\u00f3nica Cuevas, del emprendimiento La Cueva Coffe, quien detall\u00f3 que para este \u201c18 Chico\u201d hay altas expectativas, \u201cporque la Fiesta de la Chilenidad fue buen\u00edsima. Fueron desde el d\u00eda 17 hasta el d\u00eda 21 de septiembre y las ventas estuvieron excelentes los primeros dos d\u00edas, pero despu\u00e9s nos pill\u00f3 la lluvia. Y la verdad es que baj\u00f3 un mont\u00f3n la afluencia de p\u00fablico, por eso tenemos tanta esperanza con esta nueva Fiesta de la Chilenidad que va a ayudar a recuperar, por supuesto, y a vender todo lo que nos quedamos en esos d\u00edas\u201d.<\/p>\n<!--[if lt IE 9]><script>document.createElement('audio');<\/script><![endif]-->\n<audio class=\"wp-audio-shortcode\" id=\"audio-56694-1\" preload=\"none\" style=\"width: 100%;\" controls=\"controls\"><source type=\"audio\/mpeg\" src=\"https:\/\/municipalidadpucon.cl\/wp-content\/uploads\/2025\/10\/Veronica-Cuevas-emprendedora-de-la-Fiesta-de-la-Chilenidad-y-expectativas-.mp3?_=1\" \/><a href=\"https:\/\/municipalidadpucon.cl\/wp-content\/uploads\/2025\/10\/Veronica-Cuevas-emprendedora-de-la-Fiesta-de-la-Chilenidad-y-expectativas-.mp3\">https:\/\/municipalidadpucon.cl\/wp-content\/uploads\/2025\/10\/Veronica-Cuevas-emprendedora-de-la-Fiesta-de-la-Chilenidad-y-expectativas-.mp3<\/a><\/audio>\n<p><img decoding=\"async\" class=\"alignnone size-medium wp-image-56697\" src=\"https:\/\/municipalidadpucon.cl\/wp-content\/uploads\/2025\/10\/3-8-300x225.jpeg\" alt=\"\" width=\"300\" height=\"225\" srcset=\"https:\/\/municipalidadpucon.cl\/wp-content\/uploads\/2025\/10\/3-8-200x150.jpeg 200w, https:\/\/municipalidadpucon.cl\/wp-content\/uploads\/2025\/10\/3-8-300x225.jpeg 300w, https:\/\/municipalidadpucon.cl\/wp-content\/uploads\/2025\/10\/3-8-400x300.jpeg 400w, https:\/\/municipalidadpucon.cl\/wp-content\/uploads\/2025\/10\/3-8-600x450.jpeg 600w, https:\/\/municipalidadpucon.cl\/wp-content\/uploads\/2025\/10\/3-8-768x576.jpeg 768w, https:\/\/municipalidadpucon.cl\/wp-content\/uploads\/2025\/10\/3-8-800x600.jpeg 800w, https:\/\/municipalidadpucon.cl\/wp-content\/uploads\/2025\/10\/3-8.jpeg 1000w\" sizes=\"(max-width: 300px) 100vw, 300px\" \/><\/p>\n<p><strong>COMPROMISO CON EL EMPRENDIMIENTO<\/strong><\/p>\n<p>El encargado de eventos del Municipio de Puc\u00f3n, Felipe Vega, coordinador de esta continuaci\u00f3n de la fiesta chilena de septiembre, pero ahora en octubre, coment\u00f3 que \u201ces una actividad y un compromiso acordado del alcalde Sebasti\u00e1n \u00c1lvarez con los emprendedores que participaron de la Fiesta Familiar de la Chilenidad, para extender su permiso de Fiestas Patrias y celebrar este 18 Chico, que busca tambi\u00e9n ayudar a la recaudaci\u00f3n de dinero por parte de los emprendedores de Puc\u00f3n\u201d.<\/p>\n<audio class=\"wp-audio-shortcode\" id=\"audio-56694-2\" preload=\"none\" style=\"width: 100%;\" controls=\"controls\"><source type=\"audio\/mpeg\" src=\"https:\/\/municipalidadpucon.cl\/wp-content\/uploads\/2025\/10\/Felipe-Vega-encargado-de-eventos-detalla-la-parrilla-artistica.mp3?_=2\" \/><a href=\"https:\/\/municipalidadpucon.cl\/wp-content\/uploads\/2025\/10\/Felipe-Vega-encargado-de-eventos-detalla-la-parrilla-artistica.mp3\">https:\/\/municipalidadpucon.cl\/wp-content\/uploads\/2025\/10\/Felipe-Vega-encargado-de-eventos-detalla-la-parrilla-artistica.mp3<\/a><\/audio>\n<p>El personero agreg\u00f3 que, adem\u00e1s de que habr\u00e1 cociner\u00edas tradicionales, juegos t\u00edpicos y siete food trucks, \u201ctendremos un escenario en el cual habr\u00e1 una parrilla art\u00edstica de lujo\u201d.<\/p>\n<p><img decoding=\"async\" class=\"size-medium wp-image-56699 aligncenter\" src=\"https:\/\/municipalidadpucon.cl\/wp-content\/uploads\/2025\/10\/4-7-300x225.jpeg\" alt=\"\" width=\"300\" height=\"225\" srcset=\"https:\/\/municipalidadpucon.cl\/wp-content\/uploads\/2025\/10\/4-7-200x150.jpeg 200w, https:\/\/municipalidadpucon.cl\/wp-content\/uploads\/2025\/10\/4-7-300x225.jpeg 300w, https:\/\/municipalidadpucon.cl\/wp-content\/uploads\/2025\/10\/4-7-400x300.jpeg 400w, https:\/\/municipalidadpucon.cl\/wp-content\/uploads\/2025\/10\/4-7-600x450.jpeg 600w, https:\/\/municipalidadpucon.cl\/wp-content\/uploads\/2025\/10\/4-7-768x576.jpeg 768w, https:\/\/municipalidadpucon.cl\/wp-content\/uploads\/2025\/10\/4-7-800x600.jpeg 800w, https:\/\/municipalidadpucon.cl\/wp-content\/uploads\/2025\/10\/4-7.jpeg 1000w\" sizes=\"(max-width: 300px) 100vw, 300px\" \/><\/p>\n<p><strong>PARRILLA ART\u00cdSTICA<\/strong><\/p>\n<p>Entre los artistas que animar\u00e1n este fin de semana se incluyen: \u201cLos consagrados de la comuna de Puc\u00f3n, Guajira. De Panguipulli nos visitar\u00e1 Cuerdas al Viento, una agrupaci\u00f3n cuequera. Tambi\u00e9n tendremos a Madrigal de Puc\u00f3n, con 20 a\u00f1os de trayectoria; adem\u00e1s, de las agrupaciones folcl\u00f3ricas de la comuna, las m\u00e1s emblem\u00e1ticas que estar\u00e1n presentes en esta Fiesta Familiar de la Chilenidad\u201d, agreg\u00f3 Felipe Vega, quien complement\u00f3 que \u201cpara la gente que le gustan las rancheras, tendremos un grupo local: Los Rancheros del Lago Caburgua\u201d.<\/p>\n<audio class=\"wp-audio-shortcode\" id=\"audio-56694-3\" preload=\"none\" style=\"width: 100%;\" controls=\"controls\"><source type=\"audio\/mpeg\" src=\"https:\/\/municipalidadpucon.cl\/wp-content\/uploads\/2025\/10\/Felipe-Vega-comenta-de-este-18-Chico-en-Pucon-.mp3?_=3\" \/><a href=\"https:\/\/municipalidadpucon.cl\/wp-content\/uploads\/2025\/10\/Felipe-Vega-comenta-de-este-18-Chico-en-Pucon-.mp3\">https:\/\/municipalidadpucon.cl\/wp-content\/uploads\/2025\/10\/Felipe-Vega-comenta-de-este-18-Chico-en-Pucon-.mp3<\/a><\/audio>\n<p>Por \u00faltimo, la emprendedora Ver\u00f3nica Cuevas destac\u00f3 que esta versi\u00f3n puede dedicarse, en especial, a los puconinos en general, ya que \u201cmucha gente de ac\u00e1 no va a los eventos, porque viene mucho turista en las Fiestas Patrias. Por lo tanto, esta fiesta es m\u00e1s para esa gente, entonces, con m\u00e1s gusto la estamos haciendo. Por eso, invitamos a los puconinos, porque son ellos los que a veces est\u00e1n trabajando en Fiestas Patrias y a lo mejor esta ser\u00eda una buena opci\u00f3n para que ellos puedan asistir y disfrutar\u201d.<\/p>\n<audio class=\"wp-audio-shortcode\" id=\"audio-56694-4\" preload=\"none\" style=\"width: 100%;\" controls=\"controls\"><source type=\"audio\/mpeg\" src=\"https:\/\/municipalidadpucon.cl\/wp-content\/uploads\/2025\/10\/Veronica-Cuevas-fiesta-en-especial-para-los-puconinos-.mp3?_=4\" \/><a href=\"https:\/\/municipalidadpucon.cl\/wp-content\/uploads\/2025\/10\/Veronica-Cuevas-fiesta-en-especial-para-los-puconinos-.mp3\">https:\/\/municipalidadpucon.cl\/wp-content\/uploads\/2025\/10\/Veronica-Cuevas-fiesta-en-especial-para-los-puconinos-.mp3<\/a><\/audio>\n","protected":false},"excerpt":{"rendered":"<p>Una continuidad a lo que fue la exitosa Fiesta de [&hellip;]<\/p>\n","protected":false},"author":10,"featured_media":56702,"comment_status":"closed","ping_status":"open","sticky":false,"template":"","format":"standard","meta":[],"categories":[98,3],"tags":[],"_links":{"self":[{"href":"https:\/\/municipalidadpucon.cl\/index.php?rest_route=\/wp\/v2\/posts\/56694"}],"collection":[{"href":"https:\/\/municipalidadpucon.cl\/index.php?rest_route=\/wp\/v2\/posts"}],"about":[{"href":"https:\/\/municipalidadpucon.cl\/index.php?rest_route=\/wp\/v2\/types\/post"}],"author":[{"embeddable":true,"href":"https:\/\/municipalidadpucon.cl\/index.php?rest_route=\/wp\/v2\/users\/10"}],"replies":[{"embeddable":true,"href":"https:\/\/municipalidadpucon.cl\/index.php?rest_route=%2Fwp%2Fv2%2Fcomments&post=56694"}],"version-history":[{"count":1,"href":"https:\/\/municipalidadpucon.cl\/index.php?rest_route=\/wp\/v2\/posts\/56694\/revisions"}],"predecessor-version":[{"id":56703,"href":"https:\/\/municipalidadpucon.cl\/index.php?rest_route=\/wp\/v2\/posts\/56694\/revisions\/56703"}],"wp:featuredmedia":[{"embeddable":true,"href":"https:\/\/municipalidadpucon.cl\/index.php?rest_route=\/wp\/v2\/media\/56702"}],"wp:attachment":[{"href":"https:\/\/municipalidadpucon.cl\/index.php?rest_route=%2Fwp%2Fv2%2Fmedia&parent=56694"}],"wp:term":[{"taxonomy":"category","embeddable":true,"href":"https:\/\/municipalidadpucon.cl\/index.php?rest_route=%2Fwp%2Fv2%2Fcategories&post=56694"},{"taxonomy":"post_tag","embeddable":true,"href":"https:\/\/municipalidadpucon.cl\/index.php?rest_route=%2Fwp%2Fv2%2Ftags&post=56694"}],"curies":[{"name":"wp","href":"https:\/\/api.w.org\/{rel}","templated":true}]}}