{"id":56717,"date":"2025-10-17T09:30:00","date_gmt":"2025-10-17T12:30:00","guid":{"rendered":"https:\/\/municipalidadpucon.cl\/?p=56717"},"modified":"2025-10-17T09:30:00","modified_gmt":"2025-10-17T12:30:00","slug":"comuna-se-adjudico-mas-de-50-millones-de-recursos-regionales","status":"publish","type":"post","link":"https:\/\/municipalidadpucon.cl\/?p=56717","title":{"rendered":"Comuna se adjudic\u00f3 m\u00e1s de $50 millones de recursos regionales"},"content":{"rendered":"<p><em><strong>En el marco de la instancia liderada por el Gobierno Regional (GORE), denominado ahora como Concurso Vinculaci\u00f3n de la Comunidad (exFNDR), se aprobaron 11 proyectos presentados por organizaciones sociales, con apoyo de la Municipalidad lacustre.<\/strong><\/em><\/p>\n<p>&nbsp;<\/p>\n<p>Un nuevo respaldo desde el Gobierno Regional (GORE) de La Araucan\u00eda acaba de confirmarse para la comuna de Puc\u00f3n con la aprobaci\u00f3n de once proyectos \u201cprivados\u201d presentados al \u00edtem Concurso Vinculaci\u00f3n con la Comunidad (exFNDR), los que fueron liderados en su postulaci\u00f3n por entidades sociales lacustres, con el respaldo log\u00edstico de la Municipalidad de Puc\u00f3n, asegurando una inversi\u00f3n total de $51.134.776.<\/p>\n<p>Estos recursos vienen a complementar los ya aprobados al mismo Municipio por la entidad regional, y que totalizaron siete, tambi\u00e9n a beneficio de organizaciones sociales, pero que administra la entidad edilicia por un monto global de $166.996.671.<\/p>\n<p><strong>M\u00c1S DE $200 MILLONES<\/strong><\/p>\n<p>Con todo, la urbe lacustre logr\u00f3 gestionar, para proyectos sociales, un total de $218.131.447, luego de las postulaciones encabezadas por la Oficina de Proyectos Sociales, compuesta por Cecilia Palma y Camila Villagra.<\/p>\n<p>Sobre los \u00faltimos programas aprobados en el GORE, la profesional Camila Villagra detall\u00f3 que \u201cson iniciativas en cuatro l\u00edneas: Deporte, Seguridad, Adulto Mayor y Cultura y Patrimonio\u201d. En este \u00faltimo punto, la personera de la entidad edilicia valor\u00f3 que \u201cfue un concurso que se abri\u00f3 este a\u00f1o aparte, para rescatar, como su nombre lo dice, el patrimonio material e inmaterial de la Regi\u00f3n. Hay tres de ellos, que van desde el fomento lector, un pasacalle cultural y rescatar la memoria de los boteros que son tan importantes ac\u00e1 en Puc\u00f3n\u201d.<\/p>\n<!--[if lt IE 9]><script>document.createElement('audio');<\/script><![endif]-->\n<audio class=\"wp-audio-shortcode\" id=\"audio-56717-1\" preload=\"none\" style=\"width: 100%;\" controls=\"controls\"><source type=\"audio\/mpeg\" src=\"https:\/\/municipalidadpucon.cl\/wp-content\/uploads\/2025\/10\/Camila-Villagra-profesional-Proyectos-Sociales-Muni-Pucon-.mp3?_=1\" \/><a href=\"https:\/\/municipalidadpucon.cl\/wp-content\/uploads\/2025\/10\/Camila-Villagra-profesional-Proyectos-Sociales-Muni-Pucon-.mp3\">https:\/\/municipalidadpucon.cl\/wp-content\/uploads\/2025\/10\/Camila-Villagra-profesional-Proyectos-Sociales-Muni-Pucon-.mp3<\/a><\/audio>\n<p><img decoding=\"async\" class=\"alignnone size-medium wp-image-56718\" src=\"https:\/\/municipalidadpucon.cl\/wp-content\/uploads\/2025\/10\/4-5-300x169.jpg\" alt=\"\" width=\"300\" height=\"169\" srcset=\"https:\/\/municipalidadpucon.cl\/wp-content\/uploads\/2025\/10\/4-5-200x113.jpg 200w, https:\/\/municipalidadpucon.cl\/wp-content\/uploads\/2025\/10\/4-5-300x169.jpg 300w, https:\/\/municipalidadpucon.cl\/wp-content\/uploads\/2025\/10\/4-5-400x225.jpg 400w, https:\/\/municipalidadpucon.cl\/wp-content\/uploads\/2025\/10\/4-5-600x338.jpg 600w, https:\/\/municipalidadpucon.cl\/wp-content\/uploads\/2025\/10\/4-5-768x432.jpg 768w, https:\/\/municipalidadpucon.cl\/wp-content\/uploads\/2025\/10\/4-5-800x450.jpg 800w, https:\/\/municipalidadpucon.cl\/wp-content\/uploads\/2025\/10\/4-5-1024x576.jpg 1024w, https:\/\/municipalidadpucon.cl\/wp-content\/uploads\/2025\/10\/4-5-1200x675.jpg 1200w, https:\/\/municipalidadpucon.cl\/wp-content\/uploads\/2025\/10\/4-5-scaled.jpg 1300w, https:\/\/municipalidadpucon.cl\/wp-content\/uploads\/2025\/10\/4-5-1536x864.jpg 1536w\" sizes=\"(max-width: 300px) 100vw, 300px\" \/> <img decoding=\"async\" class=\"alignnone size-medium wp-image-56719\" src=\"https:\/\/municipalidadpucon.cl\/wp-content\/uploads\/2025\/10\/baket-300x169.jpg\" alt=\"\" width=\"300\" height=\"169\" srcset=\"https:\/\/municipalidadpucon.cl\/wp-content\/uploads\/2025\/10\/baket-200x113.jpg 200w, https:\/\/municipalidadpucon.cl\/wp-content\/uploads\/2025\/10\/baket-300x169.jpg 300w, https:\/\/municipalidadpucon.cl\/wp-content\/uploads\/2025\/10\/baket-400x225.jpg 400w, https:\/\/municipalidadpucon.cl\/wp-content\/uploads\/2025\/10\/baket-600x338.jpg 600w, https:\/\/municipalidadpucon.cl\/wp-content\/uploads\/2025\/10\/baket-768x432.jpg 768w, https:\/\/municipalidadpucon.cl\/wp-content\/uploads\/2025\/10\/baket-800x450.jpg 800w, https:\/\/municipalidadpucon.cl\/wp-content\/uploads\/2025\/10\/baket-1024x576.jpg 1024w, https:\/\/municipalidadpucon.cl\/wp-content\/uploads\/2025\/10\/baket-1200x675.jpg 1200w, https:\/\/municipalidadpucon.cl\/wp-content\/uploads\/2025\/10\/baket-scaled.jpg 1300w, https:\/\/municipalidadpucon.cl\/wp-content\/uploads\/2025\/10\/baket-1536x864.jpg 1536w\" sizes=\"(max-width: 300px) 100vw, 300px\" \/><\/p>\n<p><strong>ACTIVIDADES<\/strong><\/p>\n<p>Consultada por otras iniciativas, la profesional destac\u00f3 la pr\u00f3xima realizaci\u00f3n de \u201ctalleres deportivos, el fomentar el acondicionamiento f\u00edsico de los vecinos y vecinas, judo y b\u00e1squetbol, con diferentes agrupaciones\u201d.<\/p>\n<p>No qued\u00f3 al margen tampoco la propuesta en el \u00e1rea de seguridad, con una iniciativa de luminarias p\u00fablicas, \u201cque siempre es importante para poder fortalecer la seguridad de la poblaci\u00f3n\u201d, reforz\u00f3 el propio alcalde de la comuna, Sebasti\u00e1n \u00c1lvarez.<\/p>\n<audio class=\"wp-audio-shortcode\" id=\"audio-56717-2\" preload=\"none\" style=\"width: 100%;\" controls=\"controls\"><source type=\"audio\/mpeg\" src=\"https:\/\/municipalidadpucon.cl\/wp-content\/uploads\/2025\/10\/Camila-Villagra-aportes-en-distintas-areas-para-la-comunidad-.mp3?_=2\" \/><a href=\"https:\/\/municipalidadpucon.cl\/wp-content\/uploads\/2025\/10\/Camila-Villagra-aportes-en-distintas-areas-para-la-comunidad-.mp3\">https:\/\/municipalidadpucon.cl\/wp-content\/uploads\/2025\/10\/Camila-Villagra-aportes-en-distintas-areas-para-la-comunidad-.mp3<\/a><\/audio>\n<p><img decoding=\"async\" class=\"alignnone size-medium wp-image-56722\" src=\"https:\/\/municipalidadpucon.cl\/wp-content\/uploads\/2025\/10\/2-8-264x300.jpg\" alt=\"\" width=\"264\" height=\"300\" srcset=\"https:\/\/municipalidadpucon.cl\/wp-content\/uploads\/2025\/10\/2-8-200x227.jpg 200w, https:\/\/municipalidadpucon.cl\/wp-content\/uploads\/2025\/10\/2-8-264x300.jpg 264w, https:\/\/municipalidadpucon.cl\/wp-content\/uploads\/2025\/10\/2-8-400x454.jpg 400w, https:\/\/municipalidadpucon.cl\/wp-content\/uploads\/2025\/10\/2-8-600x681.jpg 600w, https:\/\/municipalidadpucon.cl\/wp-content\/uploads\/2025\/10\/2-8.jpg 720w\" sizes=\"(max-width: 264px) 100vw, 264px\" \/> <img decoding=\"async\" class=\"alignnone size-medium wp-image-56723\" src=\"https:\/\/municipalidadpucon.cl\/wp-content\/uploads\/2025\/10\/5-4-300x169.jpg\" alt=\"\" width=\"300\" height=\"169\" srcset=\"https:\/\/municipalidadpucon.cl\/wp-content\/uploads\/2025\/10\/5-4-200x113.jpg 200w, https:\/\/municipalidadpucon.cl\/wp-content\/uploads\/2025\/10\/5-4-300x169.jpg 300w, https:\/\/municipalidadpucon.cl\/wp-content\/uploads\/2025\/10\/5-4-400x225.jpg 400w, https:\/\/municipalidadpucon.cl\/wp-content\/uploads\/2025\/10\/5-4-600x338.jpg 600w, https:\/\/municipalidadpucon.cl\/wp-content\/uploads\/2025\/10\/5-4-768x432.jpg 768w, https:\/\/municipalidadpucon.cl\/wp-content\/uploads\/2025\/10\/5-4-800x450.jpg 800w, https:\/\/municipalidadpucon.cl\/wp-content\/uploads\/2025\/10\/5-4-1024x576.jpg 1024w, https:\/\/municipalidadpucon.cl\/wp-content\/uploads\/2025\/10\/5-4-1200x675.jpg 1200w, https:\/\/municipalidadpucon.cl\/wp-content\/uploads\/2025\/10\/5-4-scaled.jpg 1300w, https:\/\/municipalidadpucon.cl\/wp-content\/uploads\/2025\/10\/5-4-1536x864.jpg 1536w\" sizes=\"(max-width: 300px) 100vw, 300px\" \/><\/p>\n<p><strong>LUMINARIAS Y ADULTO MAYOR<\/strong><\/p>\n<p>En ese aspecto, el sector beneficiado es Altos de Puc\u00f3n, en particular el Pasaje Arriagada, en donde el Comit\u00e9 de Adelanto se enfocaron en mejorar su entorno y, en particular el camino de acceso a sus hogares.<\/p>\n<audio class=\"wp-audio-shortcode\" id=\"audio-56717-3\" preload=\"none\" style=\"width: 100%;\" controls=\"controls\"><source type=\"audio\/mpeg\" src=\"https:\/\/municipalidadpucon.cl\/wp-content\/uploads\/2025\/10\/Camila-Villagra-conformidad-en-los-beneficiados.mp3?_=3\" \/><a href=\"https:\/\/municipalidadpucon.cl\/wp-content\/uploads\/2025\/10\/Camila-Villagra-conformidad-en-los-beneficiados.mp3\">https:\/\/municipalidadpucon.cl\/wp-content\/uploads\/2025\/10\/Camila-Villagra-conformidad-en-los-beneficiados.mp3<\/a><\/audio>\n<p>Adem\u00e1s, los adultos mayores de diversas organizaciones locales podr\u00e1n disfrutar, una vez se entreguen los recursos directamente a los vencedores de los recursos regionales, \u201ccon ayudas t\u00e9cnicas para las organizaciones, como fomentar tambi\u00e9n el deporte, porque para ellos es importante para su salud f\u00edsica y mental\u201d, rubric\u00f3 Camila Villagra, profesional de Proyectos Sociales del beneficiado Municipio de Puc\u00f3n.<\/p>\n","protected":false},"excerpt":{"rendered":"<p>En el marco de la instancia liderada por el Gobierno [&hellip;]<\/p>\n","protected":false},"author":10,"featured_media":56725,"comment_status":"closed","ping_status":"open","sticky":false,"template":"","format":"standard","meta":[],"categories":[98,3],"tags":[],"_links":{"self":[{"href":"https:\/\/municipalidadpucon.cl\/index.php?rest_route=\/wp\/v2\/posts\/56717"}],"collection":[{"href":"https:\/\/municipalidadpucon.cl\/index.php?rest_route=\/wp\/v2\/posts"}],"about":[{"href":"https:\/\/municipalidadpucon.cl\/index.php?rest_route=\/wp\/v2\/types\/post"}],"author":[{"embeddable":true,"href":"https:\/\/municipalidadpucon.cl\/index.php?rest_route=\/wp\/v2\/users\/10"}],"replies":[{"embeddable":true,"href":"https:\/\/municipalidadpucon.cl\/index.php?rest_route=%2Fwp%2Fv2%2Fcomments&post=56717"}],"version-history":[{"count":1,"href":"https:\/\/municipalidadpucon.cl\/index.php?rest_route=\/wp\/v2\/posts\/56717\/revisions"}],"predecessor-version":[{"id":56726,"href":"https:\/\/municipalidadpucon.cl\/index.php?rest_route=\/wp\/v2\/posts\/56717\/revisions\/56726"}],"wp:featuredmedia":[{"embeddable":true,"href":"https:\/\/municipalidadpucon.cl\/index.php?rest_route=\/wp\/v2\/media\/56725"}],"wp:attachment":[{"href":"https:\/\/municipalidadpucon.cl\/index.php?rest_route=%2Fwp%2Fv2%2Fmedia&parent=56717"}],"wp:term":[{"taxonomy":"category","embeddable":true,"href":"https:\/\/municipalidadpucon.cl\/index.php?rest_route=%2Fwp%2Fv2%2Fcategories&post=56717"},{"taxonomy":"post_tag","embeddable":true,"href":"https:\/\/municipalidadpucon.cl\/index.php?rest_route=%2Fwp%2Fv2%2Ftags&post=56717"}],"curies":[{"name":"wp","href":"https:\/\/api.w.org\/{rel}","templated":true}]}}