{"id":56731,"date":"2025-10-17T13:28:13","date_gmt":"2025-10-17T16:28:13","guid":{"rendered":"https:\/\/municipalidadpucon.cl\/?p=56731"},"modified":"2025-10-17T15:05:12","modified_gmt":"2025-10-17T18:05:12","slug":"profesores-de-pucon-festejaron-su-dia-con-emocion-y-reconocimientos","status":"publish","type":"post","link":"https:\/\/municipalidadpucon.cl\/?p=56731","title":{"rendered":"Profesores de Puc\u00f3n festejaron su d\u00eda con emoci\u00f3n y reconocimientos"},"content":{"rendered":"<p><em><strong>Los maestros del sistema p\u00fablico de la comuna lacustre se reunieron en masivo evento realizado en la Escuela Carileufu, en donde se entregaron premios a la trayectoria por 45, 40, 30, 35, 25 y 20 a\u00f1os de servicio en el sistema educativo; adem\u00e1s a quienes alcanzaron su nivel de expertos.<\/strong><\/em><\/p>\n<p><img decoding=\"async\" class=\"alignnone size-medium wp-image-56732\" src=\"https:\/\/municipalidadpucon.cl\/wp-content\/uploads\/2025\/10\/1-7-300x138.jpeg\" alt=\"\" width=\"300\" height=\"138\" srcset=\"https:\/\/municipalidadpucon.cl\/wp-content\/uploads\/2025\/10\/1-7-200x92.jpeg 200w, https:\/\/municipalidadpucon.cl\/wp-content\/uploads\/2025\/10\/1-7-300x138.jpeg 300w, https:\/\/municipalidadpucon.cl\/wp-content\/uploads\/2025\/10\/1-7-400x184.jpeg 400w, https:\/\/municipalidadpucon.cl\/wp-content\/uploads\/2025\/10\/1-7-600x276.jpeg 600w, https:\/\/municipalidadpucon.cl\/wp-content\/uploads\/2025\/10\/1-7-768x353.jpeg 768w, https:\/\/municipalidadpucon.cl\/wp-content\/uploads\/2025\/10\/1-7-800x368.jpeg 800w, https:\/\/municipalidadpucon.cl\/wp-content\/uploads\/2025\/10\/1-7-1024x470.jpeg 1024w, https:\/\/municipalidadpucon.cl\/wp-content\/uploads\/2025\/10\/1-7-1200x551.jpeg 1200w, https:\/\/municipalidadpucon.cl\/wp-content\/uploads\/2025\/10\/1-7.jpeg 1280w\" sizes=\"(max-width: 300px) 100vw, 300px\" \/> <img decoding=\"async\" class=\"alignnone size-medium wp-image-56733\" src=\"https:\/\/municipalidadpucon.cl\/wp-content\/uploads\/2025\/10\/2-10-300x138.jpeg\" alt=\"\" width=\"300\" height=\"138\" srcset=\"https:\/\/municipalidadpucon.cl\/wp-content\/uploads\/2025\/10\/2-10-200x92.jpeg 200w, https:\/\/municipalidadpucon.cl\/wp-content\/uploads\/2025\/10\/2-10-300x138.jpeg 300w, https:\/\/municipalidadpucon.cl\/wp-content\/uploads\/2025\/10\/2-10-400x184.jpeg 400w, https:\/\/municipalidadpucon.cl\/wp-content\/uploads\/2025\/10\/2-10-600x276.jpeg 600w, https:\/\/municipalidadpucon.cl\/wp-content\/uploads\/2025\/10\/2-10-768x353.jpeg 768w, https:\/\/municipalidadpucon.cl\/wp-content\/uploads\/2025\/10\/2-10-800x368.jpeg 800w, https:\/\/municipalidadpucon.cl\/wp-content\/uploads\/2025\/10\/2-10-1024x470.jpeg 1024w, https:\/\/municipalidadpucon.cl\/wp-content\/uploads\/2025\/10\/2-10-1200x551.jpeg 1200w, https:\/\/municipalidadpucon.cl\/wp-content\/uploads\/2025\/10\/2-10.jpeg 1280w\" sizes=\"(max-width: 300px) 100vw, 300px\" \/> <img decoding=\"async\" class=\"alignnone size-medium wp-image-56734\" src=\"https:\/\/municipalidadpucon.cl\/wp-content\/uploads\/2025\/10\/3-10-300x186.jpeg\" alt=\"\" width=\"300\" height=\"186\" srcset=\"https:\/\/municipalidadpucon.cl\/wp-content\/uploads\/2025\/10\/3-10-200x124.jpeg 200w, https:\/\/municipalidadpucon.cl\/wp-content\/uploads\/2025\/10\/3-10-300x186.jpeg 300w, https:\/\/municipalidadpucon.cl\/wp-content\/uploads\/2025\/10\/3-10-400x248.jpeg 400w, https:\/\/municipalidadpucon.cl\/wp-content\/uploads\/2025\/10\/3-10-600x373.jpeg 600w, https:\/\/municipalidadpucon.cl\/wp-content\/uploads\/2025\/10\/3-10-768x477.jpeg 768w, https:\/\/municipalidadpucon.cl\/wp-content\/uploads\/2025\/10\/3-10-800x497.jpeg 800w, https:\/\/municipalidadpucon.cl\/wp-content\/uploads\/2025\/10\/3-10-1024x636.jpeg 1024w, https:\/\/municipalidadpucon.cl\/wp-content\/uploads\/2025\/10\/3-10-1200x745.jpeg 1200w, https:\/\/municipalidadpucon.cl\/wp-content\/uploads\/2025\/10\/3-10.jpeg 1280w\" sizes=\"(max-width: 300px) 100vw, 300px\" \/> <img decoding=\"async\" class=\"alignnone size-medium wp-image-56735\" src=\"https:\/\/municipalidadpucon.cl\/wp-content\/uploads\/2025\/10\/4-8-300x138.jpeg\" alt=\"\" width=\"300\" height=\"138\" srcset=\"https:\/\/municipalidadpucon.cl\/wp-content\/uploads\/2025\/10\/4-8-200x92.jpeg 200w, https:\/\/municipalidadpucon.cl\/wp-content\/uploads\/2025\/10\/4-8-300x138.jpeg 300w, https:\/\/municipalidadpucon.cl\/wp-content\/uploads\/2025\/10\/4-8-400x184.jpeg 400w, https:\/\/municipalidadpucon.cl\/wp-content\/uploads\/2025\/10\/4-8-600x276.jpeg 600w, https:\/\/municipalidadpucon.cl\/wp-content\/uploads\/2025\/10\/4-8-768x353.jpeg 768w, https:\/\/municipalidadpucon.cl\/wp-content\/uploads\/2025\/10\/4-8-800x368.jpeg 800w, https:\/\/municipalidadpucon.cl\/wp-content\/uploads\/2025\/10\/4-8-1024x470.jpeg 1024w, https:\/\/municipalidadpucon.cl\/wp-content\/uploads\/2025\/10\/4-8-1200x551.jpeg 1200w, https:\/\/municipalidadpucon.cl\/wp-content\/uploads\/2025\/10\/4-8.jpeg 1280w\" sizes=\"(max-width: 300px) 100vw, 300px\" \/><\/p>\n<p>Con una concurrida ceremonia, que se aprovech\u00f3 para entregar reconocimientos a los maestros de Puc\u00f3n por alcanzar su nivel experto y otros por sus 20, 25, 30, 35, 40 y 45 a\u00f1os de servicio, la comuna lacustre celebr\u00f3 -este 16 de octubre- el D\u00eda del Profesor en el gimnasio de la Escuela Carileufu, en donde destac\u00f3 la entrega de especiales galvanos a Lidia Correa Peralta y Ricardo Hidalgo Palma, por sus 45 y 40 a\u00f1os de servicio, respectivamente.<\/p>\n<p>\u201cEste es el primero y \u00fanico reconocimiento que he tenido en mi carrera\u201d, confes\u00f3 la profesora Lidia Correa, quien actualmente -y en los \u00faltimos 18 a\u00f1os- ha sido directora del Jard\u00edn Infantil La Casita de mis Sue\u00f1os. La maestra egres\u00f3 de la Universidad de Chile, sede Temuco, para luego iniciar su carrera \u201cen la Escuela Santa In\u00e9s, ahora Santa Cruz de Freire. Luego me vine trasladada a Puc\u00f3n, a la Escuela Ram\u00f3n Gui\u00f1ez, qued\u00e9 cinco a\u00f1os en el Colegio Puc\u00f3n, un reemplazo en la Escuela F\u00e1tima, Carlos Holzapfel y Escuela El Claro (\u2026) Ac\u00e1 reci\u00e9n estaba un profesor que fue tambi\u00e9n galardonado y fue mi alumno. Yo creo que lo m\u00e1s dif\u00edcil es tratar con los apoderados. Perd\u00f3n, apoderados, pero los ni\u00f1os son un amor\u201d.<\/p>\n<!--[if lt IE 9]><script>document.createElement('audio');<\/script><![endif]-->\n<audio class=\"wp-audio-shortcode\" id=\"audio-56731-1\" preload=\"none\" style=\"width: 100%;\" controls=\"controls\"><source type=\"audio\/mpeg\" src=\"https:\/\/municipalidadpucon.cl\/wp-content\/uploads\/2025\/10\/Lilian-Correa-profesora-recibio-reconocimiento-por-45-anos-de-trayectoria-.mp3?_=1\" \/><a href=\"https:\/\/municipalidadpucon.cl\/wp-content\/uploads\/2025\/10\/Lilian-Correa-profesora-recibio-reconocimiento-por-45-anos-de-trayectoria-.mp3\">https:\/\/municipalidadpucon.cl\/wp-content\/uploads\/2025\/10\/Lilian-Correa-profesora-recibio-reconocimiento-por-45-anos-de-trayectoria-.mp3<\/a><\/audio>\n<p><img decoding=\"async\" class=\"alignnone size-medium wp-image-56737\" src=\"https:\/\/municipalidadpucon.cl\/wp-content\/uploads\/2025\/10\/5-2-300x138.jpeg\" alt=\"\" width=\"300\" height=\"138\" srcset=\"https:\/\/municipalidadpucon.cl\/wp-content\/uploads\/2025\/10\/5-2-200x92.jpeg 200w, https:\/\/municipalidadpucon.cl\/wp-content\/uploads\/2025\/10\/5-2-300x138.jpeg 300w, https:\/\/municipalidadpucon.cl\/wp-content\/uploads\/2025\/10\/5-2-400x184.jpeg 400w, https:\/\/municipalidadpucon.cl\/wp-content\/uploads\/2025\/10\/5-2-600x276.jpeg 600w, https:\/\/municipalidadpucon.cl\/wp-content\/uploads\/2025\/10\/5-2-768x353.jpeg 768w, https:\/\/municipalidadpucon.cl\/wp-content\/uploads\/2025\/10\/5-2-800x368.jpeg 800w, https:\/\/municipalidadpucon.cl\/wp-content\/uploads\/2025\/10\/5-2-1024x470.jpeg 1024w, https:\/\/municipalidadpucon.cl\/wp-content\/uploads\/2025\/10\/5-2-1200x551.jpeg 1200w, https:\/\/municipalidadpucon.cl\/wp-content\/uploads\/2025\/10\/5-2.jpeg 1280w\" sizes=\"(max-width: 300px) 100vw, 300px\" \/> <img decoding=\"async\" class=\"alignnone size-medium wp-image-56738\" src=\"https:\/\/municipalidadpucon.cl\/wp-content\/uploads\/2025\/10\/6-2-300x138.jpeg\" alt=\"\" width=\"300\" height=\"138\" srcset=\"https:\/\/municipalidadpucon.cl\/wp-content\/uploads\/2025\/10\/6-2-200x92.jpeg 200w, https:\/\/municipalidadpucon.cl\/wp-content\/uploads\/2025\/10\/6-2-300x138.jpeg 300w, https:\/\/municipalidadpucon.cl\/wp-content\/uploads\/2025\/10\/6-2-400x184.jpeg 400w, https:\/\/municipalidadpucon.cl\/wp-content\/uploads\/2025\/10\/6-2-600x276.jpeg 600w, https:\/\/municipalidadpucon.cl\/wp-content\/uploads\/2025\/10\/6-2-768x353.jpeg 768w, https:\/\/municipalidadpucon.cl\/wp-content\/uploads\/2025\/10\/6-2-800x368.jpeg 800w, https:\/\/municipalidadpucon.cl\/wp-content\/uploads\/2025\/10\/6-2-1024x470.jpeg 1024w, https:\/\/municipalidadpucon.cl\/wp-content\/uploads\/2025\/10\/6-2-1200x551.jpeg 1200w, https:\/\/municipalidadpucon.cl\/wp-content\/uploads\/2025\/10\/6-2.jpeg 1280w\" sizes=\"(max-width: 300px) 100vw, 300px\" \/><\/p>\n<p><strong>AUTORIDADES<\/strong><\/p>\n<p>La jornada fue encabezada por el administrador municipal, Francisco Torres, en representaci\u00f3n del alcalde de la comuna Sebasti\u00e1n \u00c1lvarez; acompa\u00f1ado de los concejales Claudio Cortez, Julio Inzunza, Armin Avil\u00e9s y Marina Matus; adem\u00e1s del director de DIDECO, Gustavo Sandoval y la directora (s) del Departamento de Educaci\u00f3n (DAEM), Kathy Rodr\u00edguez.<\/p>\n<p>\u201cMuy contentos el d\u00eda de hoy, porque tuvimos a la totalidad de las escuelas municipales presentes, profesores jubilados, autoridades, celebrando todos el D\u00eda del Profesor\u201d, coment\u00f3 la encargada de la educaci\u00f3n p\u00fablica de Puc\u00f3n.<\/p>\n<audio class=\"wp-audio-shortcode\" id=\"audio-56731-2\" preload=\"none\" style=\"width: 100%;\" controls=\"controls\"><source type=\"audio\/mpeg\" src=\"https:\/\/municipalidadpucon.cl\/wp-content\/uploads\/2025\/10\/Kathy-Rodriguez-Directora-s-Dep.-Educacion-Municipal-valora-reconocimiento.mp3?_=2\" \/><a href=\"https:\/\/municipalidadpucon.cl\/wp-content\/uploads\/2025\/10\/Kathy-Rodriguez-Directora-s-Dep.-Educacion-Municipal-valora-reconocimiento.mp3\">https:\/\/municipalidadpucon.cl\/wp-content\/uploads\/2025\/10\/Kathy-Rodriguez-Directora-s-Dep.-Educacion-Municipal-valora-reconocimiento.mp3<\/a><\/audio>\n<p>El presidente del Colegio de Profesores, comunal Puc\u00f3n, Cristian Villablanca, destac\u00f3 en la jornada \u201cque se dignifique y se valore el rol que tenemos como profesores. A lo mejor un ingeniero, un arquitecto, un abogado o un m\u00e9dico, tienen una utilidad p\u00fablica a corto plazo, pero los profesores tambi\u00e9n tenemos una utilidad p\u00fablica a largo plazo y estrat\u00e9gica. Evidentemente, un ingeniero desarroll\u00f3 un puente, pero nosotros construimos puentes mentales para que exista ese ingeniero\u201d. El dirigente gremial relev\u00f3 \u201ca profesores y profesoras del sector rural, a las educadoras diferenciales que no tienen su menci\u00f3n como profesora y no se les paga su t\u00edtulo de menci\u00f3n. Saludar a los profesores de multigrado, a los de ense\u00f1anza media, b\u00e1sica, y, espec\u00edficamente, a todos los trabajadores de la educaci\u00f3n tambi\u00e9n, que son del sector p\u00fablico y sectores vulnerables\u201d.<\/p>\n<audio class=\"wp-audio-shortcode\" id=\"audio-56731-3\" preload=\"none\" style=\"width: 100%;\" controls=\"controls\"><source type=\"audio\/mpeg\" src=\"https:\/\/municipalidadpucon.cl\/wp-content\/uploads\/2025\/10\/Cristian-Villablanca-Pdte-Colegio-de-Profesores-comubnal-Pucon-.mp3?_=3\" \/><a href=\"https:\/\/municipalidadpucon.cl\/wp-content\/uploads\/2025\/10\/Cristian-Villablanca-Pdte-Colegio-de-Profesores-comubnal-Pucon-.mp3\">https:\/\/municipalidadpucon.cl\/wp-content\/uploads\/2025\/10\/Cristian-Villablanca-Pdte-Colegio-de-Profesores-comubnal-Pucon-.mp3<\/a><\/audio>\n<p><img decoding=\"async\" class=\"alignnone size-medium wp-image-56741\" src=\"https:\/\/municipalidadpucon.cl\/wp-content\/uploads\/2025\/10\/7-2-300x138.jpeg\" alt=\"\" width=\"300\" height=\"138\" srcset=\"https:\/\/municipalidadpucon.cl\/wp-content\/uploads\/2025\/10\/7-2-200x92.jpeg 200w, https:\/\/municipalidadpucon.cl\/wp-content\/uploads\/2025\/10\/7-2-300x138.jpeg 300w, https:\/\/municipalidadpucon.cl\/wp-content\/uploads\/2025\/10\/7-2-400x184.jpeg 400w, https:\/\/municipalidadpucon.cl\/wp-content\/uploads\/2025\/10\/7-2-600x276.jpeg 600w, https:\/\/municipalidadpucon.cl\/wp-content\/uploads\/2025\/10\/7-2-768x353.jpeg 768w, https:\/\/municipalidadpucon.cl\/wp-content\/uploads\/2025\/10\/7-2-800x368.jpeg 800w, https:\/\/municipalidadpucon.cl\/wp-content\/uploads\/2025\/10\/7-2-1024x470.jpeg 1024w, https:\/\/municipalidadpucon.cl\/wp-content\/uploads\/2025\/10\/7-2-1200x551.jpeg 1200w, https:\/\/municipalidadpucon.cl\/wp-content\/uploads\/2025\/10\/7-2.jpeg 1280w\" sizes=\"(max-width: 300px) 100vw, 300px\" \/> <img decoding=\"async\" class=\"alignnone size-medium wp-image-56742\" src=\"https:\/\/municipalidadpucon.cl\/wp-content\/uploads\/2025\/10\/8-1-300x138.jpeg\" alt=\"\" width=\"300\" height=\"138\" srcset=\"https:\/\/municipalidadpucon.cl\/wp-content\/uploads\/2025\/10\/8-1-200x92.jpeg 200w, https:\/\/municipalidadpucon.cl\/wp-content\/uploads\/2025\/10\/8-1-300x138.jpeg 300w, https:\/\/municipalidadpucon.cl\/wp-content\/uploads\/2025\/10\/8-1-400x184.jpeg 400w, https:\/\/municipalidadpucon.cl\/wp-content\/uploads\/2025\/10\/8-1-600x276.jpeg 600w, https:\/\/municipalidadpucon.cl\/wp-content\/uploads\/2025\/10\/8-1-768x353.jpeg 768w, https:\/\/municipalidadpucon.cl\/wp-content\/uploads\/2025\/10\/8-1-800x368.jpeg 800w, https:\/\/municipalidadpucon.cl\/wp-content\/uploads\/2025\/10\/8-1-1024x470.jpeg 1024w, https:\/\/municipalidadpucon.cl\/wp-content\/uploads\/2025\/10\/8-1-1200x551.jpeg 1200w, https:\/\/municipalidadpucon.cl\/wp-content\/uploads\/2025\/10\/8-1.jpeg 1280w\" sizes=\"(max-width: 300px) 100vw, 300px\" \/> <img decoding=\"async\" class=\"alignnone size-medium wp-image-56743\" src=\"https:\/\/municipalidadpucon.cl\/wp-content\/uploads\/2025\/10\/9-300x138.jpeg\" alt=\"\" width=\"300\" height=\"138\" srcset=\"https:\/\/municipalidadpucon.cl\/wp-content\/uploads\/2025\/10\/9-200x92.jpeg 200w, https:\/\/municipalidadpucon.cl\/wp-content\/uploads\/2025\/10\/9-300x138.jpeg 300w, https:\/\/municipalidadpucon.cl\/wp-content\/uploads\/2025\/10\/9-400x184.jpeg 400w, https:\/\/municipalidadpucon.cl\/wp-content\/uploads\/2025\/10\/9-600x276.jpeg 600w, https:\/\/municipalidadpucon.cl\/wp-content\/uploads\/2025\/10\/9-768x353.jpeg 768w, https:\/\/municipalidadpucon.cl\/wp-content\/uploads\/2025\/10\/9-800x368.jpeg 800w, https:\/\/municipalidadpucon.cl\/wp-content\/uploads\/2025\/10\/9-1024x470.jpeg 1024w, https:\/\/municipalidadpucon.cl\/wp-content\/uploads\/2025\/10\/9-1200x551.jpeg 1200w, https:\/\/municipalidadpucon.cl\/wp-content\/uploads\/2025\/10\/9.jpeg 1280w\" sizes=\"(max-width: 300px) 100vw, 300px\" \/> <img decoding=\"async\" class=\"alignnone size-medium wp-image-56744\" src=\"https:\/\/municipalidadpucon.cl\/wp-content\/uploads\/2025\/10\/10-300x138.jpeg\" alt=\"\" width=\"300\" height=\"138\" srcset=\"https:\/\/municipalidadpucon.cl\/wp-content\/uploads\/2025\/10\/10-200x92.jpeg 200w, https:\/\/municipalidadpucon.cl\/wp-content\/uploads\/2025\/10\/10-300x138.jpeg 300w, https:\/\/municipalidadpucon.cl\/wp-content\/uploads\/2025\/10\/10-400x184.jpeg 400w, https:\/\/municipalidadpucon.cl\/wp-content\/uploads\/2025\/10\/10-600x276.jpeg 600w, https:\/\/municipalidadpucon.cl\/wp-content\/uploads\/2025\/10\/10-768x353.jpeg 768w, https:\/\/municipalidadpucon.cl\/wp-content\/uploads\/2025\/10\/10-800x368.jpeg 800w, https:\/\/municipalidadpucon.cl\/wp-content\/uploads\/2025\/10\/10-1024x470.jpeg 1024w, https:\/\/municipalidadpucon.cl\/wp-content\/uploads\/2025\/10\/10-1200x551.jpeg 1200w, https:\/\/municipalidadpucon.cl\/wp-content\/uploads\/2025\/10\/10.jpeg 1280w\" sizes=\"(max-width: 300px) 100vw, 300px\" \/><\/p>\n<p><strong>PASI\u00d3N Y AMOR<\/strong><\/p>\n<p>Con 20 a\u00f1os de labor, la profesora de Lenguaje y Comunicaci\u00f3n en el Colegio El Claro, Ana Mar\u00eda Z\u00fa\u00f1iga, coment\u00f3 que a pesar del tiempo se desempe\u00f1a \u201ccon la misma pasi\u00f3n, con el mismo amor, amo lo que hago, amo mi labor, as\u00ed que a seguir entregando por sobre todo amor y cari\u00f1o a los estudiantes, que es lo que me llena cada d\u00eda, y despu\u00e9s de eso los conocimientos que entrego\u201d.<\/p>\n<audio class=\"wp-audio-shortcode\" id=\"audio-56731-4\" preload=\"none\" style=\"width: 100%;\" controls=\"controls\"><source type=\"audio\/mpeg\" src=\"https:\/\/municipalidadpucon.cl\/wp-content\/uploads\/2025\/10\/Ana-Maria-Zuniga-reconoce-el-amor-como-basico-tras-sus-20-anos-de-trayectoria-.mp3?_=4\" \/><a href=\"https:\/\/municipalidadpucon.cl\/wp-content\/uploads\/2025\/10\/Ana-Maria-Zuniga-reconoce-el-amor-como-basico-tras-sus-20-anos-de-trayectoria-.mp3\">https:\/\/municipalidadpucon.cl\/wp-content\/uploads\/2025\/10\/Ana-Maria-Zuniga-reconoce-el-amor-como-basico-tras-sus-20-anos-de-trayectoria-.mp3<\/a><\/audio>\n<p>Finalmente, Marina Matus, concejal y presidenta de la Comisi\u00f3n de Educaci\u00f3n del Concejo Municipal de Puc\u00f3n, liderado por el edil Sebasti\u00e1n \u00c1lvarez, valor\u00f3 el rol de los educadores y su \u201ccompromiso que nace desde el coraz\u00f3n de cada uno de los profesores por la educaci\u00f3n municipal. Agradecer y felicitarlos en su d\u00eda. Y que se est\u00e1n preparando, por ejemplo, en el Carlos Holzapfel para poder dar una buena prueba y tener una educaci\u00f3n de excelencia\u201d.<\/p>\n<audio class=\"wp-audio-shortcode\" id=\"audio-56731-5\" preload=\"none\" style=\"width: 100%;\" controls=\"controls\"><source type=\"audio\/mpeg\" src=\"https:\/\/municipalidadpucon.cl\/wp-content\/uploads\/2025\/10\/Marina-Matus-concejal-y-Pdta-Comision-de-Educacion-.mp3?_=5\" \/><a href=\"https:\/\/municipalidadpucon.cl\/wp-content\/uploads\/2025\/10\/Marina-Matus-concejal-y-Pdta-Comision-de-Educacion-.mp3\">https:\/\/municipalidadpucon.cl\/wp-content\/uploads\/2025\/10\/Marina-Matus-concejal-y-Pdta-Comision-de-Educacion-.mp3<\/a><\/audio>\n<p><img decoding=\"async\" class=\"alignnone size-medium wp-image-56747\" src=\"https:\/\/municipalidadpucon.cl\/wp-content\/uploads\/2025\/10\/11-300x138.jpeg\" alt=\"\" width=\"300\" height=\"138\" srcset=\"https:\/\/municipalidadpucon.cl\/wp-content\/uploads\/2025\/10\/11-200x92.jpeg 200w, https:\/\/municipalidadpucon.cl\/wp-content\/uploads\/2025\/10\/11-300x138.jpeg 300w, https:\/\/municipalidadpucon.cl\/wp-content\/uploads\/2025\/10\/11-400x184.jpeg 400w, https:\/\/municipalidadpucon.cl\/wp-content\/uploads\/2025\/10\/11-600x276.jpeg 600w, https:\/\/municipalidadpucon.cl\/wp-content\/uploads\/2025\/10\/11-768x353.jpeg 768w, https:\/\/municipalidadpucon.cl\/wp-content\/uploads\/2025\/10\/11-800x368.jpeg 800w, https:\/\/municipalidadpucon.cl\/wp-content\/uploads\/2025\/10\/11-1024x470.jpeg 1024w, https:\/\/municipalidadpucon.cl\/wp-content\/uploads\/2025\/10\/11-1200x551.jpeg 1200w, https:\/\/municipalidadpucon.cl\/wp-content\/uploads\/2025\/10\/11.jpeg 1280w\" sizes=\"(max-width: 300px) 100vw, 300px\" \/> <img decoding=\"async\" class=\"alignnone size-medium wp-image-56748\" src=\"https:\/\/municipalidadpucon.cl\/wp-content\/uploads\/2025\/10\/12-244x300.jpeg\" alt=\"\" width=\"244\" height=\"300\" srcset=\"https:\/\/municipalidadpucon.cl\/wp-content\/uploads\/2025\/10\/12-200x246.jpeg 200w, https:\/\/municipalidadpucon.cl\/wp-content\/uploads\/2025\/10\/12-244x300.jpeg 244w, https:\/\/municipalidadpucon.cl\/wp-content\/uploads\/2025\/10\/12-400x491.jpeg 400w, https:\/\/municipalidadpucon.cl\/wp-content\/uploads\/2025\/10\/12.jpeg 588w\" sizes=\"(max-width: 244px) 100vw, 244px\" \/><\/p>\n<p>Los alumnos tambi\u00e9n se hicieron presentes en este homenaje a los maestros, con cuadros art\u00edsticos preparados por estudiantes de la Escuela de Paillaco y Villa San Pedro.<\/p>\n","protected":false},"excerpt":{"rendered":"<p>Los maestros del sistema p\u00fablico de la comuna lacustre se [&hellip;]<\/p>\n","protected":false},"author":10,"featured_media":56749,"comment_status":"closed","ping_status":"open","sticky":false,"template":"","format":"standard","meta":[],"categories":[98,3],"tags":[],"_links":{"self":[{"href":"https:\/\/municipalidadpucon.cl\/index.php?rest_route=\/wp\/v2\/posts\/56731"}],"collection":[{"href":"https:\/\/municipalidadpucon.cl\/index.php?rest_route=\/wp\/v2\/posts"}],"about":[{"href":"https:\/\/municipalidadpucon.cl\/index.php?rest_route=\/wp\/v2\/types\/post"}],"author":[{"embeddable":true,"href":"https:\/\/municipalidadpucon.cl\/index.php?rest_route=\/wp\/v2\/users\/10"}],"replies":[{"embeddable":true,"href":"https:\/\/municipalidadpucon.cl\/index.php?rest_route=%2Fwp%2Fv2%2Fcomments&post=56731"}],"version-history":[{"count":2,"href":"https:\/\/municipalidadpucon.cl\/index.php?rest_route=\/wp\/v2\/posts\/56731\/revisions"}],"predecessor-version":[{"id":56751,"href":"https:\/\/municipalidadpucon.cl\/index.php?rest_route=\/wp\/v2\/posts\/56731\/revisions\/56751"}],"wp:featuredmedia":[{"embeddable":true,"href":"https:\/\/municipalidadpucon.cl\/index.php?rest_route=\/wp\/v2\/media\/56749"}],"wp:attachment":[{"href":"https:\/\/municipalidadpucon.cl\/index.php?rest_route=%2Fwp%2Fv2%2Fmedia&parent=56731"}],"wp:term":[{"taxonomy":"category","embeddable":true,"href":"https:\/\/municipalidadpucon.cl\/index.php?rest_route=%2Fwp%2Fv2%2Fcategories&post=56731"},{"taxonomy":"post_tag","embeddable":true,"href":"https:\/\/municipalidadpucon.cl\/index.php?rest_route=%2Fwp%2Fv2%2Ftags&post=56731"}],"curies":[{"name":"wp","href":"https:\/\/api.w.org\/{rel}","templated":true}]}}