{"id":56753,"date":"2025-10-20T12:03:05","date_gmt":"2025-10-20T15:03:05","guid":{"rendered":"https:\/\/municipalidadpucon.cl\/?p=56753"},"modified":"2025-10-20T12:03:05","modified_gmt":"2025-10-20T15:03:05","slug":"cuidar-mi-salud-mental-es-prioridad-se-desplego-por-las-calles-de-pucon","status":"publish","type":"post","link":"https:\/\/municipalidadpucon.cl\/?p=56753","title":{"rendered":"\u201cCuidar mi Salud Mental es Prioridad\u201d se despleg\u00f3 por las calles de Puc\u00f3n"},"content":{"rendered":"<p><em><strong>Campa\u00f1a la lider\u00f3 el Municipio, por medio del Programa de Salud Mental con Enfoque de G\u00e9nero, en las principales arterias de la comuna, coincidiendo con el D\u00eda Mundial de la Salud Mental.<\/strong><\/em><\/p>\n<p><img decoding=\"async\" class=\"alignnone size-medium wp-image-56754\" src=\"https:\/\/municipalidadpucon.cl\/wp-content\/uploads\/2025\/10\/2-11-300x225.jpeg\" alt=\"\" width=\"300\" height=\"225\" srcset=\"https:\/\/municipalidadpucon.cl\/wp-content\/uploads\/2025\/10\/2-11-200x150.jpeg 200w, https:\/\/municipalidadpucon.cl\/wp-content\/uploads\/2025\/10\/2-11-300x225.jpeg 300w, https:\/\/municipalidadpucon.cl\/wp-content\/uploads\/2025\/10\/2-11-400x300.jpeg 400w, https:\/\/municipalidadpucon.cl\/wp-content\/uploads\/2025\/10\/2-11-600x450.jpeg 600w, https:\/\/municipalidadpucon.cl\/wp-content\/uploads\/2025\/10\/2-11-768x576.jpeg 768w, https:\/\/municipalidadpucon.cl\/wp-content\/uploads\/2025\/10\/2-11-800x600.jpeg 800w, https:\/\/municipalidadpucon.cl\/wp-content\/uploads\/2025\/10\/2-11-1024x768.jpeg 1024w, https:\/\/municipalidadpucon.cl\/wp-content\/uploads\/2025\/10\/2-11-1200x900.jpeg 1200w, https:\/\/municipalidadpucon.cl\/wp-content\/uploads\/2025\/10\/2-11.jpeg 1280w\" sizes=\"(max-width: 300px) 100vw, 300px\" \/> <img decoding=\"async\" class=\"alignnone size-medium wp-image-56755\" src=\"https:\/\/municipalidadpucon.cl\/wp-content\/uploads\/2025\/10\/3-11-300x225.jpeg\" alt=\"\" width=\"300\" height=\"225\" srcset=\"https:\/\/municipalidadpucon.cl\/wp-content\/uploads\/2025\/10\/3-11-200x150.jpeg 200w, https:\/\/municipalidadpucon.cl\/wp-content\/uploads\/2025\/10\/3-11-300x225.jpeg 300w, https:\/\/municipalidadpucon.cl\/wp-content\/uploads\/2025\/10\/3-11-400x300.jpeg 400w, https:\/\/municipalidadpucon.cl\/wp-content\/uploads\/2025\/10\/3-11-600x450.jpeg 600w, https:\/\/municipalidadpucon.cl\/wp-content\/uploads\/2025\/10\/3-11-768x576.jpeg 768w, https:\/\/municipalidadpucon.cl\/wp-content\/uploads\/2025\/10\/3-11-800x600.jpeg 800w, https:\/\/municipalidadpucon.cl\/wp-content\/uploads\/2025\/10\/3-11-1024x768.jpeg 1024w, https:\/\/municipalidadpucon.cl\/wp-content\/uploads\/2025\/10\/3-11-1200x900.jpeg 1200w, https:\/\/municipalidadpucon.cl\/wp-content\/uploads\/2025\/10\/3-11.jpeg 1280w\" sizes=\"(max-width: 300px) 100vw, 300px\" \/> <img decoding=\"async\" class=\"alignnone size-medium wp-image-56757\" src=\"https:\/\/municipalidadpucon.cl\/wp-content\/uploads\/2025\/10\/5-3-169x300.jpeg\" alt=\"\" width=\"169\" height=\"300\" srcset=\"https:\/\/municipalidadpucon.cl\/wp-content\/uploads\/2025\/10\/5-3-169x300.jpeg 169w, https:\/\/municipalidadpucon.cl\/wp-content\/uploads\/2025\/10\/5-3-200x356.jpeg 200w, https:\/\/municipalidadpucon.cl\/wp-content\/uploads\/2025\/10\/5-3-400x711.jpeg 400w, https:\/\/municipalidadpucon.cl\/wp-content\/uploads\/2025\/10\/5-3-576x1024.jpeg 576w, https:\/\/municipalidadpucon.cl\/wp-content\/uploads\/2025\/10\/5-3-600x1067.jpeg 600w, https:\/\/municipalidadpucon.cl\/wp-content\/uploads\/2025\/10\/5-3.jpeg 720w\" sizes=\"(max-width: 169px) 100vw, 169px\" \/><\/p>\n<p>Fue en el marco del D\u00eda Mundial de la Salud Mental, que se conmemora cada 10 de octubre desde el a\u00f1o 1992, que la Municipalidad de Puc\u00f3n llev\u00f3 a cabo una campa\u00f1a de difusi\u00f3n comunitaria bajo el lema \u201cCuidar mi Salud Mental es Prioridad\u201d, a trav\u00e9s del Departamento de la Mujer y Equidad, con su Programa de Salud Mental con Enfoque de G\u00e9nero.<\/p>\n<p>La iniciativa, con puntos de promoci\u00f3n al p\u00fablico ubicados por las zonas c\u00e9ntricas de la urbe lacustre, persigui\u00f3 sensibilizar y educar a la poblaci\u00f3n sobre la importancia de cuidar nuestra salud mental como un pilar fundamental del bienestar integral, sum\u00e1ndose as\u00ed a las acciones que se realizan a nivel mundial en estas fechas.<\/p>\n<p><strong>PROMOCI\u00d3N<\/strong><\/p>\n<p>En la jornada, \u201cse repartieron m\u00e1s de 2 mil 500 stickers, en el cual tenemos un QR donde pueden acceder a herramientas pr\u00e1cticas para el autocuidado, as\u00ed como infograf\u00eda del programa\u201d, explic\u00f3 Adriana Matera, encargada del programa municipal puconino, quien agreg\u00f3 que ello \u201cimplica la gesti\u00f3n de las emociones; por ejemplo, implica un buen sue\u00f1o, tener buenos h\u00e1bitos de alimentaci\u00f3n, buenas pr\u00e1cticas con uno mismo o el ejercicio f\u00edsico. Nosotros a veces pensamos que la salud mental se refiere solamente a cosas de la mente, tal cual como lo dice la palabra, pero tambi\u00e9n tiene que ver con los h\u00e1bitos y las acciones cotidianas que hacemos para cuidarnos\u201d.<\/p>\n<!--[if lt IE 9]><script>document.createElement('audio');<\/script><![endif]-->\n<audio class=\"wp-audio-shortcode\" id=\"audio-56753-1\" preload=\"none\" style=\"width: 100%;\" controls=\"controls\"><source type=\"audio\/mpeg\" src=\"https:\/\/municipalidadpucon.cl\/wp-content\/uploads\/2025\/10\/Adriana-Matera-encargada-Programa-Salud-Mental-con-enfoque-de-genero-.mp3?_=1\" \/><a href=\"https:\/\/municipalidadpucon.cl\/wp-content\/uploads\/2025\/10\/Adriana-Matera-encargada-Programa-Salud-Mental-con-enfoque-de-genero-.mp3\">https:\/\/municipalidadpucon.cl\/wp-content\/uploads\/2025\/10\/Adriana-Matera-encargada-Programa-Salud-Mental-con-enfoque-de-genero-.mp3<\/a><\/audio>\n<p><strong>RECORRIDOS<\/strong><\/p>\n<p>En el D\u00eda Internacional de la Salud Mental, tanto integrantes del Programa de Salud Mental con Enfoque de G\u00e9nero, como profesionales del Departamento de la Mujer y Equidad de G\u00e9nero; adem\u00e1s de voluntarios de la Escuela de Monitores y Monitoras en Salud Mental con Enfoque de G\u00e9nero, recorrieron distintos sectores de la comuna lacustre, en el centro de Puc\u00f3n, calle Adolfo Kachele, La Poza, la Playa, Los Arrayanes y El Claro , en donde se entregaron m\u00e1s de 2 mil 500 stickers y flyers con el mensaje central de la campa\u00f1a.<\/p>\n<p><img decoding=\"async\" class=\"alignnone size-medium wp-image-56759\" src=\"https:\/\/municipalidadpucon.cl\/wp-content\/uploads\/2025\/10\/6-3-300x225.jpeg\" alt=\"\" width=\"300\" height=\"225\" srcset=\"https:\/\/municipalidadpucon.cl\/wp-content\/uploads\/2025\/10\/6-3-200x150.jpeg 200w, https:\/\/municipalidadpucon.cl\/wp-content\/uploads\/2025\/10\/6-3-300x225.jpeg 300w, https:\/\/municipalidadpucon.cl\/wp-content\/uploads\/2025\/10\/6-3-400x300.jpeg 400w, https:\/\/municipalidadpucon.cl\/wp-content\/uploads\/2025\/10\/6-3-600x450.jpeg 600w, https:\/\/municipalidadpucon.cl\/wp-content\/uploads\/2025\/10\/6-3-768x576.jpeg 768w, https:\/\/municipalidadpucon.cl\/wp-content\/uploads\/2025\/10\/6-3-800x600.jpeg 800w, https:\/\/municipalidadpucon.cl\/wp-content\/uploads\/2025\/10\/6-3-1024x768.jpeg 1024w, https:\/\/municipalidadpucon.cl\/wp-content\/uploads\/2025\/10\/6-3-1200x900.jpeg 1200w, https:\/\/municipalidadpucon.cl\/wp-content\/uploads\/2025\/10\/6-3.jpeg 1280w\" sizes=\"(max-width: 300px) 100vw, 300px\" \/> <img decoding=\"async\" class=\"alignnone size-medium wp-image-56760\" src=\"https:\/\/municipalidadpucon.cl\/wp-content\/uploads\/2025\/10\/7-3-300x225.jpeg\" alt=\"\" width=\"300\" height=\"225\" srcset=\"https:\/\/municipalidadpucon.cl\/wp-content\/uploads\/2025\/10\/7-3-200x150.jpeg 200w, https:\/\/municipalidadpucon.cl\/wp-content\/uploads\/2025\/10\/7-3-300x225.jpeg 300w, https:\/\/municipalidadpucon.cl\/wp-content\/uploads\/2025\/10\/7-3-400x300.jpeg 400w, https:\/\/municipalidadpucon.cl\/wp-content\/uploads\/2025\/10\/7-3-600x450.jpeg 600w, https:\/\/municipalidadpucon.cl\/wp-content\/uploads\/2025\/10\/7-3-768x576.jpeg 768w, https:\/\/municipalidadpucon.cl\/wp-content\/uploads\/2025\/10\/7-3-800x600.jpeg 800w, https:\/\/municipalidadpucon.cl\/wp-content\/uploads\/2025\/10\/7-3-1024x768.jpeg 1024w, https:\/\/municipalidadpucon.cl\/wp-content\/uploads\/2025\/10\/7-3-1200x900.jpeg 1200w, https:\/\/municipalidadpucon.cl\/wp-content\/uploads\/2025\/10\/7-3.jpeg 1280w\" sizes=\"(max-width: 300px) 100vw, 300px\" \/><\/p>\n<p>Adem\u00e1s, esta acci\u00f3n busc\u00f3 fortalecer el v\u00ednculo con locatarios y locatarias de la zona precordillerana, quienes se sumaron voluntariamente a esta acci\u00f3n de concientizaci\u00f3n, instalando los informativos en sus locales y difundiendo las acciones y programas p\u00fablicos, con el fin de ampliar el alcance del mensaje y fomentar una comunidad m\u00e1s consciente y comprometida con la salud mental.<\/p>\n<p><img decoding=\"async\" class=\"alignnone size-medium wp-image-56761\" src=\"https:\/\/municipalidadpucon.cl\/wp-content\/uploads\/2025\/10\/8-2-300x225.jpeg\" alt=\"\" width=\"300\" height=\"225\" srcset=\"https:\/\/municipalidadpucon.cl\/wp-content\/uploads\/2025\/10\/8-2-200x150.jpeg 200w, https:\/\/municipalidadpucon.cl\/wp-content\/uploads\/2025\/10\/8-2-300x225.jpeg 300w, https:\/\/municipalidadpucon.cl\/wp-content\/uploads\/2025\/10\/8-2-400x300.jpeg 400w, https:\/\/municipalidadpucon.cl\/wp-content\/uploads\/2025\/10\/8-2-600x450.jpeg 600w, https:\/\/municipalidadpucon.cl\/wp-content\/uploads\/2025\/10\/8-2-768x576.jpeg 768w, https:\/\/municipalidadpucon.cl\/wp-content\/uploads\/2025\/10\/8-2-800x600.jpeg 800w, https:\/\/municipalidadpucon.cl\/wp-content\/uploads\/2025\/10\/8-2-1024x768.jpeg 1024w, https:\/\/municipalidadpucon.cl\/wp-content\/uploads\/2025\/10\/8-2-1200x900.jpeg 1200w, https:\/\/municipalidadpucon.cl\/wp-content\/uploads\/2025\/10\/8-2.jpeg 1280w\" sizes=\"(max-width: 300px) 100vw, 300px\" \/> <img decoding=\"async\" class=\"alignnone size-medium wp-image-56762\" src=\"https:\/\/municipalidadpucon.cl\/wp-content\/uploads\/2025\/10\/9-1-225x300.jpeg\" alt=\"\" width=\"225\" height=\"300\" srcset=\"https:\/\/municipalidadpucon.cl\/wp-content\/uploads\/2025\/10\/9-1-200x267.jpeg 200w, https:\/\/municipalidadpucon.cl\/wp-content\/uploads\/2025\/10\/9-1-225x300.jpeg 225w, https:\/\/municipalidadpucon.cl\/wp-content\/uploads\/2025\/10\/9-1-400x533.jpeg 400w, https:\/\/municipalidadpucon.cl\/wp-content\/uploads\/2025\/10\/9-1-600x800.jpeg 600w, https:\/\/municipalidadpucon.cl\/wp-content\/uploads\/2025\/10\/9-1-768x1024.jpeg 768w, https:\/\/municipalidadpucon.cl\/wp-content\/uploads\/2025\/10\/9-1-800x1067.jpeg 800w, https:\/\/municipalidadpucon.cl\/wp-content\/uploads\/2025\/10\/9-1.jpeg 960w\" sizes=\"(max-width: 225px) 100vw, 225px\" \/><\/p>\n<audio class=\"wp-audio-shortcode\" id=\"audio-56753-2\" preload=\"none\" style=\"width: 100%;\" controls=\"controls\"><source type=\"audio\/mpeg\" src=\"https:\/\/municipalidadpucon.cl\/wp-content\/uploads\/2025\/10\/Adriana-Matera-numero-de-contacto-por-emergencia-o-consultas-.mp3?_=2\" \/><a href=\"https:\/\/municipalidadpucon.cl\/wp-content\/uploads\/2025\/10\/Adriana-Matera-numero-de-contacto-por-emergencia-o-consultas-.mp3\">https:\/\/municipalidadpucon.cl\/wp-content\/uploads\/2025\/10\/Adriana-Matera-numero-de-contacto-por-emergencia-o-consultas-.mp3<\/a><\/audio>\n<p><strong>CONTACTOS DIRECTOS<\/strong><\/p>\n<p>Seg\u00fan se inform\u00f3, a modo de emergencia existe el n\u00famero telef\u00f3nico del \u00e1rea salud 41 41, cual es el de \u201cemergencia, m\u00e1s que todo, como factor de prevenci\u00f3n del suicidio, pero nosotros, como comuna, tambi\u00e9n tenemos otro tipo de programas, que son para la atenci\u00f3n en niveles menos graves\u201d, explic\u00f3 Adriana Matera, quien aclar\u00f3 que para ello est\u00e1 la oficina del programa, en O\u2019Higgins N\u00b0774 (Los \u00c1lamos sector B, oficina 2203); mientras que disponible se encuentra tambi\u00e9n el n\u00famero telef\u00f3nico y whatsapp: +56 9 7768 5466.<\/p>\n","protected":false},"excerpt":{"rendered":"<p>Campa\u00f1a la lider\u00f3 el Municipio, por medio del Programa de [&hellip;]<\/p>\n","protected":false},"author":10,"featured_media":56764,"comment_status":"closed","ping_status":"open","sticky":false,"template":"","format":"standard","meta":[],"categories":[3],"tags":[],"_links":{"self":[{"href":"https:\/\/municipalidadpucon.cl\/index.php?rest_route=\/wp\/v2\/posts\/56753"}],"collection":[{"href":"https:\/\/municipalidadpucon.cl\/index.php?rest_route=\/wp\/v2\/posts"}],"about":[{"href":"https:\/\/municipalidadpucon.cl\/index.php?rest_route=\/wp\/v2\/types\/post"}],"author":[{"embeddable":true,"href":"https:\/\/municipalidadpucon.cl\/index.php?rest_route=\/wp\/v2\/users\/10"}],"replies":[{"embeddable":true,"href":"https:\/\/municipalidadpucon.cl\/index.php?rest_route=%2Fwp%2Fv2%2Fcomments&post=56753"}],"version-history":[{"count":1,"href":"https:\/\/municipalidadpucon.cl\/index.php?rest_route=\/wp\/v2\/posts\/56753\/revisions"}],"predecessor-version":[{"id":56765,"href":"https:\/\/municipalidadpucon.cl\/index.php?rest_route=\/wp\/v2\/posts\/56753\/revisions\/56765"}],"wp:featuredmedia":[{"embeddable":true,"href":"https:\/\/municipalidadpucon.cl\/index.php?rest_route=\/wp\/v2\/media\/56764"}],"wp:attachment":[{"href":"https:\/\/municipalidadpucon.cl\/index.php?rest_route=%2Fwp%2Fv2%2Fmedia&parent=56753"}],"wp:term":[{"taxonomy":"category","embeddable":true,"href":"https:\/\/municipalidadpucon.cl\/index.php?rest_route=%2Fwp%2Fv2%2Fcategories&post=56753"},{"taxonomy":"post_tag","embeddable":true,"href":"https:\/\/municipalidadpucon.cl\/index.php?rest_route=%2Fwp%2Fv2%2Ftags&post=56753"}],"curies":[{"name":"wp","href":"https:\/\/api.w.org\/{rel}","templated":true}]}}