{"id":56766,"date":"2025-10-20T16:46:45","date_gmt":"2025-10-20T19:46:45","guid":{"rendered":"https:\/\/municipalidadpucon.cl\/?p=56766"},"modified":"2025-10-20T16:47:07","modified_gmt":"2025-10-20T19:47:07","slug":"en-pucon-lamentan-escasos-avances-en-arreglos-a-caminos-y-pasos-peatonales","status":"publish","type":"post","link":"https:\/\/municipalidadpucon.cl\/?p=56766","title":{"rendered":"En Puc\u00f3n lamentan escasos avances en arreglos a caminos y pasos peatonales"},"content":{"rendered":"<p><em><strong>Cumplido un mes del fatal siniestro que acab\u00f3 con la vida de una menor de s\u00f3lo 11 a\u00f1os, por un atropello en el sector El Claro, desde el Municipio lamentan que los trabajos comprometidos por el MOP est\u00e9n incompletos. \u201cHay muchos a\u00f1os de ausencia, de determinaciones pol\u00edticas\u201d, recalc\u00f3 el alcalde de la comuna, Sebasti\u00e1n \u00c1lvarez.<\/strong><\/em><\/p>\n<p><img decoding=\"async\" class=\"alignnone size-medium wp-image-56767\" src=\"https:\/\/municipalidadpucon.cl\/wp-content\/uploads\/2025\/10\/2-9-300x225.jpg\" alt=\"\" width=\"300\" height=\"225\" srcset=\"https:\/\/municipalidadpucon.cl\/wp-content\/uploads\/2025\/10\/2-9-200x150.jpg 200w, https:\/\/municipalidadpucon.cl\/wp-content\/uploads\/2025\/10\/2-9-300x225.jpg 300w, https:\/\/municipalidadpucon.cl\/wp-content\/uploads\/2025\/10\/2-9-400x300.jpg 400w, https:\/\/municipalidadpucon.cl\/wp-content\/uploads\/2025\/10\/2-9-600x450.jpg 600w, https:\/\/municipalidadpucon.cl\/wp-content\/uploads\/2025\/10\/2-9-768x576.jpg 768w, https:\/\/municipalidadpucon.cl\/wp-content\/uploads\/2025\/10\/2-9-800x600.jpg 800w, https:\/\/municipalidadpucon.cl\/wp-content\/uploads\/2025\/10\/2-9-1024x768.jpg 1024w, https:\/\/municipalidadpucon.cl\/wp-content\/uploads\/2025\/10\/2-9-1200x900.jpg 1200w, https:\/\/municipalidadpucon.cl\/wp-content\/uploads\/2025\/10\/2-9.jpg 1280w\" sizes=\"(max-width: 300px) 100vw, 300px\" \/> <img decoding=\"async\" class=\"alignnone size-medium wp-image-56768\" src=\"https:\/\/municipalidadpucon.cl\/wp-content\/uploads\/2025\/10\/3-5-300x225.jpg\" alt=\"\" width=\"300\" height=\"225\" srcset=\"https:\/\/municipalidadpucon.cl\/wp-content\/uploads\/2025\/10\/3-5-200x150.jpg 200w, https:\/\/municipalidadpucon.cl\/wp-content\/uploads\/2025\/10\/3-5-300x225.jpg 300w, https:\/\/municipalidadpucon.cl\/wp-content\/uploads\/2025\/10\/3-5-400x300.jpg 400w, https:\/\/municipalidadpucon.cl\/wp-content\/uploads\/2025\/10\/3-5-600x450.jpg 600w, https:\/\/municipalidadpucon.cl\/wp-content\/uploads\/2025\/10\/3-5-768x576.jpg 768w, https:\/\/municipalidadpucon.cl\/wp-content\/uploads\/2025\/10\/3-5-800x600.jpg 800w, https:\/\/municipalidadpucon.cl\/wp-content\/uploads\/2025\/10\/3-5-1024x768.jpg 1024w, https:\/\/municipalidadpucon.cl\/wp-content\/uploads\/2025\/10\/3-5-1200x900.jpg 1200w, https:\/\/municipalidadpucon.cl\/wp-content\/uploads\/2025\/10\/3-5.jpg 1280w\" sizes=\"(max-width: 300px) 100vw, 300px\" \/><\/p>\n<p>El triste fallecimiento de una menor de 11 a\u00f1os, producto de un atropello de un conductor en estado de ebriedad y bajo los efectos de las drogas, acaba de cumplir un mes, tiempo en el que la administraci\u00f3n municipal intent\u00f3 acelerar gestiones de mejora para la seguridad de peatones en una v\u00eda administrada por el Ministerio de Obras P\u00fablicas (MOP), a trav\u00e9s de Vialidad de La Araucan\u00eda, entidad que -hasta ahora- no ha respondido de manera eficiente a los compromisos pactados con la propia instituci\u00f3n edilicia y un grupo de dirigentes vecinales.<\/p>\n<p>As\u00ed se conoci\u00f3 en la zona lacustre, desde donde el alcalde Sebasti\u00e1n \u00c1lvarez, lament\u00f3 que \u201caqu\u00ed hay muchos a\u00f1os de ausencia, de determinaciones pol\u00edticas, determinaciones que permitan invertir en una red vial adecuada, que resuelva el tema de la comuna de Puc\u00f3n\u201d.<\/p>\n<!--[if lt IE 9]><script>document.createElement('audio');<\/script><![endif]-->\n<audio class=\"wp-audio-shortcode\" id=\"audio-56766-1\" preload=\"none\" style=\"width: 100%;\" controls=\"controls\"><source type=\"audio\/mpeg\" src=\"https:\/\/municipalidadpucon.cl\/wp-content\/uploads\/2025\/10\/Alcalde-Sebastian-Alvarez-reclama-falta-de-inversion-vial-en-la-zona-.mp3?_=1\" \/><a href=\"https:\/\/municipalidadpucon.cl\/wp-content\/uploads\/2025\/10\/Alcalde-Sebastian-Alvarez-reclama-falta-de-inversion-vial-en-la-zona-.mp3\">https:\/\/municipalidadpucon.cl\/wp-content\/uploads\/2025\/10\/Alcalde-Sebastian-Alvarez-reclama-falta-de-inversion-vial-en-la-zona-.mp3<\/a><\/audio>\n<p><strong>PROPUESTAS MUNICIPALES \u00a0<\/strong><\/p>\n<p>A decir de la primera autoridad comunal, su administraci\u00f3n se ha ocupado de presentar a las autoridades \u201cuna propuesta, lo estamos exigiendo, para que se pueda invertir en un plan integral que permita a Puc\u00f3n tener dos cosas importantes: Primero, una mejor red interna de circulaci\u00f3n vial, y lo otro, m\u00e1s v\u00edas de conectividad, porque nosotros somos una ciudad con alto riesgo vulcanol\u00f3gico. No puede ser que tengamos solamente una entrada y salida a la comuna, tenemos, por ejemplo, el camino por la ladera norte\u201d.<\/p>\n<p><img decoding=\"async\" class=\"size-medium wp-image-56770 aligncenter\" src=\"https:\/\/municipalidadpucon.cl\/wp-content\/uploads\/2025\/10\/4-6-300x166.jpg\" alt=\"\" width=\"300\" height=\"166\" srcset=\"https:\/\/municipalidadpucon.cl\/wp-content\/uploads\/2025\/10\/4-6-200x111.jpg 200w, https:\/\/municipalidadpucon.cl\/wp-content\/uploads\/2025\/10\/4-6-300x166.jpg 300w, https:\/\/municipalidadpucon.cl\/wp-content\/uploads\/2025\/10\/4-6-400x221.jpg 400w, https:\/\/municipalidadpucon.cl\/wp-content\/uploads\/2025\/10\/4-6-600x332.jpg 600w, https:\/\/municipalidadpucon.cl\/wp-content\/uploads\/2025\/10\/4-6-768x425.jpg 768w, https:\/\/municipalidadpucon.cl\/wp-content\/uploads\/2025\/10\/4-6-800x443.jpg 800w, https:\/\/municipalidadpucon.cl\/wp-content\/uploads\/2025\/10\/4-6-1024x566.jpg 1024w, https:\/\/municipalidadpucon.cl\/wp-content\/uploads\/2025\/10\/4-6-1200x664.jpg 1200w, https:\/\/municipalidadpucon.cl\/wp-content\/uploads\/2025\/10\/4-6.jpg 1280w\" sizes=\"(max-width: 300px) 100vw, 300px\" \/><\/p>\n<p>Sobre las solicitudes m\u00e1s inmediatas, el Municipio solicit\u00f3 a la entidad vial de La Araucan\u00eda que en, al menos, 11 puntos se puedan realizar labores -a cargo del MOP- de repintado, iluminaci\u00f3n e instalaci\u00f3n tachas, con el objetivo de hacer \u201cm\u00e1s visibles\u201d los pasos peatonales, como el de Quelhue-Padre Pancho (Ruta CH-199), Escuela Carileufu (Ruta S-905), CECOSF Caburgua (Ruta S-905), Escuela Pichares (Ruta S-907), Cruce Turbio Colegio Puc\u00f3n (Ruta CH-199 y S-905), Escuela Paillaco (Ruta S-911), Escuela Palguin (Ruta CH-199), Escuela Santa Rosa (Ruta CH-199), Pasaje Silva, Club de Huasos (Ruta CH-199), Comunidad Ind\u00edgena Mariano Millahual (Ruta S-905) y Puente Luengo (Ruta S-905).<\/p>\n<p><img decoding=\"async\" class=\"alignnone size-medium wp-image-56771\" src=\"https:\/\/municipalidadpucon.cl\/wp-content\/uploads\/2025\/10\/5-5-300x225.jpg\" alt=\"\" width=\"300\" height=\"225\" srcset=\"https:\/\/municipalidadpucon.cl\/wp-content\/uploads\/2025\/10\/5-5-200x150.jpg 200w, https:\/\/municipalidadpucon.cl\/wp-content\/uploads\/2025\/10\/5-5-300x225.jpg 300w, https:\/\/municipalidadpucon.cl\/wp-content\/uploads\/2025\/10\/5-5-400x300.jpg 400w, https:\/\/municipalidadpucon.cl\/wp-content\/uploads\/2025\/10\/5-5-600x450.jpg 600w, https:\/\/municipalidadpucon.cl\/wp-content\/uploads\/2025\/10\/5-5-768x576.jpg 768w, https:\/\/municipalidadpucon.cl\/wp-content\/uploads\/2025\/10\/5-5-800x600.jpg 800w, https:\/\/municipalidadpucon.cl\/wp-content\/uploads\/2025\/10\/5-5-1024x768.jpg 1024w, https:\/\/municipalidadpucon.cl\/wp-content\/uploads\/2025\/10\/5-5-1200x900.jpg 1200w, https:\/\/municipalidadpucon.cl\/wp-content\/uploads\/2025\/10\/5-5.jpg 1280w\" sizes=\"(max-width: 300px) 100vw, 300px\" \/><\/p>\n<p><strong>VISITA EN TERRENO<\/strong><\/p>\n<p>Al respecto, el asesor de Gesti\u00f3n del Riesgo de Desastres (GRD) de la Municipalidad de Puc\u00f3n, Esteban Backit agreg\u00f3 que, en reuniones con Vialidad se \u201cgeneraron una serie de compromisos durante la \u00faltima visita del MOP subrogante (Marcelo Mu\u00f1oz) y con todos sus equipos t\u00e9cnicos. Tomaron una serie de acuerdos, inclusive una de ellas, una visita en terreno, que se cumpli\u00f3 (\u2026) y quedaron de tener una respuesta\u201d.<\/p>\n<audio class=\"wp-audio-shortcode\" id=\"audio-56766-2\" preload=\"none\" style=\"width: 100%;\" controls=\"controls\"><source type=\"audio\/mpeg\" src=\"https:\/\/municipalidadpucon.cl\/wp-content\/uploads\/2025\/10\/Esteban-Backit-labor-realizada-el-ultimo-mes-tras-seniestro-fatal-en-la-via-.mp3?_=2\" \/><a href=\"https:\/\/municipalidadpucon.cl\/wp-content\/uploads\/2025\/10\/Esteban-Backit-labor-realizada-el-ultimo-mes-tras-seniestro-fatal-en-la-via-.mp3\">https:\/\/municipalidadpucon.cl\/wp-content\/uploads\/2025\/10\/Esteban-Backit-labor-realizada-el-ultimo-mes-tras-seniestro-fatal-en-la-via-.mp3<\/a><\/audio>\n<p>Destac\u00f3 el personero que la \u00fanica labor realizada fue \u201cla remarcaci\u00f3n del paso peatonal donde lamentablemente falleci\u00f3 la menor\u201d. No obstante, el funcionario detall\u00f3 que \u201cel compromiso era instalar tachas de color rojo, en t\u00e9rminos de se\u00f1alizaci\u00f3n de seguridad vial, las que tampoco han sido instaladas y tampoco se ha obtenido respuesta de la SEREMI de Obras P\u00fablicas\u201d.<\/p>\n<p>Backit lament\u00f3 que, si bien se remarc\u00f3 el Paso Peatonal de El Claro, \u201cya que en s\u00f3lo d\u00edas el tiempo volvi\u00f3 a estar en las deplorables condiciones en las que se encontraba el d\u00eda del siniestro. As\u00ed que estamos a la espera de tener mayores detalles y antecedentes respecto a los compromisos adquiridos y de la cantidad de solicitudes que hicimos como Municipio\u201d.<\/p>\n<audio class=\"wp-audio-shortcode\" id=\"audio-56766-3\" preload=\"none\" style=\"width: 100%;\" controls=\"controls\"><source type=\"audio\/mpeg\" src=\"https:\/\/municipalidadpucon.cl\/wp-content\/uploads\/2025\/10\/Esteban-Backit-indica-el-no-cumplimiento-de-compromisos-del-MOP-.mp3?_=3\" \/><a href=\"https:\/\/municipalidadpucon.cl\/wp-content\/uploads\/2025\/10\/Esteban-Backit-indica-el-no-cumplimiento-de-compromisos-del-MOP-.mp3\">https:\/\/municipalidadpucon.cl\/wp-content\/uploads\/2025\/10\/Esteban-Backit-indica-el-no-cumplimiento-de-compromisos-del-MOP-.mp3<\/a><\/audio>\n<p><strong>GESTIONES EN OTROS \u00c1MBITOS<\/strong><\/p>\n<p>En el intertanto, la entidad edilicia de Puc\u00f3n sigue realizando gestiones; entre ellas, el haber identificado sectores cr\u00edticos y con maquinaria municipal -que cuenta con GPS- se han pedido autorizaciones para ingresar a caminos en mal estado, debido a la escasa respuesta a tiempo de parte de Vialidad, la que env\u00eda pocos camiones, afectando el mantenimiento en v\u00edas principales y secundarias. De hecho, caminos como Carhuello y acceso al Centro de Esqu\u00ed no recibieron apoyo en invierno, por lo que la Municipalidad gestion\u00f3 recursos propios y fondos externos, como 600 cubos de ripio entregados a Vialidad, sin contar con recargas a otros caminos municipales.<\/p>\n<p>Junto a lo anterior, se definieron proyectos de reparaci\u00f3n y reforzamiento en sectores, como Cuevas Volc\u00e1nicas, Pichares, Llafenco y Los Riscos.<\/p>\n<p>Por \u00faltimo, en lo que a m\u00e1s largo plazo se refiere, se ha presentado al Ejecutivo como parlamentarios la gesti\u00f3n de un Decreto de Excepci\u00f3n, incluyendo participaci\u00f3n de dirigentes y ministros, para facilitar la instalaci\u00f3n de reductores, jardineras y se\u00f1al\u00e9tica en los mencionados puntos cr\u00edticos.<\/p>\n","protected":false},"excerpt":{"rendered":"<p>Cumplido un mes del fatal siniestro que acab\u00f3 con la [&hellip;]<\/p>\n","protected":false},"author":10,"featured_media":56774,"comment_status":"closed","ping_status":"open","sticky":false,"template":"","format":"standard","meta":[],"categories":[98,3],"tags":[],"_links":{"self":[{"href":"https:\/\/municipalidadpucon.cl\/index.php?rest_route=\/wp\/v2\/posts\/56766"}],"collection":[{"href":"https:\/\/municipalidadpucon.cl\/index.php?rest_route=\/wp\/v2\/posts"}],"about":[{"href":"https:\/\/municipalidadpucon.cl\/index.php?rest_route=\/wp\/v2\/types\/post"}],"author":[{"embeddable":true,"href":"https:\/\/municipalidadpucon.cl\/index.php?rest_route=\/wp\/v2\/users\/10"}],"replies":[{"embeddable":true,"href":"https:\/\/municipalidadpucon.cl\/index.php?rest_route=%2Fwp%2Fv2%2Fcomments&post=56766"}],"version-history":[{"count":2,"href":"https:\/\/municipalidadpucon.cl\/index.php?rest_route=\/wp\/v2\/posts\/56766\/revisions"}],"predecessor-version":[{"id":56776,"href":"https:\/\/municipalidadpucon.cl\/index.php?rest_route=\/wp\/v2\/posts\/56766\/revisions\/56776"}],"wp:featuredmedia":[{"embeddable":true,"href":"https:\/\/municipalidadpucon.cl\/index.php?rest_route=\/wp\/v2\/media\/56774"}],"wp:attachment":[{"href":"https:\/\/municipalidadpucon.cl\/index.php?rest_route=%2Fwp%2Fv2%2Fmedia&parent=56766"}],"wp:term":[{"taxonomy":"category","embeddable":true,"href":"https:\/\/municipalidadpucon.cl\/index.php?rest_route=%2Fwp%2Fv2%2Fcategories&post=56766"},{"taxonomy":"post_tag","embeddable":true,"href":"https:\/\/municipalidadpucon.cl\/index.php?rest_route=%2Fwp%2Fv2%2Ftags&post=56766"}],"curies":[{"name":"wp","href":"https:\/\/api.w.org\/{rel}","templated":true}]}}