{"id":56782,"date":"2025-10-21T08:58:58","date_gmt":"2025-10-21T11:58:58","guid":{"rendered":"https:\/\/municipalidadpucon.cl\/?p=56782"},"modified":"2025-10-21T09:11:33","modified_gmt":"2025-10-21T12:11:33","slug":"organizaciones-sociales-de-caburgua-se-vuelven-unir-para-la-temporada-estival","status":"publish","type":"post","link":"https:\/\/municipalidadpucon.cl\/?p=56782","title":{"rendered":"Organizaciones sociales de Caburgua se vuelven a unir para la temporada estival"},"content":{"rendered":"<p><em><strong>En el marco de las acciones con la comunidad, la Municipalidad de Puc\u00f3n hizo coincidir en una reuni\u00f3n de coordinaci\u00f3n a distintas organizaciones vecinales, de comercio, turismo y agrupaciones locales.<\/strong><\/em><\/p>\n<p><img decoding=\"async\" class=\"size-medium wp-image-56783 aligncenter\" src=\"https:\/\/municipalidadpucon.cl\/wp-content\/uploads\/2025\/10\/2-12-300x225.jpeg\" alt=\"\" width=\"300\" height=\"225\" srcset=\"https:\/\/municipalidadpucon.cl\/wp-content\/uploads\/2025\/10\/2-12-200x150.jpeg 200w, https:\/\/municipalidadpucon.cl\/wp-content\/uploads\/2025\/10\/2-12-300x225.jpeg 300w, https:\/\/municipalidadpucon.cl\/wp-content\/uploads\/2025\/10\/2-12-400x300.jpeg 400w, https:\/\/municipalidadpucon.cl\/wp-content\/uploads\/2025\/10\/2-12-600x450.jpeg 600w, https:\/\/municipalidadpucon.cl\/wp-content\/uploads\/2025\/10\/2-12-768x576.jpeg 768w, https:\/\/municipalidadpucon.cl\/wp-content\/uploads\/2025\/10\/2-12-800x600.jpeg 800w, https:\/\/municipalidadpucon.cl\/wp-content\/uploads\/2025\/10\/2-12-1024x768.jpeg 1024w, https:\/\/municipalidadpucon.cl\/wp-content\/uploads\/2025\/10\/2-12-1200x900.jpeg 1200w, https:\/\/municipalidadpucon.cl\/wp-content\/uploads\/2025\/10\/2-12.jpeg 1280w\" sizes=\"(max-width: 300px) 100vw, 300px\" \/><\/p>\n<p>En la Municipalidad de Puc\u00f3n viene desarroll\u00e1ndose un programa junto a la comunidad local, denominada \u201cAlcald\u00eda en Terreno\u201d, instancia que hace algunos d\u00edas tuvo un muy positivo encuentro en la localidad de Caburgua, zona en la que hace algunos a\u00f1os se hab\u00eda perdido la coordinaci\u00f3n de sus actores sociales, los que ahora fueron reunidos por la administraci\u00f3n comunal, por medio de sus representantes territoriales.<\/p>\n<p>De hecho, con presencia de la primera autoridad local, el alcalde de la comuna de Puc\u00f3n Sebasti\u00e1n \u00c1lvarez, junto a directores y encargados de \u00e1rea, se reunieron con representantes de la comunidad, con el objetivo de potenciar los intereses comunes, sobre todo, teniendo como meta m\u00e1s cercana la venidera temporada estival.<\/p>\n<p><strong>RE-UNIDOS<\/strong><\/p>\n<p>\u201cNosotros hemos tenido siempre la disponibilidad de trabajar con Caburga Bajo. De hecho, antes trabaj\u00e1bamos juntos. La C\u00e1mara de Turismo, por lo mismo, qued\u00f3 instalada en el lado de ellos\u201d, destac\u00f3 tras el encuentro V\u00edctor Palma, presidente de la Junta de Vecinos de Caburgua Alto, quien subray\u00f3 que en esta ocasi\u00f3n, como antes, \u201cno ha habido ego\u00edsmo, sino que la gente empez\u00f3 a cambiar no m\u00e1s, pero ahora hemos ido avanzando y por eso le dije a Marisol (Sep\u00falveda, timonel de la Junta de Vecinos de Caburgua Bajo N\u00b06), que sigui\u00e9ramos adelante en los proyectos y las cosas, porque es para la gente y no para nosotros\u201d.<\/p>\n<!--[if lt IE 9]><script>document.createElement('audio');<\/script><![endif]-->\n<audio class=\"wp-audio-shortcode\" id=\"audio-56782-1\" preload=\"none\" style=\"width: 100%;\" controls=\"controls\"><source type=\"audio\/mpeg\" src=\"https:\/\/municipalidadpucon.cl\/wp-content\/uploads\/2025\/10\/Victor-Palma-Pdte-JJVV-Caburgua-Alto-valora-union-.mp3?_=1\" \/><a href=\"https:\/\/municipalidadpucon.cl\/wp-content\/uploads\/2025\/10\/Victor-Palma-Pdte-JJVV-Caburgua-Alto-valora-union-.mp3\">https:\/\/municipalidadpucon.cl\/wp-content\/uploads\/2025\/10\/Victor-Palma-Pdte-JJVV-Caburgua-Alto-valora-union-.mp3<\/a><\/audio>\n<p><img decoding=\"async\" class=\"alignnone size-medium wp-image-56786\" src=\"https:\/\/municipalidadpucon.cl\/wp-content\/uploads\/2025\/10\/3-6-300x169.jpg\" alt=\"\" width=\"300\" height=\"169\" srcset=\"https:\/\/municipalidadpucon.cl\/wp-content\/uploads\/2025\/10\/3-6-200x113.jpg 200w, https:\/\/municipalidadpucon.cl\/wp-content\/uploads\/2025\/10\/3-6-300x169.jpg 300w, https:\/\/municipalidadpucon.cl\/wp-content\/uploads\/2025\/10\/3-6-400x225.jpg 400w, https:\/\/municipalidadpucon.cl\/wp-content\/uploads\/2025\/10\/3-6-600x338.jpg 600w, https:\/\/municipalidadpucon.cl\/wp-content\/uploads\/2025\/10\/3-6-768x432.jpg 768w, https:\/\/municipalidadpucon.cl\/wp-content\/uploads\/2025\/10\/3-6-800x450.jpg 800w, https:\/\/municipalidadpucon.cl\/wp-content\/uploads\/2025\/10\/3-6-1024x576.jpg 1024w, https:\/\/municipalidadpucon.cl\/wp-content\/uploads\/2025\/10\/3-6-1200x675.jpg 1200w, https:\/\/municipalidadpucon.cl\/wp-content\/uploads\/2025\/10\/3-6-scaled.jpg 1300w, https:\/\/municipalidadpucon.cl\/wp-content\/uploads\/2025\/10\/3-6-1536x864.jpg 1536w\" sizes=\"(max-width: 300px) 100vw, 300px\" \/><\/p>\n<p>En el mismo sentido se manifest\u00f3 Marisol Sep\u00falveda, quien indic\u00f3 que \u201cla unidad es fundamental. Haber fusionado la fuerza entre Caburga Bajo y Caburga Alto, m\u00e1s la C\u00e1mara de Comercio en conjunto del Municipio, es fundamental para seguir avanzando, concretar los proyectos, a corto, mediano y largo plazo, para ir completando cosas que est\u00e1n al debe y beneficiar a nuestra comunidad rural\u201d.<\/p>\n<audio class=\"wp-audio-shortcode\" id=\"audio-56782-2\" preload=\"none\" style=\"width: 100%;\" controls=\"controls\"><source type=\"audio\/mpeg\" src=\"https:\/\/municipalidadpucon.cl\/wp-content\/uploads\/2025\/10\/Marisol-Sepulveda-y-Enrique-Galdames-JJVV-6-Caburgua-Bajo-UNION-y-CamaraTurismo.mp3?_=2\" \/><a href=\"https:\/\/municipalidadpucon.cl\/wp-content\/uploads\/2025\/10\/Marisol-Sepulveda-y-Enrique-Galdames-JJVV-6-Caburgua-Bajo-UNION-y-CamaraTurismo.mp3\">https:\/\/municipalidadpucon.cl\/wp-content\/uploads\/2025\/10\/Marisol-Sepulveda-y-Enrique-Galdames-JJVV-6-Caburgua-Bajo-UNION-y-CamaraTurismo.mp3<\/a><\/audio>\n<p><strong>HECHO HIST\u00d3RICO<\/strong><\/p>\n<p>Desde la C\u00e1mara de Turismo y Comercio de Caburgua, Enrique Galdames reconoci\u00f3 sentirse \u201cs\u00faper contento, porque esto es hist\u00f3rico el haber reunido a las dos juntas de vecinos que siempre trabajaban en forma separada. Hoy d\u00eda estamos unidos en pro de Caburgua y todos sus alrededores como un solo ente. Eso es muy importante\u201d.<\/p>\n<p>Mientras, Sandra Lara, presidenta de la Agrupaci\u00f3n Los Ambulantes del balneario precordillerano de La Araucan\u00eda tambi\u00e9n destac\u00f3 que \u201ces muy importante estar bien con los compa\u00f1eros, con los vecinos, y que se haya unido Caburgua Bajo con Caburgua Alto me parece espectacular, para poder ayudar a nuestros vecinos (\u2026) Hab\u00eda mucha gente que no quer\u00eda nada con las juntas de vecinos, pero ahora sali\u00f3 un siete todo, todos bien unidos y todos vamos a poder trabajar tranquilos este a\u00f1o\u201d.<\/p>\n<audio class=\"wp-audio-shortcode\" id=\"audio-56782-3\" preload=\"none\" style=\"width: 100%;\" controls=\"controls\"><source type=\"audio\/mpeg\" src=\"https:\/\/municipalidadpucon.cl\/wp-content\/uploads\/2025\/10\/Sandra-Lara-Pdta-Agrupacion-Los-Ambulantes-valora-union-vecinal-y-comerciantes-.mp3?_=3\" \/><a href=\"https:\/\/municipalidadpucon.cl\/wp-content\/uploads\/2025\/10\/Sandra-Lara-Pdta-Agrupacion-Los-Ambulantes-valora-union-vecinal-y-comerciantes-.mp3\">https:\/\/municipalidadpucon.cl\/wp-content\/uploads\/2025\/10\/Sandra-Lara-Pdta-Agrupacion-Los-Ambulantes-valora-union-vecinal-y-comerciantes-.mp3<\/a><\/audio>\n<p><img decoding=\"async\" class=\"alignnone size-medium wp-image-56788\" src=\"https:\/\/municipalidadpucon.cl\/wp-content\/uploads\/2025\/10\/4-10-300x169.jpeg\" alt=\"\" width=\"300\" height=\"169\" srcset=\"https:\/\/municipalidadpucon.cl\/wp-content\/uploads\/2025\/10\/4-10-200x112.jpeg 200w, https:\/\/municipalidadpucon.cl\/wp-content\/uploads\/2025\/10\/4-10-300x169.jpeg 300w, https:\/\/municipalidadpucon.cl\/wp-content\/uploads\/2025\/10\/4-10-400x225.jpeg 400w, https:\/\/municipalidadpucon.cl\/wp-content\/uploads\/2025\/10\/4-10-600x337.jpeg 600w, https:\/\/municipalidadpucon.cl\/wp-content\/uploads\/2025\/10\/4-10-768x432.jpeg 768w, https:\/\/municipalidadpucon.cl\/wp-content\/uploads\/2025\/10\/4-10-800x450.jpeg 800w, https:\/\/municipalidadpucon.cl\/wp-content\/uploads\/2025\/10\/4-10-1024x576.jpeg 1024w, https:\/\/municipalidadpucon.cl\/wp-content\/uploads\/2025\/10\/4-10-1200x675.jpeg 1200w, https:\/\/municipalidadpucon.cl\/wp-content\/uploads\/2025\/10\/4-10-scaled.jpeg 1300w, https:\/\/municipalidadpucon.cl\/wp-content\/uploads\/2025\/10\/4-10-1536x864.jpeg 1536w\" sizes=\"(max-width: 300px) 100vw, 300px\" \/><\/p>\n<p><strong>INTERVENCI\u00d3N MUNICIPAL<\/strong><\/p>\n<p>Destacando el trabajo de coordinaci\u00f3n, liderado por el alcalde Sebasti\u00e1n \u00c1lvarez y por medio del coordinador territorial del Municipio, Vicente Marticorena, el vicepresidente de la Junta de Vecinos de Caburgua Bajo, Alfonso Quinteros dio las gracias a la intervenci\u00f3n del jefe comunal \u201cy su comitiva, porque aqu\u00ed necesitamos mucho de gestionar cosas que aqu\u00ed antiguamente no se hac\u00edan. Como, por ejemplo, los animalitos en la calle, sin due\u00f1o, obstaculizando veh\u00edculos, peligrando ni\u00f1os tambi\u00e9n, mordidos por ellos, referente a la basura, a los contenedores, que es importante tambi\u00e9n todo eso\u201d, dijo el dirigente vecinal, quien insisti\u00f3 que \u201cqueremos una ciudad limpia, que Caburgua est\u00e9 limpio, y de la Municipalidad no hemos tenido problemas (\u2026) Yo estoy conforme a lo que se ha logrado hasta la fecha\u201d, sentenci\u00f3 Quinteros.<\/p>\n<audio class=\"wp-audio-shortcode\" id=\"audio-56782-4\" preload=\"none\" style=\"width: 100%;\" controls=\"controls\"><source type=\"audio\/mpeg\" src=\"https:\/\/municipalidadpucon.cl\/wp-content\/uploads\/2025\/10\/Alfonso-Quinteros-vicepdte-JJVV-Caburgua-Bajo-agradecimientos-y-problemas-.mp3?_=4\" \/><a href=\"https:\/\/municipalidadpucon.cl\/wp-content\/uploads\/2025\/10\/Alfonso-Quinteros-vicepdte-JJVV-Caburgua-Bajo-agradecimientos-y-problemas-.mp3\">https:\/\/municipalidadpucon.cl\/wp-content\/uploads\/2025\/10\/Alfonso-Quinteros-vicepdte-JJVV-Caburgua-Bajo-agradecimientos-y-problemas-.mp3<\/a><\/audio>\n","protected":false},"excerpt":{"rendered":"<p>En el marco de las acciones con la comunidad, la [&hellip;]<\/p>\n","protected":false},"author":10,"featured_media":56790,"comment_status":"closed","ping_status":"open","sticky":false,"template":"","format":"standard","meta":[],"categories":[3],"tags":[],"_links":{"self":[{"href":"https:\/\/municipalidadpucon.cl\/index.php?rest_route=\/wp\/v2\/posts\/56782"}],"collection":[{"href":"https:\/\/municipalidadpucon.cl\/index.php?rest_route=\/wp\/v2\/posts"}],"about":[{"href":"https:\/\/municipalidadpucon.cl\/index.php?rest_route=\/wp\/v2\/types\/post"}],"author":[{"embeddable":true,"href":"https:\/\/municipalidadpucon.cl\/index.php?rest_route=\/wp\/v2\/users\/10"}],"replies":[{"embeddable":true,"href":"https:\/\/municipalidadpucon.cl\/index.php?rest_route=%2Fwp%2Fv2%2Fcomments&post=56782"}],"version-history":[{"count":2,"href":"https:\/\/municipalidadpucon.cl\/index.php?rest_route=\/wp\/v2\/posts\/56782\/revisions"}],"predecessor-version":[{"id":56792,"href":"https:\/\/municipalidadpucon.cl\/index.php?rest_route=\/wp\/v2\/posts\/56782\/revisions\/56792"}],"wp:featuredmedia":[{"embeddable":true,"href":"https:\/\/municipalidadpucon.cl\/index.php?rest_route=\/wp\/v2\/media\/56790"}],"wp:attachment":[{"href":"https:\/\/municipalidadpucon.cl\/index.php?rest_route=%2Fwp%2Fv2%2Fmedia&parent=56782"}],"wp:term":[{"taxonomy":"category","embeddable":true,"href":"https:\/\/municipalidadpucon.cl\/index.php?rest_route=%2Fwp%2Fv2%2Fcategories&post=56782"},{"taxonomy":"post_tag","embeddable":true,"href":"https:\/\/municipalidadpucon.cl\/index.php?rest_route=%2Fwp%2Fv2%2Ftags&post=56782"}],"curies":[{"name":"wp","href":"https:\/\/api.w.org\/{rel}","templated":true}]}}