{"id":56793,"date":"2025-10-21T13:37:32","date_gmt":"2025-10-21T16:37:32","guid":{"rendered":"https:\/\/municipalidadpucon.cl\/?p=56793"},"modified":"2025-10-21T13:37:32","modified_gmt":"2025-10-21T16:37:32","slug":"se-impulsa-el-reordenamiento-de-terrazas-en-el-centro-de-la-comuna","status":"publish","type":"post","link":"https:\/\/municipalidadpucon.cl\/?p=56793","title":{"rendered":"Se impulsa el reordenamiento de terrazas en el centro de la comuna"},"content":{"rendered":"<p><em><strong>La Municipalidad lacustre, por medio del Departamento de Rentas y Patentes, ha venido coordinando acciones con locatarios y contribuyentes, con el objetivo de mantener la siempre atractiva imagen tur\u00edstica de la ciudad. \u00a0<\/strong><\/em><\/p>\n<p><img decoding=\"async\" class=\"size-medium wp-image-56794 aligncenter\" src=\"https:\/\/municipalidadpucon.cl\/wp-content\/uploads\/2025\/10\/2-10-300x169.jpg\" alt=\"\" width=\"300\" height=\"169\" srcset=\"https:\/\/municipalidadpucon.cl\/wp-content\/uploads\/2025\/10\/2-10-200x113.jpg 200w, https:\/\/municipalidadpucon.cl\/wp-content\/uploads\/2025\/10\/2-10-300x169.jpg 300w, https:\/\/municipalidadpucon.cl\/wp-content\/uploads\/2025\/10\/2-10-400x225.jpg 400w, https:\/\/municipalidadpucon.cl\/wp-content\/uploads\/2025\/10\/2-10-600x338.jpg 600w, https:\/\/municipalidadpucon.cl\/wp-content\/uploads\/2025\/10\/2-10-768x432.jpg 768w, https:\/\/municipalidadpucon.cl\/wp-content\/uploads\/2025\/10\/2-10-800x450.jpg 800w, https:\/\/municipalidadpucon.cl\/wp-content\/uploads\/2025\/10\/2-10-1024x576.jpg 1024w, https:\/\/municipalidadpucon.cl\/wp-content\/uploads\/2025\/10\/2-10-1200x675.jpg 1200w, https:\/\/municipalidadpucon.cl\/wp-content\/uploads\/2025\/10\/2-10-scaled.jpg 1300w, https:\/\/municipalidadpucon.cl\/wp-content\/uploads\/2025\/10\/2-10-1536x864.jpg 1536w\" sizes=\"(max-width: 300px) 100vw, 300px\" \/><\/p>\n<p>La Municipalidad de Puc\u00f3n, a trav\u00e9s del Departamento de Rentas y Patentes, ha venido avanzando con determinaci\u00f3n en el reordenamiento de las terrazas de la zona c\u00e9ntrica de la urbe lacustre, gracias a una Ordenanza -socializada con vecinos y respaldada por los concejales-, la que regula el metraje, distancias y dise\u00f1o.<\/p>\n<p>Para lo anterior, se han realizado catastros y di\u00e1logos con restaurantes con el fin de adaptar sus espacios, de forma voluntaria y amigable, en especial para turistas y vecinos.<\/p>\n<p><strong>DI\u00c1LOGO<\/strong><\/p>\n<p>\u201cHemos estado haciendo un catastro, hemos estado en conversaciones con los gremios tambi\u00e9n y con cada uno de los contribuyentes pidi\u00e9ndole la colaboraci\u00f3n para que tambi\u00e9n nos permitan ordenar y cumplir la Ordenanza\u201d, explic\u00f3 el coordinador de Rentas y Patentes, Jarol Fuchslocher, quien agreg\u00f3 que \u201choy existe un dise\u00f1o tipo para que las personas tambi\u00e9n se puedan adecuar a este tipo de etapas. En palabras simples, estamos pidi\u00e9ndole a los contribuyentes que cumplan la normativa\u201d.<\/p>\n<!--[if lt IE 9]><script>document.createElement('audio');<\/script><![endif]-->\n<audio class=\"wp-audio-shortcode\" id=\"audio-56793-1\" preload=\"none\" style=\"width: 100%;\" controls=\"controls\"><source type=\"audio\/mpeg\" src=\"https:\/\/municipalidadpucon.cl\/wp-content\/uploads\/2025\/10\/Jarol-Fuchslocher-trabajos-realizados-por-el-Municipio-.mp3?_=1\" \/><a href=\"https:\/\/municipalidadpucon.cl\/wp-content\/uploads\/2025\/10\/Jarol-Fuchslocher-trabajos-realizados-por-el-Municipio-.mp3\">https:\/\/municipalidadpucon.cl\/wp-content\/uploads\/2025\/10\/Jarol-Fuchslocher-trabajos-realizados-por-el-Municipio-.mp3<\/a><\/audio>\n<p>En el mismo sentido se manifest\u00f3 el alcalde de la comuna, Sebasti\u00e1n \u00c1lvarez, quien destac\u00f3 la labor que se viene desarrollando en la entidad edilicia, \u201cporque en Puc\u00f3n somos una ciudad tur\u00edstica que requiere estar ordenada y, lo m\u00e1s importante, con lugares c\u00f3modos para turistas y en especial tambi\u00e9n para nuestros vecinos que a diario circulan por nuestro centro comercial\u201d.<\/p>\n<p><img decoding=\"async\" class=\"alignnone size-medium wp-image-56796\" src=\"https:\/\/municipalidadpucon.cl\/wp-content\/uploads\/2025\/10\/3-7-300x169.jpg\" alt=\"\" width=\"300\" height=\"169\" srcset=\"https:\/\/municipalidadpucon.cl\/wp-content\/uploads\/2025\/10\/3-7-200x113.jpg 200w, https:\/\/municipalidadpucon.cl\/wp-content\/uploads\/2025\/10\/3-7-300x169.jpg 300w, https:\/\/municipalidadpucon.cl\/wp-content\/uploads\/2025\/10\/3-7-400x225.jpg 400w, https:\/\/municipalidadpucon.cl\/wp-content\/uploads\/2025\/10\/3-7-600x338.jpg 600w, https:\/\/municipalidadpucon.cl\/wp-content\/uploads\/2025\/10\/3-7-768x432.jpg 768w, https:\/\/municipalidadpucon.cl\/wp-content\/uploads\/2025\/10\/3-7-800x450.jpg 800w, https:\/\/municipalidadpucon.cl\/wp-content\/uploads\/2025\/10\/3-7-1024x576.jpg 1024w, https:\/\/municipalidadpucon.cl\/wp-content\/uploads\/2025\/10\/3-7-1200x675.jpg 1200w, https:\/\/municipalidadpucon.cl\/wp-content\/uploads\/2025\/10\/3-7-scaled.jpg 1300w, https:\/\/municipalidadpucon.cl\/wp-content\/uploads\/2025\/10\/3-7-1536x864.jpg 1536w\" sizes=\"(max-width: 300px) 100vw, 300px\" \/><\/p>\n<p><strong>EXIGENCIAS<\/strong><\/p>\n<p>En cuanto al contenido de la Ordenanza Municipal, que establece lineamientos en este tipo de construcciones en espacios p\u00fablicos, el encargado de Rentas y Patentes explic\u00f3 que \u201ces una ordenanza que indica la cantidad de metraje, la distancia que tienen que haber desde las aceras peatonales y las veredas, por ejemplo. Entonces, las conversaciones que hemos tenido, principalmente con el comercio de los restaurantes, es que tengamos un espacio amigable para el turista\u201d.<\/p>\n<audio class=\"wp-audio-shortcode\" id=\"audio-56793-2\" preload=\"none\" style=\"width: 100%;\" controls=\"controls\"><source type=\"audio\/mpeg\" src=\"https:\/\/municipalidadpucon.cl\/wp-content\/uploads\/2025\/10\/Jarol-Fuchslocher-coordinador-RentasPatentes-Muni-Pucon-y-Ordenanza-.mp3?_=2\" \/><a href=\"https:\/\/municipalidadpucon.cl\/wp-content\/uploads\/2025\/10\/Jarol-Fuchslocher-coordinador-RentasPatentes-Muni-Pucon-y-Ordenanza-.mp3\">https:\/\/municipalidadpucon.cl\/wp-content\/uploads\/2025\/10\/Jarol-Fuchslocher-coordinador-RentasPatentes-Muni-Pucon-y-Ordenanza-.mp3<\/a><\/audio>\n<p>Estas acciones han llevado a que algunas terrazas, que se encontraban en situaci\u00f3n irregular, ya se hayan desarmado. \u201cAlgunos contribuyentes, de forma voluntaria, eso hay que decirlo, y en conversaci\u00f3n con el Municipio, est\u00e1n desarmando sus terrazas, porque el objetivo de ellos es cumplir con la normativa, ajust\u00e1ndose a la Ordenanza\u201d, explic\u00f3 Fuchslocher, quien subray\u00f3 que estas coordinadas acciones sirven de ejemplo \u201cpara los dem\u00e1s contribuyentes que mantienen observaciones en sus terrazas y tambi\u00e9n a futuros contribuyentes que van a tener que construir algunas terrazas si es de su inter\u00e9s\u201d.<\/p>\n<audio class=\"wp-audio-shortcode\" id=\"audio-56793-3\" preload=\"none\" style=\"width: 100%;\" controls=\"controls\"><source type=\"audio\/mpeg\" src=\"https:\/\/municipalidadpucon.cl\/wp-content\/uploads\/2025\/10\/Jarol-Fuchslocher-sobre-el-desarme-de-terrazas-irregulares-.mp3?_=3\" \/><a href=\"https:\/\/municipalidadpucon.cl\/wp-content\/uploads\/2025\/10\/Jarol-Fuchslocher-sobre-el-desarme-de-terrazas-irregulares-.mp3\">https:\/\/municipalidadpucon.cl\/wp-content\/uploads\/2025\/10\/Jarol-Fuchslocher-sobre-el-desarme-de-terrazas-irregulares-.mp3<\/a><\/audio>\n<p><strong>COSTOS<\/strong><\/p>\n<p>En este punto, tambi\u00e9n la Ordenanza Municipal aborda que el costo de utilizaci\u00f3n privada del espacio p\u00fablico, para estos casos, tiene un valor de 0,45 UTM por metro cuadrado. \u201cEntonces, va a depender de la cantidad de metros que tenga cada una de las terrazas o de la ocupaci\u00f3n del bien nacional de uso p\u00fablico\u201d, sentenci\u00f3 el encargado de Rentas y Patentes de la comuna Centro del Sur de Chile.<\/p>\n","protected":false},"excerpt":{"rendered":"<p>La Municipalidad lacustre, por medio del Departamento de Rentas y [&hellip;]<\/p>\n","protected":false},"author":10,"featured_media":56799,"comment_status":"closed","ping_status":"open","sticky":false,"template":"","format":"standard","meta":[],"categories":[98,3],"tags":[],"_links":{"self":[{"href":"https:\/\/municipalidadpucon.cl\/index.php?rest_route=\/wp\/v2\/posts\/56793"}],"collection":[{"href":"https:\/\/municipalidadpucon.cl\/index.php?rest_route=\/wp\/v2\/posts"}],"about":[{"href":"https:\/\/municipalidadpucon.cl\/index.php?rest_route=\/wp\/v2\/types\/post"}],"author":[{"embeddable":true,"href":"https:\/\/municipalidadpucon.cl\/index.php?rest_route=\/wp\/v2\/users\/10"}],"replies":[{"embeddable":true,"href":"https:\/\/municipalidadpucon.cl\/index.php?rest_route=%2Fwp%2Fv2%2Fcomments&post=56793"}],"version-history":[{"count":1,"href":"https:\/\/municipalidadpucon.cl\/index.php?rest_route=\/wp\/v2\/posts\/56793\/revisions"}],"predecessor-version":[{"id":56800,"href":"https:\/\/municipalidadpucon.cl\/index.php?rest_route=\/wp\/v2\/posts\/56793\/revisions\/56800"}],"wp:featuredmedia":[{"embeddable":true,"href":"https:\/\/municipalidadpucon.cl\/index.php?rest_route=\/wp\/v2\/media\/56799"}],"wp:attachment":[{"href":"https:\/\/municipalidadpucon.cl\/index.php?rest_route=%2Fwp%2Fv2%2Fmedia&parent=56793"}],"wp:term":[{"taxonomy":"category","embeddable":true,"href":"https:\/\/municipalidadpucon.cl\/index.php?rest_route=%2Fwp%2Fv2%2Fcategories&post=56793"},{"taxonomy":"post_tag","embeddable":true,"href":"https:\/\/municipalidadpucon.cl\/index.php?rest_route=%2Fwp%2Fv2%2Ftags&post=56793"}],"curies":[{"name":"wp","href":"https:\/\/api.w.org\/{rel}","templated":true}]}}