{"id":56817,"date":"2025-10-22T12:51:35","date_gmt":"2025-10-22T15:51:35","guid":{"rendered":"https:\/\/municipalidadpucon.cl\/?p=56817"},"modified":"2025-10-23T15:12:41","modified_gmt":"2025-10-23T18:12:41","slug":"se-aprobo-ordenanza-de-parquimetros-con-beneficios-al-residente-de-pucon","status":"publish","type":"post","link":"https:\/\/municipalidadpucon.cl\/?p=56817","title":{"rendered":"Se aprob\u00f3 Ordenanza de Parqu\u00edmetros con beneficios al residente de Puc\u00f3n"},"content":{"rendered":"<p><em><strong>El Concejo Municipal dio \u201cluz verde\u201d a esta normativa que permitir\u00e1 la tecnologizaci\u00f3n y mayor control del sistema, el que traer\u00e1 aparejada una zonificaci\u00f3n, mejor atenci\u00f3n a adultos mayores y discapacitados y cobro \u201ccero\u201d, en temporada baja, para los vecinos de la comuna.<\/strong><\/em><\/p>\n<p><img decoding=\"async\" class=\"size-medium wp-image-56818 aligncenter\" src=\"https:\/\/municipalidadpucon.cl\/wp-content\/uploads\/2025\/10\/2-11-300x138.jpg\" alt=\"\" width=\"300\" height=\"138\" srcset=\"https:\/\/municipalidadpucon.cl\/wp-content\/uploads\/2025\/10\/2-11-200x92.jpg 200w, https:\/\/municipalidadpucon.cl\/wp-content\/uploads\/2025\/10\/2-11-300x138.jpg 300w, https:\/\/municipalidadpucon.cl\/wp-content\/uploads\/2025\/10\/2-11-400x184.jpg 400w, https:\/\/municipalidadpucon.cl\/wp-content\/uploads\/2025\/10\/2-11-600x276.jpg 600w, https:\/\/municipalidadpucon.cl\/wp-content\/uploads\/2025\/10\/2-11-768x353.jpg 768w, https:\/\/municipalidadpucon.cl\/wp-content\/uploads\/2025\/10\/2-11-800x368.jpg 800w, https:\/\/municipalidadpucon.cl\/wp-content\/uploads\/2025\/10\/2-11-1024x471.jpg 1024w, https:\/\/municipalidadpucon.cl\/wp-content\/uploads\/2025\/10\/2-11-1200x552.jpg 1200w, https:\/\/municipalidadpucon.cl\/wp-content\/uploads\/2025\/10\/2-11.jpg 1280w\" sizes=\"(max-width: 300px) 100vw, 300px\" \/><\/p>\n<p>Por primera vez en la comuna de Puc\u00f3n se est\u00e1 avanzando hacia un sistema innovador y tecnol\u00f3gico de estacionamientos -o parqu\u00edmetros-, el que beneficiar\u00e1 a sus residentes gracias a una tarifa diferenciada para ellos, una zonificaci\u00f3n que categorice un mayor cobro en el per\u00edmetro c\u00e9ntrico, proyecto el cual fue aprobado por el Concejo Municipal a trav\u00e9s de la reciente aprobaci\u00f3n, por mayor\u00eda, de la Ordenanza de Estacionamientos Puc\u00f3n 2025.<\/p>\n<p>En lo espec\u00edfico, esta aprobaci\u00f3n de normativa es el primer paso que se da para el siguiente proceso que ser\u00e1 la redacci\u00f3n de bases de licitaci\u00f3n y luego la implementaci\u00f3n de la concesi\u00f3n de estacionamientos.<\/p>\n<p><strong>MEJORA TECNOL\u00d3GICA Y EFICIENTE<\/strong><\/p>\n<p>Sobre el avance tecnol\u00f3gico que se desea aplicar en las calles puconinas, el alcalde Sebasti\u00e1n \u00c1lvarez valor\u00f3 que \u201csiempre la innovaci\u00f3n tecnol\u00f3gica trae un poquito de incertidumbre, de dudas c\u00f3mo funcionar\u00e1, pero lo hemos visto en otras comunas que funciona muy bien. Nosotros como comuna de Puc\u00f3n no nos podemos quedar atr\u00e1s y por eso estamos implementando un nuevo sistema de parqu\u00edmetros que va a traer importantes beneficios para los residentes\u201d.<\/p>\n<!--[if lt IE 9]><script>document.createElement('audio');<\/script><![endif]-->\n<audio class=\"wp-audio-shortcode\" id=\"audio-56817-1\" preload=\"none\" style=\"width: 100%;\" controls=\"controls\"><source type=\"audio\/mpeg\" src=\"https:\/\/municipalidadpucon.cl\/wp-content\/uploads\/2025\/10\/Alcalde-Sebastian-Alvarez-detalla-en-el-cambio-tecnologico-de-parquimetros-.mp3?_=1\" \/><a href=\"https:\/\/municipalidadpucon.cl\/wp-content\/uploads\/2025\/10\/Alcalde-Sebastian-Alvarez-detalla-en-el-cambio-tecnologico-de-parquimetros-.mp3\">https:\/\/municipalidadpucon.cl\/wp-content\/uploads\/2025\/10\/Alcalde-Sebastian-Alvarez-detalla-en-el-cambio-tecnologico-de-parquimetros-.mp3<\/a><\/audio>\n<p>La primera autoridad recalc\u00f3 que esta gesti\u00f3n \u201ces un paso decisivo para acercar la gesti\u00f3n p\u00fablica a las necesidades reales de la gente y la tarifa diferenciada para residentes se presenta como una muestra clara de que quienes viven y trabajan en Puc\u00f3n merecen un tratamiento justo y responsable en el uso del espacio p\u00fablico\u201d.<\/p>\n<p>El proyecto propone que quienes paguen su permiso de circulaci\u00f3n en la comuna reciban un trato preferencial, as\u00ed como adultos mayores y personas en situaci\u00f3n de discapacidad. \u201cSe fijar\u00e1 una tarifa distinta, que viene a definir la preferencia a grupos especiales, como adultos mayores o discapacidad\u201d, confirm\u00f3 el concejal y presidente de la Comisi\u00f3n de Fomento y Turismo, Julio Inzunza, quien agreg\u00f3 que la Ordenanza de Estacionamientos reci\u00e9n aprobada \u201cviene tambi\u00e9n a regular el tema del horario y espacios de manera mucho m\u00e1s transparente para todos. No obstante, tambi\u00e9n deja espacios al comercio, donde los adultos mayores pueden ir a hacer su pago con la tarjeta de Cuenta RUT o con efectivo tambi\u00e9n, que es una posibilidad para aquellos que le es m\u00e1s m\u00e1s dif\u00edcil usar la tecnolog\u00eda\u201d.<\/p>\n<audio class=\"wp-audio-shortcode\" id=\"audio-56817-2\" preload=\"none\" style=\"width: 100%;\" controls=\"controls\"><source type=\"audio\/mpeg\" src=\"https:\/\/municipalidadpucon.cl\/wp-content\/uploads\/2025\/10\/Julio-Inzunza-sobre-Ordenanza-y-preferencias-a-grupos-especificos.mp3?_=2\" \/><a href=\"https:\/\/municipalidadpucon.cl\/wp-content\/uploads\/2025\/10\/Julio-Inzunza-sobre-Ordenanza-y-preferencias-a-grupos-especificos.mp3\">https:\/\/municipalidadpucon.cl\/wp-content\/uploads\/2025\/10\/Julio-Inzunza-sobre-Ordenanza-y-preferencias-a-grupos-especificos.mp3<\/a><\/audio>\n<p><img decoding=\"async\" class=\"alignnone size-medium wp-image-56821\" src=\"https:\/\/municipalidadpucon.cl\/wp-content\/uploads\/2025\/10\/3-8-300x138.jpg\" alt=\"\" width=\"300\" height=\"138\" srcset=\"https:\/\/municipalidadpucon.cl\/wp-content\/uploads\/2025\/10\/3-8-200x92.jpg 200w, https:\/\/municipalidadpucon.cl\/wp-content\/uploads\/2025\/10\/3-8-300x138.jpg 300w, https:\/\/municipalidadpucon.cl\/wp-content\/uploads\/2025\/10\/3-8-400x184.jpg 400w, https:\/\/municipalidadpucon.cl\/wp-content\/uploads\/2025\/10\/3-8-600x276.jpg 600w, https:\/\/municipalidadpucon.cl\/wp-content\/uploads\/2025\/10\/3-8-768x353.jpg 768w, https:\/\/municipalidadpucon.cl\/wp-content\/uploads\/2025\/10\/3-8-800x368.jpg 800w, https:\/\/municipalidadpucon.cl\/wp-content\/uploads\/2025\/10\/3-8-1024x471.jpg 1024w, https:\/\/municipalidadpucon.cl\/wp-content\/uploads\/2025\/10\/3-8-1200x552.jpg 1200w, https:\/\/municipalidadpucon.cl\/wp-content\/uploads\/2025\/10\/3-8.jpg 1280w\" sizes=\"(max-width: 300px) 100vw, 300px\" \/><\/p>\n<p><strong>HITO COMUNAL<\/strong><\/p>\n<p>Para el jefe comunal Sebasti\u00e1n \u00c1lvarez, este hito para la zona precordillerana de La Araucan\u00eda \u201ces una muestra del compromiso del Municipio con la gente y la convivencia urbana, poniendo al servicio de la comunidad una herramienta que busca ordenar el uso del espacio p\u00fablico y mejorar la movilidad en la ciudad\u201d.<\/p>\n<p>Este marco normativo local establece que el sistema de parqu\u00edmetros operar\u00e1 en horarios que ir\u00edan de 11 a 23:59 y de 0:00 a 5 en zonas categorizadas, seg\u00fan cercan\u00eda o lejan\u00eda del borde lacustre y el centro, horarios -en todo caso- que podr\u00e1n ser ajustados conforme a las necesidades y evaluaciones previas que se hagan en la redacci\u00f3n de las Bases de Licitaci\u00f3n y, una vez implementado el proyecto, con evaluaciones peri\u00f3dicas. Adem\u00e1s, se define una diferenciaci\u00f3n entre temporada alta y temporada baja, con tarifas variables, con el fin de adaptar la oferta a la demanda tur\u00edstica y comercial de la urbe.<\/p>\n<p>Este marco legal tambi\u00e9n permite descuentos o gratuidades para residentes y otros colectivos, estableciendo -adem\u00e1s- la posibilidad de sanciones por infracciones, as\u00ed como la inmovilizaci\u00f3n de veh\u00edculos, cuando corresponda, fortaleciendo as\u00ed la fiscalizaci\u00f3n y la m\u00e1s eficiente recaudaci\u00f3n de recursos para las arcas p\u00fablicas que permitan la concreci\u00f3n de proyectos sociales a los habitantes de la zona.<\/p>\n<p><strong>LIBERACI\u00d3N DE COBROS<\/strong><\/p>\n<p>Sobre la trascendencia de esta Ordenanza, el concejal Inzunza record\u00f3 que hace muchos a\u00f1os viene cobr\u00e1ndose por estacionar en Puc\u00f3n en \u00e9poca veraniega, pero esa era una \u201cmodalidad que se hac\u00eda con cobradores humanos. Por eso, la Municipalidad ha querido avanzar en esto y ha presentado una propuesta, esta Ordenanza de Parqu\u00edmetros, que viene a hacer un cobro digital, donde los vecinos van a poder pagar a trav\u00e9s de una aplicaci\u00f3n el derecho de estacionamiento\u201d.<\/p>\n<audio class=\"wp-audio-shortcode\" id=\"audio-56817-3\" preload=\"none\" style=\"width: 100%;\" controls=\"controls\"><source type=\"audio\/mpeg\" src=\"https:\/\/municipalidadpucon.cl\/wp-content\/uploads\/2025\/10\/Julio-Inzunza-concejal-Pdte-Comision-Fomento-y-Turismo-sobre-Ordenanza-de-Parquimetros-1-1.mp3?_=3\" \/><a href=\"https:\/\/municipalidadpucon.cl\/wp-content\/uploads\/2025\/10\/Julio-Inzunza-concejal-Pdte-Comision-Fomento-y-Turismo-sobre-Ordenanza-de-Parquimetros-1-1.mp3\">https:\/\/municipalidadpucon.cl\/wp-content\/uploads\/2025\/10\/Julio-Inzunza-concejal-Pdte-Comision-Fomento-y-Turismo-sobre-Ordenanza-de-Parquimetros-1-1.mp3<\/a><\/audio>\n<p>En la propuesta se plantea el cobro durante todo el a\u00f1o \u201cs\u00f3lo a los que no son de Puc\u00f3n, porque los residentes van a quedar liberados del pago de parqu\u00edmetros entre diciembre y marzo\u201d, redonde\u00f3 el edil.<\/p>\n<p>Se aclar\u00f3, desde la Unidad de Orden Territorial del Municipio, que habr\u00e1 una marcha blanca en diciembre, con el fin de probar el sistema, recoger observaciones de la comunidad y as\u00ed realizar ajustes necesarios antes de la operaci\u00f3n definitiva, prevista para la primera semana de enero de 2026, momento en el que se prev\u00e9 la capacitaci\u00f3n de operadores, habilit\u00e1ndose canales de informaci\u00f3n para que los ciudadanos entiendan el funcionamiento de este nuevo servicio el que est\u00e1 sujeta a adecuaciones conforme avancen las etapas t\u00e9cnicas y administrativas del proyecto que, al menos hoy, ya tiene un marco normativo, con esta aprobaci\u00f3n de la Ordenanza de Estacionamiento Puc\u00f3n 2025.<\/p>\n","protected":false},"excerpt":{"rendered":"<p>El Concejo Municipal dio \u201cluz verde\u201d a esta normativa que [&hellip;]<\/p>\n","protected":false},"author":10,"featured_media":56823,"comment_status":"closed","ping_status":"open","sticky":false,"template":"","format":"standard","meta":[],"categories":[98,3],"tags":[],"_links":{"self":[{"href":"https:\/\/municipalidadpucon.cl\/index.php?rest_route=\/wp\/v2\/posts\/56817"}],"collection":[{"href":"https:\/\/municipalidadpucon.cl\/index.php?rest_route=\/wp\/v2\/posts"}],"about":[{"href":"https:\/\/municipalidadpucon.cl\/index.php?rest_route=\/wp\/v2\/types\/post"}],"author":[{"embeddable":true,"href":"https:\/\/municipalidadpucon.cl\/index.php?rest_route=\/wp\/v2\/users\/10"}],"replies":[{"embeddable":true,"href":"https:\/\/municipalidadpucon.cl\/index.php?rest_route=%2Fwp%2Fv2%2Fcomments&post=56817"}],"version-history":[{"count":4,"href":"https:\/\/municipalidadpucon.cl\/index.php?rest_route=\/wp\/v2\/posts\/56817\/revisions"}],"predecessor-version":[{"id":56839,"href":"https:\/\/municipalidadpucon.cl\/index.php?rest_route=\/wp\/v2\/posts\/56817\/revisions\/56839"}],"wp:featuredmedia":[{"embeddable":true,"href":"https:\/\/municipalidadpucon.cl\/index.php?rest_route=\/wp\/v2\/media\/56823"}],"wp:attachment":[{"href":"https:\/\/municipalidadpucon.cl\/index.php?rest_route=%2Fwp%2Fv2%2Fmedia&parent=56817"}],"wp:term":[{"taxonomy":"category","embeddable":true,"href":"https:\/\/municipalidadpucon.cl\/index.php?rest_route=%2Fwp%2Fv2%2Fcategories&post=56817"},{"taxonomy":"post_tag","embeddable":true,"href":"https:\/\/municipalidadpucon.cl\/index.php?rest_route=%2Fwp%2Fv2%2Ftags&post=56817"}],"curies":[{"name":"wp","href":"https:\/\/api.w.org\/{rel}","templated":true}]}}