{"id":56826,"date":"2025-10-23T09:47:02","date_gmt":"2025-10-23T12:47:02","guid":{"rendered":"https:\/\/municipalidadpucon.cl\/?p=56826"},"modified":"2025-10-23T13:17:05","modified_gmt":"2025-10-23T16:17:05","slug":"pucon-sera-sede-de-encuentro-abierto-de-promocion-apicola-para-la-zona-lacustre","status":"publish","type":"post","link":"https:\/\/municipalidadpucon.cl\/?p=56826","title":{"rendered":"Puc\u00f3n ser\u00e1 sede de encuentro abierto de promoci\u00f3n ap\u00edcola para la zona lacustre"},"content":{"rendered":"<p><em><strong>Este s\u00e1bado se desarrollar\u00e1 el gratuito XII Seminario, evento que reunir\u00e1 a productores de Villarrica y tambi\u00e9n Curarrehue en el CEDIAM puconino, entre las 9.30 y 14 horas, incluyendo un abierto conversatorio.<\/strong><\/em><\/p>\n<p>Su duod\u00e9cima versi\u00f3n tendr\u00e1 este s\u00e1bado 25 de octubre, a partir de las 9.30 horas en el CEDIAM de la ciudad de Puc\u00f3n, el Seminario Ap\u00edcola 2025, evento gratuito, abierto a la comunidad y tambi\u00e9n a productores de abejas, el cual organiza el Comit\u00e9 Ap\u00edcola de Puc\u00f3n y en el que adem\u00e1s est\u00e1n invitados vecinos y vecinas de la urbe lacustre; adem\u00e1s de Villarrica y Curarrehue.<\/p>\n<p>La actividad cuenta con el patrocinio de la Municipalidad de Puc\u00f3n, desde donde se valora este certamen, debido a que se considera como una forma promocionar la diversificaci\u00f3n productiva para el sector precordillerano de La Araucan\u00eda.<\/p>\n<div id=\"attachment_56827\" style=\"width: 310px\" class=\"wp-caption alignnone\"><img aria-describedby=\"caption-attachment-56827\" decoding=\"async\" class=\"size-medium wp-image-56827\" src=\"https:\/\/municipalidadpucon.cl\/wp-content\/uploads\/2025\/10\/2-12-300x200.jpg\" alt=\"\" width=\"300\" height=\"200\" srcset=\"https:\/\/municipalidadpucon.cl\/wp-content\/uploads\/2025\/10\/2-12-200x133.jpg 200w, https:\/\/municipalidadpucon.cl\/wp-content\/uploads\/2025\/10\/2-12-300x200.jpg 300w, https:\/\/municipalidadpucon.cl\/wp-content\/uploads\/2025\/10\/2-12-400x267.jpg 400w, https:\/\/municipalidadpucon.cl\/wp-content\/uploads\/2025\/10\/2-12-600x400.jpg 600w, https:\/\/municipalidadpucon.cl\/wp-content\/uploads\/2025\/10\/2-12-768x512.jpg 768w, https:\/\/municipalidadpucon.cl\/wp-content\/uploads\/2025\/10\/2-12-800x533.jpg 800w, https:\/\/municipalidadpucon.cl\/wp-content\/uploads\/2025\/10\/2-12-1024x683.jpg 1024w, https:\/\/municipalidadpucon.cl\/wp-content\/uploads\/2025\/10\/2-12-1200x800.jpg 1200w, https:\/\/municipalidadpucon.cl\/wp-content\/uploads\/2025\/10\/2-12-scaled.jpg 1300w, https:\/\/municipalidadpucon.cl\/wp-content\/uploads\/2025\/10\/2-12-1536x1024.jpg 1536w\" sizes=\"(max-width: 300px) 100vw, 300px\" \/><p id=\"caption-attachment-56827\" class=\"wp-caption-text\"><strong style=\"font-size: 16px\">M\u00c1S QUE TURISMO<\/strong><\/p><\/div>\n<p>As\u00ed lo explic\u00f3 el director de la Secretar\u00eda Comunal de Planificaci\u00f3n (SECPLAC), Alexis Figueroa. \u201cNo es un misterio que nuestra principal fuente econ\u00f3mica en la comuna es el turismo; sin embargo, tambi\u00e9n tenemos que ir mirando otras alternativas que nos permitan ir complementando\u201d, indic\u00f3 el personero, quien detall\u00f3 que \u201cestamos cien por ciento seguros de que el desarrollo ap\u00edcola es clave, entendiendo las capacidades instaladas y sobre todo las ventajas competitivas que tenemos como territorio para abordar esto, porque un foco de la administraci\u00f3n del alcalde Sebasti\u00e1n \u00c1lvarez es la diversificaci\u00f3n econ\u00f3mica de la comuna\u201d.<\/p>\n<!--[if lt IE 9]><script>document.createElement('audio');<\/script><![endif]-->\n<audio class=\"wp-audio-shortcode\" id=\"audio-56826-1\" preload=\"none\" style=\"width: 100%;\" controls=\"controls\"><source type=\"audio\/mpeg\" src=\"https:\/\/municipalidadpucon.cl\/wp-content\/uploads\/2025\/10\/Alexis-Figueroa-SECPLAC-destaca-encuentro-como-diversificacion-productiva-.mp3?_=1\" \/><a href=\"https:\/\/municipalidadpucon.cl\/wp-content\/uploads\/2025\/10\/Alexis-Figueroa-SECPLAC-destaca-encuentro-como-diversificacion-productiva-.mp3\">https:\/\/municipalidadpucon.cl\/wp-content\/uploads\/2025\/10\/Alexis-Figueroa-SECPLAC-destaca-encuentro-como-diversificacion-productiva-.mp3<\/a><\/audio>\n<p>Desde el Comit\u00e9 Ap\u00edcola de Puc\u00f3n, su presidente Pedro Pablo Fern\u00e1ndez, indic\u00f3 que en la jornada se aprovechar\u00e1 de \u201chablar de apicultura, hablar de los pro y contras, de las experiencias y lo fuerte es que vamos a hablar de la Ley Ap\u00edcola\u201d. De este marco normativo expondr\u00e1 \u201cun funcionario del Servicio Agr\u00edcola y Ganadero (SAG) para darnos una charla bien profunda de eso, porque la Ley Ap\u00edcola es excelente, que regula, nos motiva y nos convoca a nivel nacional\u201d.<\/p>\n<audio class=\"wp-audio-shortcode\" id=\"audio-56826-2\" preload=\"none\" style=\"width: 100%;\" controls=\"controls\"><source type=\"audio\/mpeg\" src=\"https:\/\/municipalidadpucon.cl\/wp-content\/uploads\/2025\/10\/Pedro-Pablo-Fdez.-Pdte-Comite-Apicola-de-Pucon-lo-que-se-tratara-en-Seminario-.mp3?_=2\" \/><a href=\"https:\/\/municipalidadpucon.cl\/wp-content\/uploads\/2025\/10\/Pedro-Pablo-Fdez.-Pdte-Comite-Apicola-de-Pucon-lo-que-se-tratara-en-Seminario-.mp3\">https:\/\/municipalidadpucon.cl\/wp-content\/uploads\/2025\/10\/Pedro-Pablo-Fdez.-Pdte-Comite-Apicola-de-Pucon-lo-que-se-tratara-en-Seminario-.mp3<\/a><\/audio>\n<p><strong>TRASCENDENCIA DE LA ABEJA<\/strong><\/p>\n<p>La trascendencia de este encuentro lo reconoce la socia y apicultora del Comit\u00e9 de Puc\u00f3n, Susana Ulloa, quien recalc\u00f3 que \u201clas abejas tienen una importancia crucial en el medio ambiente y en todo lo que tiene que ver con la naturaleza y con los alimentos que se producen. Sin las abejas tendr\u00edamos una menor producci\u00f3n, porque son uno de los polinizadores m\u00e1s importantes que tenemos y hay que cuidarlas por lo mismo\u201d.<\/p>\n<audio class=\"wp-audio-shortcode\" id=\"audio-56826-3\" preload=\"none\" style=\"width: 100%;\" controls=\"controls\"><source type=\"audio\/mpeg\" src=\"https:\/\/municipalidadpucon.cl\/wp-content\/uploads\/2025\/10\/Susana-Ulloa-socia-comite-Apicola-Pucon-y-valor-de-la-abeja-y-producir-.mp3?_=3\" \/><a href=\"https:\/\/municipalidadpucon.cl\/wp-content\/uploads\/2025\/10\/Susana-Ulloa-socia-comite-Apicola-Pucon-y-valor-de-la-abeja-y-producir-.mp3\">https:\/\/municipalidadpucon.cl\/wp-content\/uploads\/2025\/10\/Susana-Ulloa-socia-comite-Apicola-Pucon-y-valor-de-la-abeja-y-producir-.mp3<\/a><\/audio>\n<p>Ulloa coincide con los lineamientos del Municipio de Puc\u00f3n, en cuanto a potenciar la apicultura como un \u00e1rea de creciente desarrollo productivo para la zona y as\u00ed, a nivel familiar, \u201cdesarrollarlo un poco m\u00e1s fuerte ya que no hay muchos apicultores que se dediquen y que en el fondo tengan los conocimientos. Entonces la idea del Comit\u00e9 Ap\u00edcola siempre ha estado abierta para que la gente se pueda capacitar, se pueda acercar un poco a esas tem\u00e1ticas. No es tan f\u00e1cil, pero no es imposible. Hay muchas capacitaciones que se pueden lograr\u201d.<\/p>\n<p><strong>INSCRIPCI\u00d3N<\/strong><\/p>\n<p>Para los interesados en participar, gratuitamente, de este Seminario Ap\u00edcola s\u00f3lo pueden acercarse al CEDIAM de Puc\u00f3n (Kachele N\u00b0140) e inscribirse en el ingreso del recinto de salud de la ciudad lacustre.<\/p>\n","protected":false},"excerpt":{"rendered":"<p>Este s\u00e1bado se desarrollar\u00e1 el gratuito XII Seminario, evento que [&hellip;]<\/p>\n","protected":false},"author":10,"featured_media":56831,"comment_status":"closed","ping_status":"open","sticky":false,"template":"","format":"standard","meta":[],"categories":[98,3],"tags":[],"_links":{"self":[{"href":"https:\/\/municipalidadpucon.cl\/index.php?rest_route=\/wp\/v2\/posts\/56826"}],"collection":[{"href":"https:\/\/municipalidadpucon.cl\/index.php?rest_route=\/wp\/v2\/posts"}],"about":[{"href":"https:\/\/municipalidadpucon.cl\/index.php?rest_route=\/wp\/v2\/types\/post"}],"author":[{"embeddable":true,"href":"https:\/\/municipalidadpucon.cl\/index.php?rest_route=\/wp\/v2\/users\/10"}],"replies":[{"embeddable":true,"href":"https:\/\/municipalidadpucon.cl\/index.php?rest_route=%2Fwp%2Fv2%2Fcomments&post=56826"}],"version-history":[{"count":2,"href":"https:\/\/municipalidadpucon.cl\/index.php?rest_route=\/wp\/v2\/posts\/56826\/revisions"}],"predecessor-version":[{"id":56833,"href":"https:\/\/municipalidadpucon.cl\/index.php?rest_route=\/wp\/v2\/posts\/56826\/revisions\/56833"}],"wp:featuredmedia":[{"embeddable":true,"href":"https:\/\/municipalidadpucon.cl\/index.php?rest_route=\/wp\/v2\/media\/56831"}],"wp:attachment":[{"href":"https:\/\/municipalidadpucon.cl\/index.php?rest_route=%2Fwp%2Fv2%2Fmedia&parent=56826"}],"wp:term":[{"taxonomy":"category","embeddable":true,"href":"https:\/\/municipalidadpucon.cl\/index.php?rest_route=%2Fwp%2Fv2%2Fcategories&post=56826"},{"taxonomy":"post_tag","embeddable":true,"href":"https:\/\/municipalidadpucon.cl\/index.php?rest_route=%2Fwp%2Fv2%2Ftags&post=56826"}],"curies":[{"name":"wp","href":"https:\/\/api.w.org\/{rel}","templated":true}]}}