{"id":56842,"date":"2025-10-24T08:49:48","date_gmt":"2025-10-24T11:49:48","guid":{"rendered":"https:\/\/municipalidadpucon.cl\/?p=56842"},"modified":"2025-10-24T08:49:48","modified_gmt":"2025-10-24T11:49:48","slug":"se-lanzo-la-temporada-de-pesca-deportiva-por-las-aguas-del-trancura","status":"publish","type":"post","link":"https:\/\/municipalidadpucon.cl\/?p=56842","title":{"rendered":"Se lanz\u00f3 la temporada de Pesca Deportiva por las aguas del Trancura"},"content":{"rendered":"<p><em><strong>Sindicato de Boteros, Corporaci\u00f3n de Turismo y Municipio local \u201cbajaron\u201d por las aguas del Trancura, destacando a esta tradicional disciplina como la precursora del quehacer tur\u00edstico de la comuna junto al volc\u00e1n y el lago.<\/strong><\/em><\/p>\n<p><img decoding=\"async\" class=\"alignnone size-medium wp-image-56843\" src=\"https:\/\/municipalidadpucon.cl\/wp-content\/uploads\/2025\/10\/2-14-300x225.jpeg\" alt=\"\" width=\"300\" height=\"225\" srcset=\"https:\/\/municipalidadpucon.cl\/wp-content\/uploads\/2025\/10\/2-14-200x150.jpeg 200w, https:\/\/municipalidadpucon.cl\/wp-content\/uploads\/2025\/10\/2-14-300x225.jpeg 300w, https:\/\/municipalidadpucon.cl\/wp-content\/uploads\/2025\/10\/2-14-400x300.jpeg 400w, https:\/\/municipalidadpucon.cl\/wp-content\/uploads\/2025\/10\/2-14-600x450.jpeg 600w, https:\/\/municipalidadpucon.cl\/wp-content\/uploads\/2025\/10\/2-14-768x576.jpeg 768w, https:\/\/municipalidadpucon.cl\/wp-content\/uploads\/2025\/10\/2-14-800x600.jpeg 800w, https:\/\/municipalidadpucon.cl\/wp-content\/uploads\/2025\/10\/2-14-1024x768.jpeg 1024w, https:\/\/municipalidadpucon.cl\/wp-content\/uploads\/2025\/10\/2-14-1200x900.jpeg 1200w, https:\/\/municipalidadpucon.cl\/wp-content\/uploads\/2025\/10\/2-14.jpeg 1280w\" sizes=\"(max-width: 300px) 100vw, 300px\" \/> <img decoding=\"async\" class=\"alignnone size-medium wp-image-56844\" src=\"https:\/\/municipalidadpucon.cl\/wp-content\/uploads\/2025\/10\/3-13-300x225.jpeg\" alt=\"\" width=\"300\" height=\"225\" srcset=\"https:\/\/municipalidadpucon.cl\/wp-content\/uploads\/2025\/10\/3-13-200x150.jpeg 200w, https:\/\/municipalidadpucon.cl\/wp-content\/uploads\/2025\/10\/3-13-300x225.jpeg 300w, https:\/\/municipalidadpucon.cl\/wp-content\/uploads\/2025\/10\/3-13-400x300.jpeg 400w, https:\/\/municipalidadpucon.cl\/wp-content\/uploads\/2025\/10\/3-13-600x450.jpeg 600w, https:\/\/municipalidadpucon.cl\/wp-content\/uploads\/2025\/10\/3-13-768x576.jpeg 768w, https:\/\/municipalidadpucon.cl\/wp-content\/uploads\/2025\/10\/3-13-800x600.jpeg 800w, https:\/\/municipalidadpucon.cl\/wp-content\/uploads\/2025\/10\/3-13-1024x768.jpeg 1024w, https:\/\/municipalidadpucon.cl\/wp-content\/uploads\/2025\/10\/3-13-1200x900.jpeg 1200w, https:\/\/municipalidadpucon.cl\/wp-content\/uploads\/2025\/10\/3-13.jpeg 1280w\" sizes=\"(max-width: 300px) 100vw, 300px\" \/><\/p>\n<p>Esta semana, en Puc\u00f3n se dio por iniciada la temporada de Pesca Deportiva 2025-2026, con un recorrido por el R\u00edo Trancura, en el cual participaron la Municipalidad lacustre, el Sindicato de Boteros y la Corporaci\u00f3n de Turismo local; todos quienes revaloraron esta disciplina de esparcimiento por su relaci\u00f3n amigable con el medioambiente.<\/p>\n<p>Al evento asistieron autoridades puconinas, encabezadas por el alcalde Sebasti\u00e1n \u00c1lvarez y el concejal Claudio Cortez, quienes compartieron esta jornada de pesca deportiva, centenaria tradici\u00f3n que se ha desarrollado en el territorio precordillerano y lacustre.<\/p>\n<p><strong>VALORACI\u00d3N HIST\u00d3RICA<\/strong><\/p>\n<p>\u201cEsta actividad hay que ponerla en valor, porque es t\u00edpica que realiza nuestro gremio de los Boteros a\u00f1o tras a\u00f1o y la idea ser\u00eda fortalecerla cada vez m\u00e1s\u201d, dijo J\u00e9ssica Fern\u00e1ndez, presidenta de la Asociaci\u00f3n Gremial de Servidores Tur\u00edsticos (ASETUR) y del Convention Bureau; adem\u00e1s de vicepresidenta de la Corporaci\u00f3n Comunal y la Regional de Turismo.<\/p>\n<!--[if lt IE 9]><script>document.createElement('audio');<\/script><![endif]-->\n<audio class=\"wp-audio-shortcode\" id=\"audio-56842-1\" preload=\"none\" style=\"width: 100%;\" controls=\"controls\"><source type=\"audio\/mpeg\" src=\"https:\/\/municipalidadpucon.cl\/wp-content\/uploads\/2025\/10\/Jessica-Fdez.-Vice-Corpo-Tur-Pdta-Asetur-y-Convention-Bureau-y-vice-Corpo-Reg-.mp3?_=1\" \/><a href=\"https:\/\/municipalidadpucon.cl\/wp-content\/uploads\/2025\/10\/Jessica-Fdez.-Vice-Corpo-Tur-Pdta-Asetur-y-Convention-Bureau-y-vice-Corpo-Reg-.mp3\">https:\/\/municipalidadpucon.cl\/wp-content\/uploads\/2025\/10\/Jessica-Fdez.-Vice-Corpo-Tur-Pdta-Asetur-y-Convention-Bureau-y-vice-Corpo-Reg-.mp3<\/a><\/audio>\n<p>El alcalde de la comuna de Puc\u00f3n, Sebasti\u00e1n \u00c1lvarez, coincidi\u00f3 con la dirigente gremial en respaldar este quehacer del cual conoce bien, ya que en sus tiempos de parlamentario fue coautor de la hoy vigente Ley de Pesca Recreativa, que protege esta actividad eminentemente tur\u00edstica y que, en rigor, es el precursor de los ahora diversificados atractivos de la comuna lacustre. \u201cComo Administraci\u00f3n Municipal vamos a proteger, resguardar y fortalecer la pesca recreativa. Esto le dio vida al turismo a Puc\u00f3n y hoy en d\u00eda es un producto de alto valor agregado\u201d, destac\u00f3 la primera autoridad comunal, quien -de todos modos-, reconoci\u00f3 que hay acciones por mejorar, como las \u201cfiscalizaciones, infraestructura adecuada, por lo que tenemos que seguir trabajando para avanzar, ya que fue lo que le dio vida al turismo y hoy en d\u00eda tenemos que recuperarla y cuidarla. Lo m\u00e1s importante aqu\u00ed es que tenemos lo m\u00e1s significativo que es el recurso humano: Los boteros, su historia, experiencia y es cosa de organizarnos\u201d.<\/p>\n<audio class=\"wp-audio-shortcode\" id=\"audio-56842-2\" preload=\"none\" style=\"width: 100%;\" controls=\"controls\"><source type=\"audio\/mpeg\" src=\"https:\/\/municipalidadpucon.cl\/wp-content\/uploads\/2025\/10\/Alcalde-Sebastian-Alvarez-reconoce-la-Pesca-Deportiva-.mp3?_=2\" \/><a href=\"https:\/\/municipalidadpucon.cl\/wp-content\/uploads\/2025\/10\/Alcalde-Sebastian-Alvarez-reconoce-la-Pesca-Deportiva-.mp3\">https:\/\/municipalidadpucon.cl\/wp-content\/uploads\/2025\/10\/Alcalde-Sebastian-Alvarez-reconoce-la-Pesca-Deportiva-.mp3<\/a><\/audio>\n<p><img decoding=\"async\" class=\"size-medium wp-image-56847 aligncenter\" src=\"https:\/\/municipalidadpucon.cl\/wp-content\/uploads\/2025\/10\/4-12-300x225.jpeg\" alt=\"\" width=\"300\" height=\"225\" srcset=\"https:\/\/municipalidadpucon.cl\/wp-content\/uploads\/2025\/10\/4-12-200x150.jpeg 200w, https:\/\/municipalidadpucon.cl\/wp-content\/uploads\/2025\/10\/4-12-300x225.jpeg 300w, https:\/\/municipalidadpucon.cl\/wp-content\/uploads\/2025\/10\/4-12-400x300.jpeg 400w, https:\/\/municipalidadpucon.cl\/wp-content\/uploads\/2025\/10\/4-12-600x450.jpeg 600w, https:\/\/municipalidadpucon.cl\/wp-content\/uploads\/2025\/10\/4-12-768x576.jpeg 768w, https:\/\/municipalidadpucon.cl\/wp-content\/uploads\/2025\/10\/4-12-800x600.jpeg 800w, https:\/\/municipalidadpucon.cl\/wp-content\/uploads\/2025\/10\/4-12-1024x768.jpeg 1024w, https:\/\/municipalidadpucon.cl\/wp-content\/uploads\/2025\/10\/4-12-1200x900.jpeg 1200w, https:\/\/municipalidadpucon.cl\/wp-content\/uploads\/2025\/10\/4-12.jpeg 1280w\" sizes=\"(max-width: 300px) 100vw, 300px\" \/><\/p>\n<p><strong>RESCATE CULTURAL<\/strong><\/p>\n<p>A decir de Juan Gatica, presidente del Sindicato de Boteros de Puc\u00f3n, el haber realizado esta bajada tradicional por el Trancura fue rescatar \u201cparte de la historia, parte de lo que se ha hecho por generaciones, porque generaciones de pescadores han venido con familiares, han contratado embarcaciones, 20 \u00f3 30 embarcaciones, y han hecho esta misma actividad que hicimos hoy. \u00bfLos desaf\u00edos? Son tener mejor fiscalizaci\u00f3n, eso es lo que de repente nos complica un poco para esta actividad y as\u00ed sea m\u00e1s lucrativa para todos\u201d.<\/p>\n<audio class=\"wp-audio-shortcode\" id=\"audio-56842-3\" preload=\"none\" style=\"width: 100%;\" controls=\"controls\"><source type=\"audio\/mpeg\" src=\"https:\/\/municipalidadpucon.cl\/wp-content\/uploads\/2025\/10\/Juan-Gatica-Pdte-Sind-Boteros-y-la-tradicional-bajada-por-el-Trancura-.mp3?_=3\" \/><a href=\"https:\/\/municipalidadpucon.cl\/wp-content\/uploads\/2025\/10\/Juan-Gatica-Pdte-Sind-Boteros-y-la-tradicional-bajada-por-el-Trancura-.mp3\">https:\/\/municipalidadpucon.cl\/wp-content\/uploads\/2025\/10\/Juan-Gatica-Pdte-Sind-Boteros-y-la-tradicional-bajada-por-el-Trancura-.mp3<\/a><\/audio>\n<p>Otro de los participantes de esta ecol\u00f3gica pesca recreativa fue Mario Alarc\u00f3n, director de la Asociaci\u00f3n Gremial de Pesca Nacional, quien valor\u00f3 la \u201calianza estrat\u00e9gica entre el Municipio, la Corporaci\u00f3n de Turismo y el hist\u00f3rico Sindicato de Boteros de Puc\u00f3n y la verdad es que ha sido un \u00e9xito, ha picado m\u00e1s que ning\u00fan a\u00f1o y creo que ha sido fant\u00e1stica. Es un hito dentro de la temporada esta bajada y compartir con las autoridades es s\u00faper importante\u201d.<\/p>\n<audio class=\"wp-audio-shortcode\" id=\"audio-56842-4\" preload=\"none\" style=\"width: 100%;\" controls=\"controls\"><source type=\"audio\/mpeg\" src=\"https:\/\/municipalidadpucon.cl\/wp-content\/uploads\/2025\/10\/Mario-Alarcon-director-Asociacion-gremial-de-Pesca-nacional-.mp3?_=4\" \/><a href=\"https:\/\/municipalidadpucon.cl\/wp-content\/uploads\/2025\/10\/Mario-Alarcon-director-Asociacion-gremial-de-Pesca-nacional-.mp3\">https:\/\/municipalidadpucon.cl\/wp-content\/uploads\/2025\/10\/Mario-Alarcon-director-Asociacion-gremial-de-Pesca-nacional-.mp3<\/a><\/audio>\n<p><img decoding=\"async\" class=\"alignnone size-medium wp-image-56850\" src=\"https:\/\/municipalidadpucon.cl\/wp-content\/uploads\/2025\/10\/5-5-300x225.jpeg\" alt=\"\" width=\"300\" height=\"225\" srcset=\"https:\/\/municipalidadpucon.cl\/wp-content\/uploads\/2025\/10\/5-5-200x150.jpeg 200w, https:\/\/municipalidadpucon.cl\/wp-content\/uploads\/2025\/10\/5-5-300x225.jpeg 300w, https:\/\/municipalidadpucon.cl\/wp-content\/uploads\/2025\/10\/5-5-400x300.jpeg 400w, https:\/\/municipalidadpucon.cl\/wp-content\/uploads\/2025\/10\/5-5-600x450.jpeg 600w, https:\/\/municipalidadpucon.cl\/wp-content\/uploads\/2025\/10\/5-5-768x576.jpeg 768w, https:\/\/municipalidadpucon.cl\/wp-content\/uploads\/2025\/10\/5-5-800x600.jpeg 800w, https:\/\/municipalidadpucon.cl\/wp-content\/uploads\/2025\/10\/5-5-1024x768.jpeg 1024w, https:\/\/municipalidadpucon.cl\/wp-content\/uploads\/2025\/10\/5-5-1200x900.jpeg 1200w, https:\/\/municipalidadpucon.cl\/wp-content\/uploads\/2025\/10\/5-5.jpeg 1280w\" sizes=\"(max-width: 300px) 100vw, 300px\" \/><\/p>\n<p><strong>MUSEO DE BOTEROS<\/strong><\/p>\n<p>Desde el Club de Pesca y Caza Puc\u00f3n, su director Rodrigo Ulloa tambi\u00e9n destac\u00f3 el trabajo conjunto, tanto con la Municipalidad como los actores tur\u00edsticos de la comuna, as\u00ed como los pr\u00f3ximos desaf\u00edos, \u201ccomo el control de la pesca ilegal y de la formaci\u00f3n de nuevos gu\u00edas, pero se ha avanzado mucho con los boteros que han logrado consolidar un museo de la pesca, extraordinario\u201d.<\/p>\n<audio class=\"wp-audio-shortcode\" id=\"audio-56842-5\" preload=\"none\" style=\"width: 100%;\" controls=\"controls\"><source type=\"audio\/mpeg\" src=\"https:\/\/municipalidadpucon.cl\/wp-content\/uploads\/2025\/10\/Rodrigo-Ulloa-director-Club-Pesca-y-Caza-Pucon-labor-de-la-actividad-.mp3?_=5\" \/><a href=\"https:\/\/municipalidadpucon.cl\/wp-content\/uploads\/2025\/10\/Rodrigo-Ulloa-director-Club-Pesca-y-Caza-Pucon-labor-de-la-actividad-.mp3\">https:\/\/municipalidadpucon.cl\/wp-content\/uploads\/2025\/10\/Rodrigo-Ulloa-director-Club-Pesca-y-Caza-Pucon-labor-de-la-actividad-.mp3<\/a><\/audio>\n","protected":false},"excerpt":{"rendered":"<p>Sindicato de Boteros, Corporaci\u00f3n de Turismo y Municipio local \u201cbajaron\u201d [&hellip;]<\/p>\n","protected":false},"author":10,"featured_media":56852,"comment_status":"closed","ping_status":"open","sticky":false,"template":"","format":"standard","meta":[],"categories":[98,3],"tags":[],"_links":{"self":[{"href":"https:\/\/municipalidadpucon.cl\/index.php?rest_route=\/wp\/v2\/posts\/56842"}],"collection":[{"href":"https:\/\/municipalidadpucon.cl\/index.php?rest_route=\/wp\/v2\/posts"}],"about":[{"href":"https:\/\/municipalidadpucon.cl\/index.php?rest_route=\/wp\/v2\/types\/post"}],"author":[{"embeddable":true,"href":"https:\/\/municipalidadpucon.cl\/index.php?rest_route=\/wp\/v2\/users\/10"}],"replies":[{"embeddable":true,"href":"https:\/\/municipalidadpucon.cl\/index.php?rest_route=%2Fwp%2Fv2%2Fcomments&post=56842"}],"version-history":[{"count":1,"href":"https:\/\/municipalidadpucon.cl\/index.php?rest_route=\/wp\/v2\/posts\/56842\/revisions"}],"predecessor-version":[{"id":56853,"href":"https:\/\/municipalidadpucon.cl\/index.php?rest_route=\/wp\/v2\/posts\/56842\/revisions\/56853"}],"wp:featuredmedia":[{"embeddable":true,"href":"https:\/\/municipalidadpucon.cl\/index.php?rest_route=\/wp\/v2\/media\/56852"}],"wp:attachment":[{"href":"https:\/\/municipalidadpucon.cl\/index.php?rest_route=%2Fwp%2Fv2%2Fmedia&parent=56842"}],"wp:term":[{"taxonomy":"category","embeddable":true,"href":"https:\/\/municipalidadpucon.cl\/index.php?rest_route=%2Fwp%2Fv2%2Fcategories&post=56842"},{"taxonomy":"post_tag","embeddable":true,"href":"https:\/\/municipalidadpucon.cl\/index.php?rest_route=%2Fwp%2Fv2%2Ftags&post=56842"}],"curies":[{"name":"wp","href":"https:\/\/api.w.org\/{rel}","templated":true}]}}