{"id":56854,"date":"2025-10-24T12:35:32","date_gmt":"2025-10-24T15:35:32","guid":{"rendered":"https:\/\/municipalidadpucon.cl\/?p=56854"},"modified":"2025-10-24T12:35:32","modified_gmt":"2025-10-24T15:35:32","slug":"se-confirmo-mala-calidad-del-aire-durante-41-dias-de-junio-y-julio-pasado","status":"publish","type":"post","link":"https:\/\/municipalidadpucon.cl\/?p=56854","title":{"rendered":"Se confirm\u00f3 \u201cmala calidad del aire\u201d durante 41 d\u00edas de junio y julio pasado"},"content":{"rendered":"<p><em><strong>Monitoreo exploratorio realizado en la urbe lacustre entre mayo y siempre de 2025 confirm\u00f3 valores iguales o superiores al permitido por la norma ambiental, lo que permitir\u00eda poder instalar un monitor permanente y as\u00ed destinar recursos para un Plan de Descontaminaci\u00f3n.<\/strong><\/em><\/p>\n<p><img decoding=\"async\" class=\"size-medium wp-image-56855 aligncenter\" src=\"https:\/\/municipalidadpucon.cl\/wp-content\/uploads\/2025\/10\/2-13-300x138.jpg\" alt=\"\" width=\"300\" height=\"138\" srcset=\"https:\/\/municipalidadpucon.cl\/wp-content\/uploads\/2025\/10\/2-13-200x92.jpg 200w, https:\/\/municipalidadpucon.cl\/wp-content\/uploads\/2025\/10\/2-13-300x138.jpg 300w, https:\/\/municipalidadpucon.cl\/wp-content\/uploads\/2025\/10\/2-13-400x184.jpg 400w, https:\/\/municipalidadpucon.cl\/wp-content\/uploads\/2025\/10\/2-13-600x276.jpg 600w, https:\/\/municipalidadpucon.cl\/wp-content\/uploads\/2025\/10\/2-13-768x353.jpg 768w, https:\/\/municipalidadpucon.cl\/wp-content\/uploads\/2025\/10\/2-13-800x368.jpg 800w, https:\/\/municipalidadpucon.cl\/wp-content\/uploads\/2025\/10\/2-13-1024x471.jpg 1024w, https:\/\/municipalidadpucon.cl\/wp-content\/uploads\/2025\/10\/2-13-1200x552.jpg 1200w, https:\/\/municipalidadpucon.cl\/wp-content\/uploads\/2025\/10\/2-13.jpg 1280w\" sizes=\"(max-width: 300px) 100vw, 300px\" \/><\/p>\n<p>Fue en el marco del Seminario \u201cResultados del Monitoreo Exploratorio del Aire de la Comuna de Puc\u00f3n\u201d que esta semana se conoci\u00f3 el resultado del estudio desarrollado entre mayo y septiembre pasado, gracias a un equipo port\u00e1til de medici\u00f3n de material particulado fino (MP2.5) -modelo E-Sampler de la marca MetOne-, instalado en el Estadio Municipal de la urbe lacustre.<\/p>\n<p>Este proceso fue liderado por las Seremis de Medioambiente y Energ\u00eda junto a la Municipalidad local -a trav\u00e9s del Departamento de Aseo, Ornato y Medioambiente (DAOMA)-, entidades que se reunieron en las dependencias de la Universidad de La Frontera (Ufro), sede Puc\u00f3n, en donde se confirm\u00f3 la \u201cmala calidad del aire\u201d durante 41 d\u00edas, en junio y julio recientes.<\/p>\n<p><strong>MATERIAL PARTICULADO<\/strong><\/p>\n<p>\u201cLos resultados indican que, durante 41 d\u00edas, las concentraciones diarias del MP2,5 (o material particulado) se observaron igual o mayores a 50ug\/m3 (valor establecido por norma)\u201d, indic\u00f3 el informe conocido a partir de los estudios del monitoreo exploratorio, realizado con equipamiento autom\u00e1tico y continuo no normativo; por ende, no v\u00e1lido para fines normativos, pero si referenciales.<\/p>\n<p>\u201cLos meses m\u00e1s complicados coinciden tambi\u00e9n con lo que nos ocurre en Temuco, Padre Las Casas, Villarrica y Angol, que es en el mes de junio y julio\u201d, indic\u00f3 el Seremi de Medioambiente de La Araucan\u00eda, F\u00e9lix Contreras, quien a partir de estos datos \u201cahora ya estamos solicitando una estaci\u00f3n definitiva de monitoreo de calidad del aire para MP2.5, la cual va a ser instalada prontamente ac\u00e1 en Puc\u00f3n\u201d.<\/p>\n<!--[if lt IE 9]><script>document.createElement('audio');<\/script><![endif]-->\n<audio class=\"wp-audio-shortcode\" id=\"audio-56854-1\" preload=\"none\" style=\"width: 100%;\" controls=\"controls\"><source type=\"audio\/mpeg\" src=\"https:\/\/municipalidadpucon.cl\/wp-content\/uploads\/2025\/10\/Felix-Contreras-SEREMI-Medioambiente-estudio-y-confirma-Estacion-Definitiva-.mp3?_=1\" \/><a href=\"https:\/\/municipalidadpucon.cl\/wp-content\/uploads\/2025\/10\/Felix-Contreras-SEREMI-Medioambiente-estudio-y-confirma-Estacion-Definitiva-.mp3\">https:\/\/municipalidadpucon.cl\/wp-content\/uploads\/2025\/10\/Felix-Contreras-SEREMI-Medioambiente-estudio-y-confirma-Estacion-Definitiva-.mp3<\/a><\/audio>\n<p><img decoding=\"async\" class=\"alignnone size-medium wp-image-56857\" src=\"https:\/\/municipalidadpucon.cl\/wp-content\/uploads\/2025\/10\/3-9-300x225.jpg\" alt=\"\" width=\"300\" height=\"225\" srcset=\"https:\/\/municipalidadpucon.cl\/wp-content\/uploads\/2025\/10\/3-9-200x150.jpg 200w, https:\/\/municipalidadpucon.cl\/wp-content\/uploads\/2025\/10\/3-9-300x225.jpg 300w, https:\/\/municipalidadpucon.cl\/wp-content\/uploads\/2025\/10\/3-9-400x300.jpg 400w, https:\/\/municipalidadpucon.cl\/wp-content\/uploads\/2025\/10\/3-9-600x450.jpg 600w, https:\/\/municipalidadpucon.cl\/wp-content\/uploads\/2025\/10\/3-9-768x576.jpg 768w, https:\/\/municipalidadpucon.cl\/wp-content\/uploads\/2025\/10\/3-9-800x600.jpg 800w, https:\/\/municipalidadpucon.cl\/wp-content\/uploads\/2025\/10\/3-9-1024x768.jpg 1024w, https:\/\/municipalidadpucon.cl\/wp-content\/uploads\/2025\/10\/3-9.jpg 1200w\" sizes=\"(max-width: 300px) 100vw, 300px\" \/><\/p>\n<p><strong>PRIORIDAD MUNICIPAL<\/strong><\/p>\n<p>Quien destac\u00f3 el poder disponer, a partir de ahora, de datos objetivos de la calidad del aire, fue el alcalde de Puc\u00f3n, Sebasti\u00e1n \u00c1lvarez, al destacar que \u201cestaba considerado en la Administraci\u00f3n Municipal el que pudi\u00e9ramos medir las condiciones de contaminaci\u00f3n, no solamente del Lago Villarrica, que son ampliamente conocidas, sino que tambi\u00e9n la situaci\u00f3n del aire, porque notamos que hab\u00eda una carga de contaminaci\u00f3n muy alta, pero lo primero era medir\u201d.<\/p>\n<audio class=\"wp-audio-shortcode\" id=\"audio-56854-2\" preload=\"none\" style=\"width: 100%;\" controls=\"controls\"><source type=\"audio\/mpeg\" src=\"https:\/\/municipalidadpucon.cl\/wp-content\/uploads\/2025\/10\/Alcalde-Sebastian-Alvarez-reconoce-apoyo-al-estudio-de-la-calidad-del-aire-.mp3?_=2\" \/><a href=\"https:\/\/municipalidadpucon.cl\/wp-content\/uploads\/2025\/10\/Alcalde-Sebastian-Alvarez-reconoce-apoyo-al-estudio-de-la-calidad-del-aire-.mp3\">https:\/\/municipalidadpucon.cl\/wp-content\/uploads\/2025\/10\/Alcalde-Sebastian-Alvarez-reconoce-apoyo-al-estudio-de-la-calidad-del-aire-.mp3<\/a><\/audio>\n<p>Al respecto, la directora de la DAOMA, Evelyn Silva, agreg\u00f3 que -junto con estos datos obtenidos- tambi\u00e9n en la comuna \u201cse han realizado encuestas referente a este tema de calidad de aire a la ciudadan\u00eda para poder, con estas bases, generar programas y planes a largo plazo\u201d.<\/p>\n<audio class=\"wp-audio-shortcode\" id=\"audio-56854-3\" preload=\"none\" style=\"width: 100%;\" controls=\"controls\"><source type=\"audio\/mpeg\" src=\"https:\/\/municipalidadpucon.cl\/wp-content\/uploads\/2025\/10\/Evelyn-Silva-estudios-realizados-en-la-comuna-y-medidas-a-adoptar-.mp3?_=3\" \/><a href=\"https:\/\/municipalidadpucon.cl\/wp-content\/uploads\/2025\/10\/Evelyn-Silva-estudios-realizados-en-la-comuna-y-medidas-a-adoptar-.mp3\">https:\/\/municipalidadpucon.cl\/wp-content\/uploads\/2025\/10\/Evelyn-Silva-estudios-realizados-en-la-comuna-y-medidas-a-adoptar-.mp3<\/a><\/audio>\n<p>En este punto, hay que recordar que en La Araucan\u00eda existen planes de descontaminaci\u00f3n en comunas como Temuco y Padre Las Casas, marco normativo al cual debieran avanzar no s\u00f3lo Puc\u00f3n, sino la zona lacustre, incluida la vecina Villarrica. \u201cLos datos son claros y tenemos que tomar conciencia en activar un plan de car\u00e1cter voluntario, en una primera etapa, que nos permita reducir los contaminantes de Puc\u00f3n, porque esto afecta la calidad de vida de nuestros habitantes, pero tambi\u00e9n afecta desde el punto de vista del turismo\u201d, recalc\u00f3 el alcalde Sebasti\u00e1n \u00c1lvarez.<\/p>\n<p><strong>CONTAMINACI\u00d3N POR LE\u00d1A<\/strong><\/p>\n<p>En la jornada, el Seremi de Energ\u00eda, Camilo Villagr\u00e1n, reconoci\u00f3 su preocupaci\u00f3n, \u201cproducto que el 85 por ciento del material particulado corresponde a emisiones por le\u00f1a h\u00fameda, que se usa para calefaccionar las viviendas\u201d. Es para enfrentar aquello que el Ministerio de Energ\u00eda protagoniza este proceso, puesto que \u201ctenemos programas para hacer un tr\u00e1nsito desde la le\u00f1a h\u00fameda a seca y as\u00ed efectivamente reducir los niveles de contaminaci\u00f3n del aire, que ya lo hemos podido realizar en Temuco y Padre Las Casas con su primer Plan de Descontaminaci\u00f3n Ambiental\u201d.<\/p>\n<audio class=\"wp-audio-shortcode\" id=\"audio-56854-4\" preload=\"none\" style=\"width: 100%;\" controls=\"controls\"><source type=\"audio\/mpeg\" src=\"https:\/\/municipalidadpucon.cl\/wp-content\/uploads\/2025\/10\/Camilo-Villagran-SEREMI-Energia-indica-medidas-a-adoptar-.mp3?_=4\" \/><a href=\"https:\/\/municipalidadpucon.cl\/wp-content\/uploads\/2025\/10\/Camilo-Villagran-SEREMI-Energia-indica-medidas-a-adoptar-.mp3\">https:\/\/municipalidadpucon.cl\/wp-content\/uploads\/2025\/10\/Camilo-Villagran-SEREMI-Energia-indica-medidas-a-adoptar-.mp3<\/a><\/audio>\n<p>Con todo, adem\u00e1s de los datos permitir sensibilizar a la poblaci\u00f3n puconina, se da un paso m\u00e1s en busca de establecer un futuro Plan de Descontaminaci\u00f3n, esta vez para el territorio precordillerano y lacustre de La Araucan\u00eda.<\/p>\n","protected":false},"excerpt":{"rendered":"<p>Monitoreo exploratorio realizado en la urbe lacustre entre mayo y [&hellip;]<\/p>\n","protected":false},"author":10,"featured_media":56861,"comment_status":"closed","ping_status":"open","sticky":false,"template":"","format":"standard","meta":[],"categories":[98,3],"tags":[],"_links":{"self":[{"href":"https:\/\/municipalidadpucon.cl\/index.php?rest_route=\/wp\/v2\/posts\/56854"}],"collection":[{"href":"https:\/\/municipalidadpucon.cl\/index.php?rest_route=\/wp\/v2\/posts"}],"about":[{"href":"https:\/\/municipalidadpucon.cl\/index.php?rest_route=\/wp\/v2\/types\/post"}],"author":[{"embeddable":true,"href":"https:\/\/municipalidadpucon.cl\/index.php?rest_route=\/wp\/v2\/users\/10"}],"replies":[{"embeddable":true,"href":"https:\/\/municipalidadpucon.cl\/index.php?rest_route=%2Fwp%2Fv2%2Fcomments&post=56854"}],"version-history":[{"count":1,"href":"https:\/\/municipalidadpucon.cl\/index.php?rest_route=\/wp\/v2\/posts\/56854\/revisions"}],"predecessor-version":[{"id":56862,"href":"https:\/\/municipalidadpucon.cl\/index.php?rest_route=\/wp\/v2\/posts\/56854\/revisions\/56862"}],"wp:featuredmedia":[{"embeddable":true,"href":"https:\/\/municipalidadpucon.cl\/index.php?rest_route=\/wp\/v2\/media\/56861"}],"wp:attachment":[{"href":"https:\/\/municipalidadpucon.cl\/index.php?rest_route=%2Fwp%2Fv2%2Fmedia&parent=56854"}],"wp:term":[{"taxonomy":"category","embeddable":true,"href":"https:\/\/municipalidadpucon.cl\/index.php?rest_route=%2Fwp%2Fv2%2Fcategories&post=56854"},{"taxonomy":"post_tag","embeddable":true,"href":"https:\/\/municipalidadpucon.cl\/index.php?rest_route=%2Fwp%2Fv2%2Ftags&post=56854"}],"curies":[{"name":"wp","href":"https:\/\/api.w.org\/{rel}","templated":true}]}}