{"id":56863,"date":"2025-10-27T08:54:58","date_gmt":"2025-10-27T11:54:58","guid":{"rendered":"https:\/\/municipalidadpucon.cl\/?p=56863"},"modified":"2025-10-28T08:23:16","modified_gmt":"2025-10-28T11:23:16","slug":"escuela-paillaco-fue-la-mejor-de-la-liga-de-voleibol-femenino-en-pucon","status":"publish","type":"post","link":"https:\/\/municipalidadpucon.cl\/?p=56863","title":{"rendered":"Escuela Paillaco fue la mejor de la Liga de V\u00f3leibol femenino en Puc\u00f3n"},"content":{"rendered":"<p><em><strong>Sexteto del deporte de la \u201cpelota y la volea\u201d arroy\u00f3 en la final jugada en el Gimnasio Polideportivo a su similar del Colegio Puc\u00f3n. El 15 de noviembre se realizar\u00e1n las premiaciones de estos eventos escolares, organizados por el Municipio, en lo que ser\u00e1 la reinauguraci\u00f3n del nuevo Gimnasio Municipal de calle Ansorena con Alderete.<\/strong><\/em><\/p>\n<p><img decoding=\"async\" class=\"size-medium wp-image-56864 aligncenter\" src=\"https:\/\/municipalidadpucon.cl\/wp-content\/uploads\/2025\/10\/2-14-300x138.jpg\" alt=\"\" width=\"300\" height=\"138\" srcset=\"https:\/\/municipalidadpucon.cl\/wp-content\/uploads\/2025\/10\/2-14-200x92.jpg 200w, https:\/\/municipalidadpucon.cl\/wp-content\/uploads\/2025\/10\/2-14-300x138.jpg 300w, https:\/\/municipalidadpucon.cl\/wp-content\/uploads\/2025\/10\/2-14-400x184.jpg 400w, https:\/\/municipalidadpucon.cl\/wp-content\/uploads\/2025\/10\/2-14-600x276.jpg 600w, https:\/\/municipalidadpucon.cl\/wp-content\/uploads\/2025\/10\/2-14-768x353.jpg 768w, https:\/\/municipalidadpucon.cl\/wp-content\/uploads\/2025\/10\/2-14-800x368.jpg 800w, https:\/\/municipalidadpucon.cl\/wp-content\/uploads\/2025\/10\/2-14-1024x471.jpg 1024w, https:\/\/municipalidadpucon.cl\/wp-content\/uploads\/2025\/10\/2-14-1200x552.jpg 1200w, https:\/\/municipalidadpucon.cl\/wp-content\/uploads\/2025\/10\/2-14.jpg 1280w\" sizes=\"(max-width: 300px) 100vw, 300px\" \/><\/p>\n<p>Una muy feliz jornada de definici\u00f3n de la Liga Escolar de V\u00f3leibol, categor\u00eda ense\u00f1anza b\u00e1sica, se vivi\u00f3 hace algunos d\u00edas en el Polideportivo de la comuna de Puc\u00f3n, en donde se coronaron las representantes de la Escuela Paillaco que derrotaron en sets seguidos al sexteto de Colegio Puc\u00f3n (<em>arriba<\/em>).<\/p>\n<p>Contundente fue el marcador en beneficio del establecimiento municipal que se qued\u00f3 con la medalla de oro, tras vencer 25-9 y 25-8 en esta final de certamen, organizado por el Municipio de Puc\u00f3n, por intermedio de su Departamento de Deportes, encabezado por Aldo Garrido.<\/p>\n<p><strong>BUENA PARTICIPACI\u00d3N<\/strong><\/p>\n<p>\u201cFue s\u00faper bac\u00e1n, aparte porque este es un equipo nuevo y divertido que las chiquillas puedan enfocarse m\u00e1s en el v\u00f3lei\u201d, coment\u00f3 tras la victoria la capitana de las vencedoras, Jael Fasecas, quien valor\u00f3 el poder competir, \u201cporque el v\u00f3leibol es un deporte muy bonito y divertido. Este a\u00f1o estoy en octavo y es el \u00faltimo en el colegio. Por eso, las chiquillas se van a quedar y ojal\u00e1 que el equipo crezca, como lo est\u00e1n haciendo ahora\u201d.<\/p>\n<!--[if lt IE 9]><script>document.createElement('audio');<\/script><![endif]-->\n<audio class=\"wp-audio-shortcode\" id=\"audio-56863-1\" preload=\"none\" style=\"width: 100%;\" controls=\"controls\"><source type=\"audio\/mpeg\" src=\"https:\/\/municipalidadpucon.cl\/wp-content\/uploads\/2025\/10\/Jael-Fasecas-jugadora-de-las-campeonas-deColegio-Paillaco-.mp3?_=1\" \/><a href=\"https:\/\/municipalidadpucon.cl\/wp-content\/uploads\/2025\/10\/Jael-Fasecas-jugadora-de-las-campeonas-deColegio-Paillaco-.mp3\">https:\/\/municipalidadpucon.cl\/wp-content\/uploads\/2025\/10\/Jael-Fasecas-jugadora-de-las-campeonas-deColegio-Paillaco-.mp3<\/a><\/audio>\n<p>El entrenador de las ganadoras, Diego Soto destac\u00f3, tras la obtenci\u00f3n del t\u00edtulo, \u201cla gran cantidad de equipos que se presentaron ahora, ese es un gran avance para las chicas que participan, que puedan tener m\u00e1s actividades. Este campeonato fue muy bueno, porque jugaron -por lo menos- durante tres meses, entonces fueron muy buenos partidos\u201d.<\/p>\n<audio class=\"wp-audio-shortcode\" id=\"audio-56863-2\" preload=\"none\" style=\"width: 100%;\" controls=\"controls\"><source type=\"audio\/mpeg\" src=\"https:\/\/municipalidadpucon.cl\/wp-content\/uploads\/2025\/10\/Diego-Soto-profesor-de-voleibol-Escuela-Paillaco-.mp3?_=2\" \/><a href=\"https:\/\/municipalidadpucon.cl\/wp-content\/uploads\/2025\/10\/Diego-Soto-profesor-de-voleibol-Escuela-Paillaco-.mp3\">https:\/\/municipalidadpucon.cl\/wp-content\/uploads\/2025\/10\/Diego-Soto-profesor-de-voleibol-Escuela-Paillaco-.mp3<\/a><\/audio>\n<p><img decoding=\"async\" class=\"alignnone size-medium wp-image-56867\" src=\"https:\/\/municipalidadpucon.cl\/wp-content\/uploads\/2025\/10\/4-7-300x138.jpg\" alt=\"\" width=\"300\" height=\"138\" srcset=\"https:\/\/municipalidadpucon.cl\/wp-content\/uploads\/2025\/10\/4-7-200x92.jpg 200w, https:\/\/municipalidadpucon.cl\/wp-content\/uploads\/2025\/10\/4-7-300x138.jpg 300w, https:\/\/municipalidadpucon.cl\/wp-content\/uploads\/2025\/10\/4-7-400x184.jpg 400w, https:\/\/municipalidadpucon.cl\/wp-content\/uploads\/2025\/10\/4-7-600x276.jpg 600w, https:\/\/municipalidadpucon.cl\/wp-content\/uploads\/2025\/10\/4-7-768x353.jpg 768w, https:\/\/municipalidadpucon.cl\/wp-content\/uploads\/2025\/10\/4-7-800x368.jpg 800w, https:\/\/municipalidadpucon.cl\/wp-content\/uploads\/2025\/10\/4-7-1024x471.jpg 1024w, https:\/\/municipalidadpucon.cl\/wp-content\/uploads\/2025\/10\/4-7-1200x552.jpg 1200w, https:\/\/municipalidadpucon.cl\/wp-content\/uploads\/2025\/10\/4-7.jpg 1280w\" sizes=\"(max-width: 300px) 100vw, 300px\" \/><img decoding=\"async\" class=\"alignnone size-medium wp-image-56868\" src=\"https:\/\/municipalidadpucon.cl\/wp-content\/uploads\/2025\/10\/3-10-300x138.jpg\" alt=\"\" width=\"300\" height=\"138\" srcset=\"https:\/\/municipalidadpucon.cl\/wp-content\/uploads\/2025\/10\/3-10-200x92.jpg 200w, https:\/\/municipalidadpucon.cl\/wp-content\/uploads\/2025\/10\/3-10-300x138.jpg 300w, https:\/\/municipalidadpucon.cl\/wp-content\/uploads\/2025\/10\/3-10-400x184.jpg 400w, https:\/\/municipalidadpucon.cl\/wp-content\/uploads\/2025\/10\/3-10-600x276.jpg 600w, https:\/\/municipalidadpucon.cl\/wp-content\/uploads\/2025\/10\/3-10-768x353.jpg 768w, https:\/\/municipalidadpucon.cl\/wp-content\/uploads\/2025\/10\/3-10-800x368.jpg 800w, https:\/\/municipalidadpucon.cl\/wp-content\/uploads\/2025\/10\/3-10-1024x471.jpg 1024w, https:\/\/municipalidadpucon.cl\/wp-content\/uploads\/2025\/10\/3-10-1200x552.jpg 1200w, https:\/\/municipalidadpucon.cl\/wp-content\/uploads\/2025\/10\/3-10.jpg 1280w\" sizes=\"(max-width: 300px) 100vw, 300px\" \/><\/p>\n<p><strong>LABOR FORMATIVA<\/strong><\/p>\n<p>Asumida la amplia diferencia vista en la definici\u00f3n de este certamen, Vivian Arce, profesora a cargo del \u00e1rea extraprogram\u00e1tica del Colegio Puc\u00f3n, afirm\u00f3 que \u201cfue un partido que pensamos que se nos iba a dar un poquito menos complejo, pero no fue tan parejo\u201d. La tambi\u00e9n entrenadora de v\u00f3leibol federado de Puc\u00f3n reconoci\u00f3 que en la jornada definitoria \u201chubo distintos niveles, las ni\u00f1as nuestras est\u00e1n en categor\u00eda inicial, son chiquititas en general, de quinto o sexto b\u00e1sico, as\u00ed que est\u00e1n reci\u00e9n empezando, pero igual lo pasamos bien, ellas se divirtieron y llegaron invictas hasta este partido, as\u00ed que es mucho m\u00e1s de lo que en alg\u00fan momento pensamos que podr\u00edan haber logrado\u201d.<\/p>\n<audio class=\"wp-audio-shortcode\" id=\"audio-56863-3\" preload=\"none\" style=\"width: 100%;\" controls=\"controls\"><source type=\"audio\/mpeg\" src=\"https:\/\/municipalidadpucon.cl\/wp-content\/uploads\/2025\/10\/Vivian-Arce-profesora-de-voleibol-y-extraprogramatica-Colegio-Pucon-vicecampeonas-.mp3?_=3\" \/><a href=\"https:\/\/municipalidadpucon.cl\/wp-content\/uploads\/2025\/10\/Vivian-Arce-profesora-de-voleibol-y-extraprogramatica-Colegio-Pucon-vicecampeonas-.mp3\">https:\/\/municipalidadpucon.cl\/wp-content\/uploads\/2025\/10\/Vivian-Arce-profesora-de-voleibol-y-extraprogramatica-Colegio-Pucon-vicecampeonas-.mp3<\/a><\/audio>\n<p>La ceremonia de premiaci\u00f3n de esta competencia, as\u00ed como de otras ligas escolares desarrolladas durante este a\u00f1o 2025, est\u00e1 planificada -aunque sujeta a confirmaci\u00f3n- antes de fin de a\u00f1o, en una ceremonia que podr\u00eda desarrollarse en el ya remodelado Gimnasio Municipal de Puc\u00f3n, el que para la ocasi\u00f3n ser\u00eda reinaugurado, tras una millonaria inversi\u00f3n gestionada por la administraci\u00f3n municipal. Mientras, el Departamento de Deportes ratific\u00f3 la Premiaci\u00f3n de la Liga de Escuelas de F\u00fatbol, en el Estadio Municipal, el pr\u00f3ximo 15 de noviembre, a las 15 horas.<\/p>\n","protected":false},"excerpt":{"rendered":"<p>Sexteto del deporte de la \u201cpelota y la volea\u201d arroy\u00f3 [&hellip;]<\/p>\n","protected":false},"author":10,"featured_media":56872,"comment_status":"closed","ping_status":"open","sticky":false,"template":"","format":"standard","meta":[],"categories":[3],"tags":[],"_links":{"self":[{"href":"https:\/\/municipalidadpucon.cl\/index.php?rest_route=\/wp\/v2\/posts\/56863"}],"collection":[{"href":"https:\/\/municipalidadpucon.cl\/index.php?rest_route=\/wp\/v2\/posts"}],"about":[{"href":"https:\/\/municipalidadpucon.cl\/index.php?rest_route=\/wp\/v2\/types\/post"}],"author":[{"embeddable":true,"href":"https:\/\/municipalidadpucon.cl\/index.php?rest_route=\/wp\/v2\/users\/10"}],"replies":[{"embeddable":true,"href":"https:\/\/municipalidadpucon.cl\/index.php?rest_route=%2Fwp%2Fv2%2Fcomments&post=56863"}],"version-history":[{"count":3,"href":"https:\/\/municipalidadpucon.cl\/index.php?rest_route=\/wp\/v2\/posts\/56863\/revisions"}],"predecessor-version":[{"id":56890,"href":"https:\/\/municipalidadpucon.cl\/index.php?rest_route=\/wp\/v2\/posts\/56863\/revisions\/56890"}],"wp:featuredmedia":[{"embeddable":true,"href":"https:\/\/municipalidadpucon.cl\/index.php?rest_route=\/wp\/v2\/media\/56872"}],"wp:attachment":[{"href":"https:\/\/municipalidadpucon.cl\/index.php?rest_route=%2Fwp%2Fv2%2Fmedia&parent=56863"}],"wp:term":[{"taxonomy":"category","embeddable":true,"href":"https:\/\/municipalidadpucon.cl\/index.php?rest_route=%2Fwp%2Fv2%2Fcategories&post=56863"},{"taxonomy":"post_tag","embeddable":true,"href":"https:\/\/municipalidadpucon.cl\/index.php?rest_route=%2Fwp%2Fv2%2Ftags&post=56863"}],"curies":[{"name":"wp","href":"https:\/\/api.w.org\/{rel}","templated":true}]}}