{"id":56873,"date":"2025-10-27T15:46:02","date_gmt":"2025-10-27T18:46:02","guid":{"rendered":"https:\/\/municipalidadpucon.cl\/?p=56873"},"modified":"2025-10-27T15:46:02","modified_gmt":"2025-10-27T18:46:02","slug":"sector-los-arrayanes-ahora-cuenta-con-nueva-y-mas-segura-plaza-de-juegos","status":"publish","type":"post","link":"https:\/\/municipalidadpucon.cl\/?p=56873","title":{"rendered":"Sector Los Arrayanes ahora cuenta con nueva y m\u00e1s segura plaza de juegos"},"content":{"rendered":"<p><em><strong>Proyecto, liderado por la Municipalidad de Puc\u00f3n, a trav\u00e9s de su Departamento de Seguridad, habilit\u00f3 un concurrido lugar de la comuna lacustre con espacios infantiles e iluminados, a partir de una labor conjunta con vecinos, ni\u00f1os y adolescentes.<\/strong><\/em><\/p>\n<p><img decoding=\"async\" class=\"alignnone size-medium wp-image-56874\" src=\"https:\/\/municipalidadpucon.cl\/wp-content\/uploads\/2025\/10\/2-15-300x138.jpg\" alt=\"\" width=\"300\" height=\"138\" srcset=\"https:\/\/municipalidadpucon.cl\/wp-content\/uploads\/2025\/10\/2-15-200x92.jpg 200w, https:\/\/municipalidadpucon.cl\/wp-content\/uploads\/2025\/10\/2-15-300x138.jpg 300w, https:\/\/municipalidadpucon.cl\/wp-content\/uploads\/2025\/10\/2-15-400x184.jpg 400w, https:\/\/municipalidadpucon.cl\/wp-content\/uploads\/2025\/10\/2-15-600x276.jpg 600w, https:\/\/municipalidadpucon.cl\/wp-content\/uploads\/2025\/10\/2-15-768x353.jpg 768w, https:\/\/municipalidadpucon.cl\/wp-content\/uploads\/2025\/10\/2-15-800x368.jpg 800w, https:\/\/municipalidadpucon.cl\/wp-content\/uploads\/2025\/10\/2-15-1024x471.jpg 1024w, https:\/\/municipalidadpucon.cl\/wp-content\/uploads\/2025\/10\/2-15-1200x552.jpg 1200w, https:\/\/municipalidadpucon.cl\/wp-content\/uploads\/2025\/10\/2-15.jpg 1280w\" sizes=\"(max-width: 300px) 100vw, 300px\" \/> <img decoding=\"async\" class=\"alignnone size-medium wp-image-56875\" src=\"https:\/\/municipalidadpucon.cl\/wp-content\/uploads\/2025\/10\/3-11-300x138.jpg\" alt=\"\" width=\"300\" height=\"138\" srcset=\"https:\/\/municipalidadpucon.cl\/wp-content\/uploads\/2025\/10\/3-11-200x92.jpg 200w, https:\/\/municipalidadpucon.cl\/wp-content\/uploads\/2025\/10\/3-11-300x138.jpg 300w, https:\/\/municipalidadpucon.cl\/wp-content\/uploads\/2025\/10\/3-11-400x184.jpg 400w, https:\/\/municipalidadpucon.cl\/wp-content\/uploads\/2025\/10\/3-11-600x276.jpg 600w, https:\/\/municipalidadpucon.cl\/wp-content\/uploads\/2025\/10\/3-11-768x353.jpg 768w, https:\/\/municipalidadpucon.cl\/wp-content\/uploads\/2025\/10\/3-11-800x368.jpg 800w, https:\/\/municipalidadpucon.cl\/wp-content\/uploads\/2025\/10\/3-11-1024x471.jpg 1024w, https:\/\/municipalidadpucon.cl\/wp-content\/uploads\/2025\/10\/3-11-1200x552.jpg 1200w, https:\/\/municipalidadpucon.cl\/wp-content\/uploads\/2025\/10\/3-11.jpg 1280w\" sizes=\"(max-width: 300px) 100vw, 300px\" \/> <img decoding=\"async\" class=\"alignnone size-medium wp-image-56876\" src=\"https:\/\/municipalidadpucon.cl\/wp-content\/uploads\/2025\/10\/4-8-300x138.jpg\" alt=\"\" width=\"300\" height=\"138\" srcset=\"https:\/\/municipalidadpucon.cl\/wp-content\/uploads\/2025\/10\/4-8-200x92.jpg 200w, https:\/\/municipalidadpucon.cl\/wp-content\/uploads\/2025\/10\/4-8-300x138.jpg 300w, https:\/\/municipalidadpucon.cl\/wp-content\/uploads\/2025\/10\/4-8-400x184.jpg 400w, https:\/\/municipalidadpucon.cl\/wp-content\/uploads\/2025\/10\/4-8-600x276.jpg 600w, https:\/\/municipalidadpucon.cl\/wp-content\/uploads\/2025\/10\/4-8-768x353.jpg 768w, https:\/\/municipalidadpucon.cl\/wp-content\/uploads\/2025\/10\/4-8-800x368.jpg 800w, https:\/\/municipalidadpucon.cl\/wp-content\/uploads\/2025\/10\/4-8-1024x471.jpg 1024w, https:\/\/municipalidadpucon.cl\/wp-content\/uploads\/2025\/10\/4-8-1200x552.jpg 1200w, https:\/\/municipalidadpucon.cl\/wp-content\/uploads\/2025\/10\/4-8.jpg 1280w\" sizes=\"(max-width: 300px) 100vw, 300px\" \/> <img decoding=\"async\" class=\"alignnone size-medium wp-image-56877\" src=\"https:\/\/municipalidadpucon.cl\/wp-content\/uploads\/2025\/10\/5-6-300x138.jpg\" alt=\"\" width=\"300\" height=\"138\" srcset=\"https:\/\/municipalidadpucon.cl\/wp-content\/uploads\/2025\/10\/5-6-200x92.jpg 200w, https:\/\/municipalidadpucon.cl\/wp-content\/uploads\/2025\/10\/5-6-300x138.jpg 300w, https:\/\/municipalidadpucon.cl\/wp-content\/uploads\/2025\/10\/5-6-400x184.jpg 400w, https:\/\/municipalidadpucon.cl\/wp-content\/uploads\/2025\/10\/5-6-600x276.jpg 600w, https:\/\/municipalidadpucon.cl\/wp-content\/uploads\/2025\/10\/5-6-768x353.jpg 768w, https:\/\/municipalidadpucon.cl\/wp-content\/uploads\/2025\/10\/5-6-800x368.jpg 800w, https:\/\/municipalidadpucon.cl\/wp-content\/uploads\/2025\/10\/5-6-1024x471.jpg 1024w, https:\/\/municipalidadpucon.cl\/wp-content\/uploads\/2025\/10\/5-6-1200x552.jpg 1200w, https:\/\/municipalidadpucon.cl\/wp-content\/uploads\/2025\/10\/5-6.jpg 1280w\" sizes=\"(max-width: 300px) 100vw, 300px\" \/><\/p>\n<p>La Municipalidad de Puc\u00f3n, a trav\u00e9s de su Departamento de Seguridad y el Programa Transformando Barrios acaba de concretar la inauguraci\u00f3n de una equipada, m\u00e1s segura y tambi\u00e9n entretenida plaza p\u00fablica en el sector Los Arrayanes Libertad, en donde vecinos, ni\u00f1os y adolescentes fueron quienes participaron del dise\u00f1o de este proyecto.<\/p>\n<p>Para inaugurar este espacio en el cual, adem\u00e1s, se instalaron luminarias reforzadas se reunieron autoridades locales; entre ellas, el alcalde de la comuna, Sebasti\u00e1n \u00c1lvarez; el director de Seguridad P\u00fablica del Municipio, Juan Carlos Badilla, organismo este \u00faltimo articulador de este nuevo avance en infraestructura para este popular sitio puconino; adem\u00e1s de funcionarios del Departamento de Ni\u00f1ez y del Servicio Nacional para la Prevenci\u00f3n y Rehabilitaci\u00f3n del Consumo de Drogas y Alcohol (SENDA).<\/p>\n<p><strong>PARTICIPACI\u00d3N<\/strong><\/p>\n<p>\u201cEs mayor la alegr\u00eda, como dec\u00eda el alcalde Sebasti\u00e1n \u00c1lvarez reci\u00e9n, ver a los ni\u00f1os y a los cabros chicos re\u00edrse aqu\u00ed, eso es impagable y no se lo paga nadie a uno\u201d, coment\u00f3 la presidenta del Club Deportivo y Social Los Arrayanes, Helga Soto, quien valor\u00f3 que este avance se llevara a cabo despu\u00e9s de que la administraci\u00f3n municipal le preguntara a vecinos, ni\u00f1os y adolescentes las necesidades que ten\u00edan en un abandonado sitio. \u201cLa plaza estaba fea, dec\u00edan ellos. Por eso es importante preguntarle al otro, porque \u00bfqu\u00e9 saco yo en decir, voy a poner una piscina acu\u00e1tica aqu\u00ed si nadie quiere ba\u00f1arse?\u201d, ironiz\u00f3 Helga Soto, quien tambi\u00e9n es entrenadora de cuatro series del Club Deportivo.<\/p>\n<!--[if lt IE 9]><script>document.createElement('audio');<\/script><![endif]-->\n<audio class=\"wp-audio-shortcode\" id=\"audio-56873-1\" preload=\"none\" style=\"width: 100%;\" controls=\"controls\"><source type=\"audio\/mpeg\" src=\"https:\/\/municipalidadpucon.cl\/wp-content\/uploads\/2025\/10\/Helga-Soto-trabajo-municipal-considerando-a-vecinos-y-ninos-.mp3?_=1\" \/><a href=\"https:\/\/municipalidadpucon.cl\/wp-content\/uploads\/2025\/10\/Helga-Soto-trabajo-municipal-considerando-a-vecinos-y-ninos-.mp3\">https:\/\/municipalidadpucon.cl\/wp-content\/uploads\/2025\/10\/Helga-Soto-trabajo-municipal-considerando-a-vecinos-y-ninos-.mp3<\/a><\/audio>\n<p>\u201cEs muy bueno que los ni\u00f1os, adem\u00e1s de estar en el celular, puedan tener una actividad mejor, que puedan estar en los juegos, que se puedan ver las opiniones de los dem\u00e1s reflejadas en esta plaza\u201d, destac\u00f3 Constanza Reinao, integrante del Consejo Consultivo de la Ni\u00f1ez y Adolescencia de Puc\u00f3n, entidad que fue articulada por los distintos programas sociales del Departamento de Ni\u00f1ez y Adolescencia de la Municipalidad local.<\/p>\n<audio class=\"wp-audio-shortcode\" id=\"audio-56873-2\" preload=\"none\" style=\"width: 100%;\" controls=\"controls\"><source type=\"audio\/mpeg\" src=\"https:\/\/municipalidadpucon.cl\/wp-content\/uploads\/2025\/10\/Constanza-Reinao-Consejo-Consultivo-Ninez-y-Adolescencia-valora-proyecto-.mp3?_=2\" \/><a href=\"https:\/\/municipalidadpucon.cl\/wp-content\/uploads\/2025\/10\/Constanza-Reinao-Consejo-Consultivo-Ninez-y-Adolescencia-valora-proyecto-.mp3\">https:\/\/municipalidadpucon.cl\/wp-content\/uploads\/2025\/10\/Constanza-Reinao-Consejo-Consultivo-Ninez-y-Adolescencia-valora-proyecto-.mp3<\/a><\/audio>\n<p><img decoding=\"async\" class=\"size-medium wp-image-56880 aligncenter\" src=\"https:\/\/municipalidadpucon.cl\/wp-content\/uploads\/2025\/10\/7-300x138.jpg\" alt=\"\" width=\"300\" height=\"138\" srcset=\"https:\/\/municipalidadpucon.cl\/wp-content\/uploads\/2025\/10\/7-200x92.jpg 200w, https:\/\/municipalidadpucon.cl\/wp-content\/uploads\/2025\/10\/7-300x138.jpg 300w, https:\/\/municipalidadpucon.cl\/wp-content\/uploads\/2025\/10\/7-400x184.jpg 400w, https:\/\/municipalidadpucon.cl\/wp-content\/uploads\/2025\/10\/7-600x276.jpg 600w, https:\/\/municipalidadpucon.cl\/wp-content\/uploads\/2025\/10\/7-768x353.jpg 768w, https:\/\/municipalidadpucon.cl\/wp-content\/uploads\/2025\/10\/7-800x368.jpg 800w, https:\/\/municipalidadpucon.cl\/wp-content\/uploads\/2025\/10\/7-1024x471.jpg 1024w, https:\/\/municipalidadpucon.cl\/wp-content\/uploads\/2025\/10\/7-1200x552.jpg 1200w, https:\/\/municipalidadpucon.cl\/wp-content\/uploads\/2025\/10\/7.jpg 1280w\" sizes=\"(max-width: 300px) 100vw, 300px\" \/><\/p>\n<p><strong>NECESIDAD LOCAL<\/strong><\/p>\n<p>Exequiel Curipichun, monitor del Programa Transformando Barrios, coincidi\u00f3 en destacar la participaci\u00f3n ciudadana. \u201cNace desde ah\u00ed, desde que ellos mismos reconocen cu\u00e1les son las mejoras de estos espacios, porque son quienes utilizan estos lugares. Nosotros levantamos las necesidades, hicimos un trabajo colaborativo con toda la comunidad, en donde pudimos identificar qu\u00e9 es lo que ellos quer\u00edan resolver, parte de inseguridad, falta de juegos y todo esto se resolvi\u00f3 a trav\u00e9s de la ejecuci\u00f3n de este programa\u201d.<\/p>\n<audio class=\"wp-audio-shortcode\" id=\"audio-56873-3\" preload=\"none\" style=\"width: 100%;\" controls=\"controls\"><source type=\"audio\/mpeg\" src=\"https:\/\/municipalidadpucon.cl\/wp-content\/uploads\/2025\/10\/Exequiel-Curipichun-monitor-Prog-Transformando-Barrios-con-Ninos-y-Adolescentes-.mp3?_=3\" \/><a href=\"https:\/\/municipalidadpucon.cl\/wp-content\/uploads\/2025\/10\/Exequiel-Curipichun-monitor-Prog-Transformando-Barrios-con-Ninos-y-Adolescentes-.mp3\">https:\/\/municipalidadpucon.cl\/wp-content\/uploads\/2025\/10\/Exequiel-Curipichun-monitor-Prog-Transformando-Barrios-con-Ninos-y-Adolescentes-.mp3<\/a><\/audio>\n<p><img decoding=\"async\" class=\"alignnone size-medium wp-image-56882\" src=\"https:\/\/municipalidadpucon.cl\/wp-content\/uploads\/2025\/10\/8-300x138.jpg\" alt=\"\" width=\"300\" height=\"138\" srcset=\"https:\/\/municipalidadpucon.cl\/wp-content\/uploads\/2025\/10\/8-200x92.jpg 200w, https:\/\/municipalidadpucon.cl\/wp-content\/uploads\/2025\/10\/8-300x138.jpg 300w, https:\/\/municipalidadpucon.cl\/wp-content\/uploads\/2025\/10\/8-400x184.jpg 400w, https:\/\/municipalidadpucon.cl\/wp-content\/uploads\/2025\/10\/8-600x276.jpg 600w, https:\/\/municipalidadpucon.cl\/wp-content\/uploads\/2025\/10\/8-768x353.jpg 768w, https:\/\/municipalidadpucon.cl\/wp-content\/uploads\/2025\/10\/8-800x368.jpg 800w, https:\/\/municipalidadpucon.cl\/wp-content\/uploads\/2025\/10\/8-1024x471.jpg 1024w, https:\/\/municipalidadpucon.cl\/wp-content\/uploads\/2025\/10\/8-1200x552.jpg 1200w, https:\/\/municipalidadpucon.cl\/wp-content\/uploads\/2025\/10\/8.jpg 1280w\" sizes=\"(max-width: 300px) 100vw, 300px\" \/> <img decoding=\"async\" class=\"alignnone size-medium wp-image-56883\" src=\"https:\/\/municipalidadpucon.cl\/wp-content\/uploads\/2025\/10\/9-300x138.jpg\" alt=\"\" width=\"300\" height=\"138\" srcset=\"https:\/\/municipalidadpucon.cl\/wp-content\/uploads\/2025\/10\/9-200x92.jpg 200w, https:\/\/municipalidadpucon.cl\/wp-content\/uploads\/2025\/10\/9-300x138.jpg 300w, https:\/\/municipalidadpucon.cl\/wp-content\/uploads\/2025\/10\/9-400x184.jpg 400w, https:\/\/municipalidadpucon.cl\/wp-content\/uploads\/2025\/10\/9-600x276.jpg 600w, https:\/\/municipalidadpucon.cl\/wp-content\/uploads\/2025\/10\/9-768x353.jpg 768w, https:\/\/municipalidadpucon.cl\/wp-content\/uploads\/2025\/10\/9-800x368.jpg 800w, https:\/\/municipalidadpucon.cl\/wp-content\/uploads\/2025\/10\/9-1024x471.jpg 1024w, https:\/\/municipalidadpucon.cl\/wp-content\/uploads\/2025\/10\/9-1200x552.jpg 1200w, https:\/\/municipalidadpucon.cl\/wp-content\/uploads\/2025\/10\/9.jpg 1280w\" sizes=\"(max-width: 300px) 100vw, 300px\" \/> <img decoding=\"async\" class=\"alignnone size-medium wp-image-56884\" src=\"https:\/\/municipalidadpucon.cl\/wp-content\/uploads\/2025\/10\/10-300x138.jpg\" alt=\"\" width=\"300\" height=\"138\" srcset=\"https:\/\/municipalidadpucon.cl\/wp-content\/uploads\/2025\/10\/10-200x92.jpg 200w, https:\/\/municipalidadpucon.cl\/wp-content\/uploads\/2025\/10\/10-300x138.jpg 300w, https:\/\/municipalidadpucon.cl\/wp-content\/uploads\/2025\/10\/10-400x184.jpg 400w, https:\/\/municipalidadpucon.cl\/wp-content\/uploads\/2025\/10\/10-600x276.jpg 600w, https:\/\/municipalidadpucon.cl\/wp-content\/uploads\/2025\/10\/10-768x353.jpg 768w, https:\/\/municipalidadpucon.cl\/wp-content\/uploads\/2025\/10\/10-800x368.jpg 800w, https:\/\/municipalidadpucon.cl\/wp-content\/uploads\/2025\/10\/10-1024x471.jpg 1024w, https:\/\/municipalidadpucon.cl\/wp-content\/uploads\/2025\/10\/10-1200x552.jpg 1200w, https:\/\/municipalidadpucon.cl\/wp-content\/uploads\/2025\/10\/10.jpg 1280w\" sizes=\"(max-width: 300px) 100vw, 300px\" \/> <img decoding=\"async\" class=\"alignnone size-medium wp-image-56885\" src=\"https:\/\/municipalidadpucon.cl\/wp-content\/uploads\/2025\/10\/11-300x138.jpg\" alt=\"\" width=\"300\" height=\"138\" srcset=\"https:\/\/municipalidadpucon.cl\/wp-content\/uploads\/2025\/10\/11-200x92.jpg 200w, https:\/\/municipalidadpucon.cl\/wp-content\/uploads\/2025\/10\/11-300x138.jpg 300w, https:\/\/municipalidadpucon.cl\/wp-content\/uploads\/2025\/10\/11-400x184.jpg 400w, https:\/\/municipalidadpucon.cl\/wp-content\/uploads\/2025\/10\/11-600x276.jpg 600w, https:\/\/municipalidadpucon.cl\/wp-content\/uploads\/2025\/10\/11-768x353.jpg 768w, https:\/\/municipalidadpucon.cl\/wp-content\/uploads\/2025\/10\/11-800x368.jpg 800w, https:\/\/municipalidadpucon.cl\/wp-content\/uploads\/2025\/10\/11-1024x471.jpg 1024w, https:\/\/municipalidadpucon.cl\/wp-content\/uploads\/2025\/10\/11-1200x552.jpg 1200w, https:\/\/municipalidadpucon.cl\/wp-content\/uploads\/2025\/10\/11.jpg 1280w\" sizes=\"(max-width: 300px) 100vw, 300px\" \/><\/p>\n<p>La instituci\u00f3n edilicia fue la que respondi\u00f3 de esta forma a una convocatoria realizada por el Ministerio de Desarrollo Social y Familia, con el fin de concretar esta inversi\u00f3n de $20 millones, que incluy\u00f3 la contrataci\u00f3n del monitor responsable de la ejecuci\u00f3n de este fondo, incluyendo la instalaci\u00f3n de siete luminarias reforzadas (o antivand\u00e1licas), siempre en coordinaci\u00f3n con los infantes del lugar y la Junta de Vecinos Los Arrayanes Libertad, liderada por su presidenta, Anita Azolas, quien junto a la primera autoridad comunal protagonizaron el tradicional \u201ccorte de cinta\u201d.<\/p>\n","protected":false},"excerpt":{"rendered":"<p>Proyecto, liderado por la Municipalidad de Puc\u00f3n, a trav\u00e9s de [&hellip;]<\/p>\n","protected":false},"author":10,"featured_media":56886,"comment_status":"closed","ping_status":"open","sticky":false,"template":"","format":"standard","meta":[],"categories":[98,3],"tags":[],"_links":{"self":[{"href":"https:\/\/municipalidadpucon.cl\/index.php?rest_route=\/wp\/v2\/posts\/56873"}],"collection":[{"href":"https:\/\/municipalidadpucon.cl\/index.php?rest_route=\/wp\/v2\/posts"}],"about":[{"href":"https:\/\/municipalidadpucon.cl\/index.php?rest_route=\/wp\/v2\/types\/post"}],"author":[{"embeddable":true,"href":"https:\/\/municipalidadpucon.cl\/index.php?rest_route=\/wp\/v2\/users\/10"}],"replies":[{"embeddable":true,"href":"https:\/\/municipalidadpucon.cl\/index.php?rest_route=%2Fwp%2Fv2%2Fcomments&post=56873"}],"version-history":[{"count":1,"href":"https:\/\/municipalidadpucon.cl\/index.php?rest_route=\/wp\/v2\/posts\/56873\/revisions"}],"predecessor-version":[{"id":56887,"href":"https:\/\/municipalidadpucon.cl\/index.php?rest_route=\/wp\/v2\/posts\/56873\/revisions\/56887"}],"wp:featuredmedia":[{"embeddable":true,"href":"https:\/\/municipalidadpucon.cl\/index.php?rest_route=\/wp\/v2\/media\/56886"}],"wp:attachment":[{"href":"https:\/\/municipalidadpucon.cl\/index.php?rest_route=%2Fwp%2Fv2%2Fmedia&parent=56873"}],"wp:term":[{"taxonomy":"category","embeddable":true,"href":"https:\/\/municipalidadpucon.cl\/index.php?rest_route=%2Fwp%2Fv2%2Fcategories&post=56873"},{"taxonomy":"post_tag","embeddable":true,"href":"https:\/\/municipalidadpucon.cl\/index.php?rest_route=%2Fwp%2Fv2%2Ftags&post=56873"}],"curies":[{"name":"wp","href":"https:\/\/api.w.org\/{rel}","templated":true}]}}