{"id":56891,"date":"2025-10-28T08:47:05","date_gmt":"2025-10-28T11:47:05","guid":{"rendered":"https:\/\/municipalidadpucon.cl\/?p=56891"},"modified":"2025-10-28T08:47:05","modified_gmt":"2025-10-28T11:47:05","slug":"festival-de-cine-rukapillan-en-pucon-exhibira-mas-de-40-peliculas-desde-el-territorio","status":"publish","type":"post","link":"https:\/\/municipalidadpucon.cl\/?p=56891","title":{"rendered":"Festival de Cine Rukapillan en Puc\u00f3n exhibir\u00e1 m\u00e1s de 40 pel\u00edculas desde el territorio"},"content":{"rendered":"<p><em><strong>La s\u00e9ptima versi\u00f3n del reputado evento se realizar\u00e1 entre el 26 y 30 de noviembre en la comuna lacustre gracias al financiamiento del Fondo de Fomento Audiovisual del Ministerio de las Culturas, las Artes y el Patrimonio.<\/strong><\/em><\/p>\n<p><img decoding=\"async\" class=\"alignnone size-medium wp-image-56892\" src=\"https:\/\/municipalidadpucon.cl\/wp-content\/uploads\/2025\/10\/2-15-300x200.jpeg\" alt=\"\" width=\"300\" height=\"200\" srcset=\"https:\/\/municipalidadpucon.cl\/wp-content\/uploads\/2025\/10\/2-15-200x133.jpeg 200w, https:\/\/municipalidadpucon.cl\/wp-content\/uploads\/2025\/10\/2-15-300x200.jpeg 300w, https:\/\/municipalidadpucon.cl\/wp-content\/uploads\/2025\/10\/2-15-400x267.jpeg 400w, https:\/\/municipalidadpucon.cl\/wp-content\/uploads\/2025\/10\/2-15-600x400.jpeg 600w, https:\/\/municipalidadpucon.cl\/wp-content\/uploads\/2025\/10\/2-15-768x512.jpeg 768w, https:\/\/municipalidadpucon.cl\/wp-content\/uploads\/2025\/10\/2-15-800x533.jpeg 800w, https:\/\/municipalidadpucon.cl\/wp-content\/uploads\/2025\/10\/2-15-1024x682.jpeg 1024w, https:\/\/municipalidadpucon.cl\/wp-content\/uploads\/2025\/10\/2-15-1200x800.jpeg 1200w, https:\/\/municipalidadpucon.cl\/wp-content\/uploads\/2025\/10\/2-15-scaled.jpeg 1300w, https:\/\/municipalidadpucon.cl\/wp-content\/uploads\/2025\/10\/2-15-1536x1023.jpeg 1536w\" sizes=\"(max-width: 300px) 100vw, 300px\" \/> <img decoding=\"async\" class=\"alignnone size-medium wp-image-56893\" src=\"https:\/\/municipalidadpucon.cl\/wp-content\/uploads\/2025\/10\/3-12-300x200.jpg\" alt=\"\" width=\"300\" height=\"200\" srcset=\"https:\/\/municipalidadpucon.cl\/wp-content\/uploads\/2025\/10\/3-12-200x133.jpg 200w, https:\/\/municipalidadpucon.cl\/wp-content\/uploads\/2025\/10\/3-12-300x200.jpg 300w, https:\/\/municipalidadpucon.cl\/wp-content\/uploads\/2025\/10\/3-12-400x267.jpg 400w, https:\/\/municipalidadpucon.cl\/wp-content\/uploads\/2025\/10\/3-12-600x400.jpg 600w, https:\/\/municipalidadpucon.cl\/wp-content\/uploads\/2025\/10\/3-12-768x512.jpg 768w, https:\/\/municipalidadpucon.cl\/wp-content\/uploads\/2025\/10\/3-12-800x533.jpg 800w, https:\/\/municipalidadpucon.cl\/wp-content\/uploads\/2025\/10\/3-12-1024x683.jpg 1024w, https:\/\/municipalidadpucon.cl\/wp-content\/uploads\/2025\/10\/3-12-1200x800.jpg 1200w, https:\/\/municipalidadpucon.cl\/wp-content\/uploads\/2025\/10\/3-12-scaled.jpg 1300w, https:\/\/municipalidadpucon.cl\/wp-content\/uploads\/2025\/10\/3-12-1536x1024.jpg 1536w\" sizes=\"(max-width: 300px) 100vw, 300px\" \/> <img decoding=\"async\" class=\"alignnone size-medium wp-image-56894\" src=\"https:\/\/municipalidadpucon.cl\/wp-content\/uploads\/2025\/10\/5-6-300x200.jpeg\" alt=\"\" width=\"300\" height=\"200\" srcset=\"https:\/\/municipalidadpucon.cl\/wp-content\/uploads\/2025\/10\/5-6-200x133.jpeg 200w, https:\/\/municipalidadpucon.cl\/wp-content\/uploads\/2025\/10\/5-6-300x200.jpeg 300w, https:\/\/municipalidadpucon.cl\/wp-content\/uploads\/2025\/10\/5-6-400x267.jpeg 400w, https:\/\/municipalidadpucon.cl\/wp-content\/uploads\/2025\/10\/5-6-600x400.jpeg 600w, https:\/\/municipalidadpucon.cl\/wp-content\/uploads\/2025\/10\/5-6-768x512.jpeg 768w, https:\/\/municipalidadpucon.cl\/wp-content\/uploads\/2025\/10\/5-6-800x533.jpeg 800w, https:\/\/municipalidadpucon.cl\/wp-content\/uploads\/2025\/10\/5-6-1024x682.jpeg 1024w, https:\/\/municipalidadpucon.cl\/wp-content\/uploads\/2025\/10\/5-6-1200x800.jpeg 1200w, https:\/\/municipalidadpucon.cl\/wp-content\/uploads\/2025\/10\/5-6-scaled.jpeg 1300w, https:\/\/municipalidadpucon.cl\/wp-content\/uploads\/2025\/10\/5-6-1536x1023.jpeg 1536w\" sizes=\"(max-width: 300px) 100vw, 300px\" \/> <img decoding=\"async\" class=\"alignnone size-medium wp-image-56895\" src=\"https:\/\/municipalidadpucon.cl\/wp-content\/uploads\/2025\/10\/encargado-de-Vinculacion-con-el-Medio-y-Extension-Artistico-Cultural-del-Campus-Pucon-Roberto-Obreque-300x200.jpeg\" alt=\"\" width=\"300\" height=\"200\" srcset=\"https:\/\/municipalidadpucon.cl\/wp-content\/uploads\/2025\/10\/encargado-de-Vinculacion-con-el-Medio-y-Extension-Artistico-Cultural-del-Campus-Pucon-Roberto-Obreque-200x133.jpeg 200w, https:\/\/municipalidadpucon.cl\/wp-content\/uploads\/2025\/10\/encargado-de-Vinculacion-con-el-Medio-y-Extension-Artistico-Cultural-del-Campus-Pucon-Roberto-Obreque-300x200.jpeg 300w, https:\/\/municipalidadpucon.cl\/wp-content\/uploads\/2025\/10\/encargado-de-Vinculacion-con-el-Medio-y-Extension-Artistico-Cultural-del-Campus-Pucon-Roberto-Obreque-400x267.jpeg 400w, https:\/\/municipalidadpucon.cl\/wp-content\/uploads\/2025\/10\/encargado-de-Vinculacion-con-el-Medio-y-Extension-Artistico-Cultural-del-Campus-Pucon-Roberto-Obreque-600x400.jpeg 600w, https:\/\/municipalidadpucon.cl\/wp-content\/uploads\/2025\/10\/encargado-de-Vinculacion-con-el-Medio-y-Extension-Artistico-Cultural-del-Campus-Pucon-Roberto-Obreque-768x512.jpeg 768w, https:\/\/municipalidadpucon.cl\/wp-content\/uploads\/2025\/10\/encargado-de-Vinculacion-con-el-Medio-y-Extension-Artistico-Cultural-del-Campus-Pucon-Roberto-Obreque-800x533.jpeg 800w, https:\/\/municipalidadpucon.cl\/wp-content\/uploads\/2025\/10\/encargado-de-Vinculacion-con-el-Medio-y-Extension-Artistico-Cultural-del-Campus-Pucon-Roberto-Obreque-1024x682.jpeg 1024w, https:\/\/municipalidadpucon.cl\/wp-content\/uploads\/2025\/10\/encargado-de-Vinculacion-con-el-Medio-y-Extension-Artistico-Cultural-del-Campus-Pucon-Roberto-Obreque-1200x800.jpeg 1200w, https:\/\/municipalidadpucon.cl\/wp-content\/uploads\/2025\/10\/encargado-de-Vinculacion-con-el-Medio-y-Extension-Artistico-Cultural-del-Campus-Pucon-Roberto-Obreque-scaled.jpeg 1300w, https:\/\/municipalidadpucon.cl\/wp-content\/uploads\/2025\/10\/encargado-de-Vinculacion-con-el-Medio-y-Extension-Artistico-Cultural-del-Campus-Pucon-Roberto-Obreque-1536x1023.jpeg 1536w\" sizes=\"(max-width: 300px) 100vw, 300px\" \/><\/p>\n<p>Un colorido y formal lanzamiento tuvo hace algunos d\u00edas la s\u00e9ptima versi\u00f3n del Festival de Cine Rukapillan Puc\u00f3n 2025, el que vivi\u00f3 esta jornada estelar y \u201cen sociedad\u201d en la Universidad de La Frontera (UFRO) en Temuco, en donde fueron convocados autoridades y prensa local, adelantando el nutrido programa de este certamen fijado entre el 26 y 30 de noviembre pr\u00f3ximo en el campus Puc\u00f3n de la entidad educativa regional.<\/p>\n<p>El evento cont\u00f3 con la participaci\u00f3n del Seremi de las Culturas, las Artes y el Patrimonio de La Araucan\u00eda, Eric Iturriaga; la Coordinadora del \u00c1rea de Cultura de la Municipalidad de Puc\u00f3n, Natalia Barros; y el encargado de Vinculaci\u00f3n con el Medio y Extensi\u00f3n Art\u00edstico-Cultural del Campus Puc\u00f3n, Roberto Obreque.<\/p>\n<p><strong>ATRACTIVOS AUDIOVISUALES<\/strong><\/p>\n<p>Durante la jornada, los directores del Festival, Francisca Celume y Jeremy Hatcher, dieron a conocer los detalles de la programaci\u00f3n \u201cque contempla m\u00e1s de 40 pel\u00edculas distribuidas en distintas secciones; entre ellas, competencia nacional de cortometrajes, cine hecho por mujeres, cine familiar, muestras de cine ind\u00edgena, de naturaleza y deporte, y de diversidad sexual y de g\u00e9nero\u201d, indic\u00f3 Francisca Celume, directora del encuentro.<\/p>\n<!--[if lt IE 9]><script>document.createElement('audio');<\/script><![endif]-->\n<audio class=\"wp-audio-shortcode\" id=\"audio-56891-1\" preload=\"none\" style=\"width: 100%;\" controls=\"controls\"><source type=\"audio\/mpeg\" src=\"https:\/\/municipalidadpucon.cl\/wp-content\/uploads\/2025\/10\/Francisca-Celume-directora-Festival-habla-de-atractivos-e-inauguracion-.mp3?_=1\" \/><a href=\"https:\/\/municipalidadpucon.cl\/wp-content\/uploads\/2025\/10\/Francisca-Celume-directora-Festival-habla-de-atractivos-e-inauguracion-.mp3\">https:\/\/municipalidadpucon.cl\/wp-content\/uploads\/2025\/10\/Francisca-Celume-directora-Festival-habla-de-atractivos-e-inauguracion-.mp3<\/a><\/audio>\n<p>El Festival tambi\u00e9n incluir\u00e1 exposiciones, experiencias de realidad virtual y actividades formativas; adem\u00e1s de exhibirse cuatro largometrajes chilenos: Oro Amargo, del director Juan Francisco Olea; Todos Somos Justos, de Carlos Leiva; Sincron\u00eda, de Caro Bloj; y Denominaci\u00f3n de origen, de Tom\u00e1s Alzamora.<\/p>\n<p>Por su parte, Eric Iturriaga, se\u00f1al\u00f3 que \u201ccomo Seremi de las Culturas, las Artes y el Patrimonio de la Regi\u00f3n de La Araucan\u00eda, estamos muy contentos con la iniciativa del Festival Rukapillan. Creemos que es virtuoso, puesto que vincula la identidad territorial con el talento en torno al cine, pero adem\u00e1s de eso, nos llama a la reflexi\u00f3n: va a tener una diversidad de secciones, de talleres, de conversatorios y adem\u00e1s de eso, m\u00e1s de 40 exhibiciones. As\u00ed que la invitaci\u00f3n es a sumarse con su familia\u201d.<\/p>\n<audio class=\"wp-audio-shortcode\" id=\"audio-56891-2\" preload=\"none\" style=\"width: 100%;\" controls=\"controls\"><source type=\"audio\/mpeg\" src=\"https:\/\/municipalidadpucon.cl\/wp-content\/uploads\/2025\/10\/Eric-Iturriaga-Seremi-de-Culturas-Artes-y-Patrimonio-apoya-el-evento-.mp3?_=2\" \/><a href=\"https:\/\/municipalidadpucon.cl\/wp-content\/uploads\/2025\/10\/Eric-Iturriaga-Seremi-de-Culturas-Artes-y-Patrimonio-apoya-el-evento-.mp3\">https:\/\/municipalidadpucon.cl\/wp-content\/uploads\/2025\/10\/Eric-Iturriaga-Seremi-de-Culturas-Artes-y-Patrimonio-apoya-el-evento-.mp3<\/a><\/audio>\n<p><img decoding=\"async\" class=\"size-medium wp-image-56898 aligncenter\" src=\"https:\/\/municipalidadpucon.cl\/wp-content\/uploads\/2025\/10\/4-9-300x197.jpg\" alt=\"\" width=\"300\" height=\"197\" srcset=\"https:\/\/municipalidadpucon.cl\/wp-content\/uploads\/2025\/10\/4-9-200x131.jpg 200w, https:\/\/municipalidadpucon.cl\/wp-content\/uploads\/2025\/10\/4-9-300x197.jpg 300w, https:\/\/municipalidadpucon.cl\/wp-content\/uploads\/2025\/10\/4-9-400x263.jpg 400w, https:\/\/municipalidadpucon.cl\/wp-content\/uploads\/2025\/10\/4-9-600x394.jpg 600w, https:\/\/municipalidadpucon.cl\/wp-content\/uploads\/2025\/10\/4-9-768x505.jpg 768w, https:\/\/municipalidadpucon.cl\/wp-content\/uploads\/2025\/10\/4-9-800x526.jpg 800w, https:\/\/municipalidadpucon.cl\/wp-content\/uploads\/2025\/10\/4-9-1024x673.jpg 1024w, https:\/\/municipalidadpucon.cl\/wp-content\/uploads\/2025\/10\/4-9-1200x789.jpg 1200w, https:\/\/municipalidadpucon.cl\/wp-content\/uploads\/2025\/10\/4-9-scaled.jpg 1300w, https:\/\/municipalidadpucon.cl\/wp-content\/uploads\/2025\/10\/4-9-1536x1010.jpg 1536w\" sizes=\"(max-width: 300px) 100vw, 300px\" \/><\/p>\n<p><strong>MUESTRA ITINERARIA<\/strong><\/p>\n<p>Jeremy Hatcher, codirector del evento, subray\u00f3 que \u201cesta nueva edici\u00f3n no s\u00f3lo ampl\u00eda su alcance con la Ruta Volc\u00e1nica, una muestra itinerante que recorrer\u00e1 las comunas de Villarrica, Curarrehue, Curacaut\u00edn y Lonquimay, sino que tambi\u00e9n refuerza los lazos entre las universidades, los artistas y el p\u00fablico, lo que fortalece el car\u00e1cter regional del Festival\u201d.<\/p>\n<audio class=\"wp-audio-shortcode\" id=\"audio-56891-3\" preload=\"none\" style=\"width: 100%;\" controls=\"controls\"><source type=\"audio\/mpeg\" src=\"https:\/\/municipalidadpucon.cl\/wp-content\/uploads\/2025\/10\/Jeremy-Hatcher-director-del-certamen-.mp3?_=3\" \/><a href=\"https:\/\/municipalidadpucon.cl\/wp-content\/uploads\/2025\/10\/Jeremy-Hatcher-director-del-certamen-.mp3\">https:\/\/municipalidadpucon.cl\/wp-content\/uploads\/2025\/10\/Jeremy-Hatcher-director-del-certamen-.mp3<\/a><\/audio>\n<p>La presentaci\u00f3n de la programaci\u00f3n del evento cerr\u00f3 con la proyecci\u00f3n de dos cortometrajes reconocidos durante el 6\u00ba Festival de Cine Rukapillan realizado en 2023: El cortometraje ganador La Princesa y el Guisante, de Valentina Davidson y la menci\u00f3n honrosa Casa con Bandera, de Carlos Valverde y Rodrigo Hiriarte.<\/p>\n<p><img decoding=\"async\" class=\"alignnone size-medium wp-image-56900\" src=\"https:\/\/municipalidadpucon.cl\/wp-content\/uploads\/2025\/10\/programa-carrig-240x300.png\" alt=\"\" width=\"240\" height=\"300\" srcset=\"https:\/\/municipalidadpucon.cl\/wp-content\/uploads\/2025\/10\/programa-carrig-200x250.png 200w, https:\/\/municipalidadpucon.cl\/wp-content\/uploads\/2025\/10\/programa-carrig-240x300.png 240w, https:\/\/municipalidadpucon.cl\/wp-content\/uploads\/2025\/10\/programa-carrig-400x500.png 400w, https:\/\/municipalidadpucon.cl\/wp-content\/uploads\/2025\/10\/programa-carrig-600x750.png 600w, https:\/\/municipalidadpucon.cl\/wp-content\/uploads\/2025\/10\/programa-carrig-768x960.png 768w, https:\/\/municipalidadpucon.cl\/wp-content\/uploads\/2025\/10\/programa-carrig-800x1000.png 800w, https:\/\/municipalidadpucon.cl\/wp-content\/uploads\/2025\/10\/programa-carrig-819x1024.png 819w, https:\/\/municipalidadpucon.cl\/wp-content\/uploads\/2025\/10\/programa-carrig-1200x1500.png 1200w, https:\/\/municipalidadpucon.cl\/wp-content\/uploads\/2025\/10\/programa-carrig-1229x1536.png 1229w, https:\/\/municipalidadpucon.cl\/wp-content\/uploads\/2025\/10\/programa-carrig.png 1440w\" sizes=\"(max-width: 240px) 100vw, 240px\" \/> <img decoding=\"async\" class=\"alignnone size-medium wp-image-56901\" src=\"https:\/\/municipalidadpucon.cl\/wp-content\/uploads\/2025\/10\/programa-carrig2-240x300.png\" alt=\"\" width=\"240\" height=\"300\" srcset=\"https:\/\/municipalidadpucon.cl\/wp-content\/uploads\/2025\/10\/programa-carrig2-200x250.png 200w, https:\/\/municipalidadpucon.cl\/wp-content\/uploads\/2025\/10\/programa-carrig2-240x300.png 240w, https:\/\/municipalidadpucon.cl\/wp-content\/uploads\/2025\/10\/programa-carrig2-400x500.png 400w, https:\/\/municipalidadpucon.cl\/wp-content\/uploads\/2025\/10\/programa-carrig2-600x750.png 600w, https:\/\/municipalidadpucon.cl\/wp-content\/uploads\/2025\/10\/programa-carrig2-768x960.png 768w, https:\/\/municipalidadpucon.cl\/wp-content\/uploads\/2025\/10\/programa-carrig2-800x1000.png 800w, https:\/\/municipalidadpucon.cl\/wp-content\/uploads\/2025\/10\/programa-carrig2-819x1024.png 819w, https:\/\/municipalidadpucon.cl\/wp-content\/uploads\/2025\/10\/programa-carrig2-1200x1500.png 1200w, https:\/\/municipalidadpucon.cl\/wp-content\/uploads\/2025\/10\/programa-carrig2-1229x1536.png 1229w, https:\/\/municipalidadpucon.cl\/wp-content\/uploads\/2025\/10\/programa-carrig2.png 1440w\" sizes=\"(max-width: 240px) 100vw, 240px\" \/> <img decoding=\"async\" class=\"alignnone size-medium wp-image-56902\" src=\"https:\/\/municipalidadpucon.cl\/wp-content\/uploads\/2025\/10\/programa-carrig4-240x300.png\" alt=\"\" width=\"240\" height=\"300\" srcset=\"https:\/\/municipalidadpucon.cl\/wp-content\/uploads\/2025\/10\/programa-carrig4-200x250.png 200w, https:\/\/municipalidadpucon.cl\/wp-content\/uploads\/2025\/10\/programa-carrig4-240x300.png 240w, https:\/\/municipalidadpucon.cl\/wp-content\/uploads\/2025\/10\/programa-carrig4-400x500.png 400w, https:\/\/municipalidadpucon.cl\/wp-content\/uploads\/2025\/10\/programa-carrig4-600x750.png 600w, https:\/\/municipalidadpucon.cl\/wp-content\/uploads\/2025\/10\/programa-carrig4-768x960.png 768w, https:\/\/municipalidadpucon.cl\/wp-content\/uploads\/2025\/10\/programa-carrig4-800x1000.png 800w, https:\/\/municipalidadpucon.cl\/wp-content\/uploads\/2025\/10\/programa-carrig4-819x1024.png 819w, https:\/\/municipalidadpucon.cl\/wp-content\/uploads\/2025\/10\/programa-carrig4-1200x1500.png 1200w, https:\/\/municipalidadpucon.cl\/wp-content\/uploads\/2025\/10\/programa-carrig4-1229x1536.png 1229w, https:\/\/municipalidadpucon.cl\/wp-content\/uploads\/2025\/10\/programa-carrig4.png 1440w\" sizes=\"(max-width: 240px) 100vw, 240px\" \/><\/p>\n<p>El 7\u00ba Festival de Cine Rukapillan es financiado por el Fondo de Fomento Audiovisual del Ministerio de las Culturas, las Artes y el Patrimonio, y cuenta con el apoyo de la Municipalidad de Puc\u00f3n y la UFRO, por lo que es un encuentro cinematogr\u00e1fico gratuito que, desde 2016, se ha consolidado como el principal encuentro del S\u00e9ptimo Arte en el pa\u00eds, la Regi\u00f3n y en especial de la zona lacustre de La Araucan\u00eda.<\/p>\n<p><img decoding=\"async\" class=\"alignnone size-medium wp-image-56904\" src=\"https:\/\/municipalidadpucon.cl\/wp-content\/uploads\/2025\/10\/programa-carrig6-1-240x300.png\" alt=\"\" width=\"240\" height=\"300\" srcset=\"https:\/\/municipalidadpucon.cl\/wp-content\/uploads\/2025\/10\/programa-carrig6-1-200x250.png 200w, https:\/\/municipalidadpucon.cl\/wp-content\/uploads\/2025\/10\/programa-carrig6-1-240x300.png 240w, https:\/\/municipalidadpucon.cl\/wp-content\/uploads\/2025\/10\/programa-carrig6-1-400x500.png 400w, https:\/\/municipalidadpucon.cl\/wp-content\/uploads\/2025\/10\/programa-carrig6-1-600x750.png 600w, https:\/\/municipalidadpucon.cl\/wp-content\/uploads\/2025\/10\/programa-carrig6-1-768x960.png 768w, https:\/\/municipalidadpucon.cl\/wp-content\/uploads\/2025\/10\/programa-carrig6-1-800x1000.png 800w, https:\/\/municipalidadpucon.cl\/wp-content\/uploads\/2025\/10\/programa-carrig6-1-819x1024.png 819w, https:\/\/municipalidadpucon.cl\/wp-content\/uploads\/2025\/10\/programa-carrig6-1-1200x1500.png 1200w, https:\/\/municipalidadpucon.cl\/wp-content\/uploads\/2025\/10\/programa-carrig6-1-1229x1536.png 1229w, https:\/\/municipalidadpucon.cl\/wp-content\/uploads\/2025\/10\/programa-carrig6-1.png 1440w\" sizes=\"(max-width: 240px) 100vw, 240px\" \/> <img decoding=\"async\" class=\"alignnone size-medium wp-image-56905\" src=\"https:\/\/municipalidadpucon.cl\/wp-content\/uploads\/2025\/10\/programa-carrig7-240x300.png\" alt=\"\" width=\"240\" height=\"300\" srcset=\"https:\/\/municipalidadpucon.cl\/wp-content\/uploads\/2025\/10\/programa-carrig7-200x250.png 200w, https:\/\/municipalidadpucon.cl\/wp-content\/uploads\/2025\/10\/programa-carrig7-240x300.png 240w, https:\/\/municipalidadpucon.cl\/wp-content\/uploads\/2025\/10\/programa-carrig7-400x500.png 400w, https:\/\/municipalidadpucon.cl\/wp-content\/uploads\/2025\/10\/programa-carrig7-600x750.png 600w, https:\/\/municipalidadpucon.cl\/wp-content\/uploads\/2025\/10\/programa-carrig7-768x960.png 768w, https:\/\/municipalidadpucon.cl\/wp-content\/uploads\/2025\/10\/programa-carrig7-800x1000.png 800w, https:\/\/municipalidadpucon.cl\/wp-content\/uploads\/2025\/10\/programa-carrig7-819x1024.png 819w, https:\/\/municipalidadpucon.cl\/wp-content\/uploads\/2025\/10\/programa-carrig7-1200x1500.png 1200w, https:\/\/municipalidadpucon.cl\/wp-content\/uploads\/2025\/10\/programa-carrig7-1229x1536.png 1229w, https:\/\/municipalidadpucon.cl\/wp-content\/uploads\/2025\/10\/programa-carrig7.png 1440w\" sizes=\"(max-width: 240px) 100vw, 240px\" \/> <img decoding=\"async\" class=\"alignnone size-medium wp-image-56906\" src=\"https:\/\/municipalidadpucon.cl\/wp-content\/uploads\/2025\/10\/programa-carrig8-240x300.png\" alt=\"\" width=\"240\" height=\"300\" srcset=\"https:\/\/municipalidadpucon.cl\/wp-content\/uploads\/2025\/10\/programa-carrig8-200x250.png 200w, https:\/\/municipalidadpucon.cl\/wp-content\/uploads\/2025\/10\/programa-carrig8-240x300.png 240w, https:\/\/municipalidadpucon.cl\/wp-content\/uploads\/2025\/10\/programa-carrig8-400x500.png 400w, https:\/\/municipalidadpucon.cl\/wp-content\/uploads\/2025\/10\/programa-carrig8-600x750.png 600w, https:\/\/municipalidadpucon.cl\/wp-content\/uploads\/2025\/10\/programa-carrig8-768x960.png 768w, https:\/\/municipalidadpucon.cl\/wp-content\/uploads\/2025\/10\/programa-carrig8-800x1000.png 800w, https:\/\/municipalidadpucon.cl\/wp-content\/uploads\/2025\/10\/programa-carrig8-819x1024.png 819w, https:\/\/municipalidadpucon.cl\/wp-content\/uploads\/2025\/10\/programa-carrig8-1200x1500.png 1200w, https:\/\/municipalidadpucon.cl\/wp-content\/uploads\/2025\/10\/programa-carrig8-1229x1536.png 1229w, https:\/\/municipalidadpucon.cl\/wp-content\/uploads\/2025\/10\/programa-carrig8.png 1440w\" sizes=\"(max-width: 240px) 100vw, 240px\" \/><\/p>\n","protected":false},"excerpt":{"rendered":"<p>La s\u00e9ptima versi\u00f3n del reputado evento se realizar\u00e1 entre el [&hellip;]<\/p>\n","protected":false},"author":10,"featured_media":56907,"comment_status":"closed","ping_status":"open","sticky":false,"template":"","format":"standard","meta":[],"categories":[98,3],"tags":[],"_links":{"self":[{"href":"https:\/\/municipalidadpucon.cl\/index.php?rest_route=\/wp\/v2\/posts\/56891"}],"collection":[{"href":"https:\/\/municipalidadpucon.cl\/index.php?rest_route=\/wp\/v2\/posts"}],"about":[{"href":"https:\/\/municipalidadpucon.cl\/index.php?rest_route=\/wp\/v2\/types\/post"}],"author":[{"embeddable":true,"href":"https:\/\/municipalidadpucon.cl\/index.php?rest_route=\/wp\/v2\/users\/10"}],"replies":[{"embeddable":true,"href":"https:\/\/municipalidadpucon.cl\/index.php?rest_route=%2Fwp%2Fv2%2Fcomments&post=56891"}],"version-history":[{"count":1,"href":"https:\/\/municipalidadpucon.cl\/index.php?rest_route=\/wp\/v2\/posts\/56891\/revisions"}],"predecessor-version":[{"id":56908,"href":"https:\/\/municipalidadpucon.cl\/index.php?rest_route=\/wp\/v2\/posts\/56891\/revisions\/56908"}],"wp:featuredmedia":[{"embeddable":true,"href":"https:\/\/municipalidadpucon.cl\/index.php?rest_route=\/wp\/v2\/media\/56907"}],"wp:attachment":[{"href":"https:\/\/municipalidadpucon.cl\/index.php?rest_route=%2Fwp%2Fv2%2Fmedia&parent=56891"}],"wp:term":[{"taxonomy":"category","embeddable":true,"href":"https:\/\/municipalidadpucon.cl\/index.php?rest_route=%2Fwp%2Fv2%2Fcategories&post=56891"},{"taxonomy":"post_tag","embeddable":true,"href":"https:\/\/municipalidadpucon.cl\/index.php?rest_route=%2Fwp%2Fv2%2Ftags&post=56891"}],"curies":[{"name":"wp","href":"https:\/\/api.w.org\/{rel}","templated":true}]}}