{"id":56909,"date":"2025-10-28T12:17:26","date_gmt":"2025-10-28T15:17:26","guid":{"rendered":"https:\/\/municipalidadpucon.cl\/?p=56909"},"modified":"2025-10-28T12:17:26","modified_gmt":"2025-10-28T15:17:26","slug":"futbol-rural-pulafquen-premio-a-sus-mejores-cinco-equipos-de-2025","status":"publish","type":"post","link":"https:\/\/municipalidadpucon.cl\/?p=56909","title":{"rendered":"F\u00fatbol Rural Pulafquen premi\u00f3 a sus mejores cinco equipos de 2025"},"content":{"rendered":"<p><em><strong>Una masiva jornada de puro deporte y festejos se desarroll\u00f3 el \u00faltimo fin de semana en el complejo El Roble, desde donde la autoridad municipal confirm\u00f3 seguir avanzando en una equipada infraestructura que incluye nueva cancha sint\u00e9tica, camarines, iluminaci\u00f3n y renovado acceso.<\/strong><\/em><\/p>\n<p><img decoding=\"async\" class=\"alignnone size-medium wp-image-56910\" src=\"https:\/\/municipalidadpucon.cl\/wp-content\/uploads\/2025\/10\/2-16-300x225.jpg\" alt=\"\" width=\"300\" height=\"225\" srcset=\"https:\/\/municipalidadpucon.cl\/wp-content\/uploads\/2025\/10\/2-16-200x150.jpg 200w, https:\/\/municipalidadpucon.cl\/wp-content\/uploads\/2025\/10\/2-16-300x225.jpg 300w, https:\/\/municipalidadpucon.cl\/wp-content\/uploads\/2025\/10\/2-16-400x300.jpg 400w, https:\/\/municipalidadpucon.cl\/wp-content\/uploads\/2025\/10\/2-16-600x450.jpg 600w, https:\/\/municipalidadpucon.cl\/wp-content\/uploads\/2025\/10\/2-16-768x576.jpg 768w, https:\/\/municipalidadpucon.cl\/wp-content\/uploads\/2025\/10\/2-16-800x600.jpg 800w, https:\/\/municipalidadpucon.cl\/wp-content\/uploads\/2025\/10\/2-16-1024x768.jpg 1024w, https:\/\/municipalidadpucon.cl\/wp-content\/uploads\/2025\/10\/2-16-1200x900.jpg 1200w, https:\/\/municipalidadpucon.cl\/wp-content\/uploads\/2025\/10\/2-16.jpg 1280w\" sizes=\"(max-width: 300px) 100vw, 300px\" \/> <img decoding=\"async\" class=\"alignnone size-medium wp-image-56911\" src=\"https:\/\/municipalidadpucon.cl\/wp-content\/uploads\/2025\/10\/3-13-300x225.jpg\" alt=\"\" width=\"300\" height=\"225\" srcset=\"https:\/\/municipalidadpucon.cl\/wp-content\/uploads\/2025\/10\/3-13-200x150.jpg 200w, https:\/\/municipalidadpucon.cl\/wp-content\/uploads\/2025\/10\/3-13-300x225.jpg 300w, https:\/\/municipalidadpucon.cl\/wp-content\/uploads\/2025\/10\/3-13-400x300.jpg 400w, https:\/\/municipalidadpucon.cl\/wp-content\/uploads\/2025\/10\/3-13-600x450.jpg 600w, https:\/\/municipalidadpucon.cl\/wp-content\/uploads\/2025\/10\/3-13-768x576.jpg 768w, https:\/\/municipalidadpucon.cl\/wp-content\/uploads\/2025\/10\/3-13-800x600.jpg 800w, https:\/\/municipalidadpucon.cl\/wp-content\/uploads\/2025\/10\/3-13-1024x768.jpg 1024w, https:\/\/municipalidadpucon.cl\/wp-content\/uploads\/2025\/10\/3-13-1200x900.jpg 1200w, https:\/\/municipalidadpucon.cl\/wp-content\/uploads\/2025\/10\/3-13.jpg 1280w\" sizes=\"(max-width: 300px) 100vw, 300px\" \/><\/p>\n<p>Una muy buena impresi\u00f3n dej\u00f3, el domingo \u00faltimo, el desarrollo de un masivo espect\u00e1culo de f\u00fatbol rural que en el complejo deportivo El Roble vivi\u00f3 cinco finales, organizadas por la Asociaci\u00f3n Pulafquen, con el respaldo de la Municipalidad de Puc\u00f3n, a trav\u00e9s de su Departamento de Deportes, coron\u00e1ndose en el partido estelar el equipo Flor del Lago, que en la definici\u00f3n de la serie de honor derrot\u00f3 1-0 a El Roble, con gol anotado casi en los descuentos.<\/p>\n<p>El certamen cont\u00f3 con la presencia de las principales autoridades locales; entre ellos, el alcalde de la comuna, Sebasti\u00e1n \u00c1lvarez, los concejales Claudio Cortez y Julio Inzunza; el director de desarrollo comunal (DIDECO), Gustavo Sandoval; adem\u00e1s de quien fue local en este encuentro, Pamela Campos, entusiasta presidenta de la Asociaci\u00f3n Pulafquen.<\/p>\n<p><img decoding=\"async\" class=\"alignnone size-medium wp-image-56912\" src=\"https:\/\/municipalidadpucon.cl\/wp-content\/uploads\/2025\/10\/11-1-300x225.jpg\" alt=\"\" width=\"300\" height=\"225\" srcset=\"https:\/\/municipalidadpucon.cl\/wp-content\/uploads\/2025\/10\/11-1-200x150.jpg 200w, https:\/\/municipalidadpucon.cl\/wp-content\/uploads\/2025\/10\/11-1-300x225.jpg 300w, https:\/\/municipalidadpucon.cl\/wp-content\/uploads\/2025\/10\/11-1-400x300.jpg 400w, https:\/\/municipalidadpucon.cl\/wp-content\/uploads\/2025\/10\/11-1-600x450.jpg 600w, https:\/\/municipalidadpucon.cl\/wp-content\/uploads\/2025\/10\/11-1-768x576.jpg 768w, https:\/\/municipalidadpucon.cl\/wp-content\/uploads\/2025\/10\/11-1-800x600.jpg 800w, https:\/\/municipalidadpucon.cl\/wp-content\/uploads\/2025\/10\/11-1-1024x768.jpg 1024w, https:\/\/municipalidadpucon.cl\/wp-content\/uploads\/2025\/10\/11-1-1200x900.jpg 1200w, https:\/\/municipalidadpucon.cl\/wp-content\/uploads\/2025\/10\/11-1.jpg 1280w\" sizes=\"(max-width: 300px) 100vw, 300px\" \/> <img decoding=\"async\" class=\"alignnone size-medium wp-image-56913\" src=\"https:\/\/municipalidadpucon.cl\/wp-content\/uploads\/2025\/10\/12-300x225.jpg\" alt=\"\" width=\"300\" height=\"225\" srcset=\"https:\/\/municipalidadpucon.cl\/wp-content\/uploads\/2025\/10\/12-200x150.jpg 200w, https:\/\/municipalidadpucon.cl\/wp-content\/uploads\/2025\/10\/12-300x225.jpg 300w, https:\/\/municipalidadpucon.cl\/wp-content\/uploads\/2025\/10\/12-400x300.jpg 400w, https:\/\/municipalidadpucon.cl\/wp-content\/uploads\/2025\/10\/12-600x450.jpg 600w, https:\/\/municipalidadpucon.cl\/wp-content\/uploads\/2025\/10\/12-768x576.jpg 768w, https:\/\/municipalidadpucon.cl\/wp-content\/uploads\/2025\/10\/12-800x600.jpg 800w, https:\/\/municipalidadpucon.cl\/wp-content\/uploads\/2025\/10\/12-1024x768.jpg 1024w, https:\/\/municipalidadpucon.cl\/wp-content\/uploads\/2025\/10\/12-1200x900.jpg 1200w, https:\/\/municipalidadpucon.cl\/wp-content\/uploads\/2025\/10\/12.jpg 1280w\" sizes=\"(max-width: 300px) 100vw, 300px\" \/><\/p>\n<p><strong>MEJORAR INFRAESTRUCTURA<\/strong><\/p>\n<p>\u201cTodo ha resultado s\u00faper bien, gracias a Dios. Impecable, todo impecable. Lo m\u00e1s destacado fue la presencia del p\u00fablico y la disciplina de los jugadores dentro de la cancha, que es lo que m\u00e1s nos preocupa hoy en d\u00eda\u201d, destac\u00f3 la timonel del balompi\u00e9 amateur de los campos puconinos, en donde ans\u00edan concretar un viejo anhelo, cual es el de tener una cancha de pasto sint\u00e9tico, nuevos camarines, iluminaci\u00f3n, accesos y estacionamientos. \u201cLo llevamos peleando 20 a\u00f1os. Desde que se form\u00f3 la Asociaci\u00f3n Pulafqu\u00e9n es el sue\u00f1o del f\u00fatbol rural, tener un estadio ac\u00e1, en este recinto, que es maravilloso, y que est\u00e1 para eso, para el deporte\u201d, indic\u00f3 la mandam\u00e1s del balompi\u00e9 que tiene su escenario principal en el sector Quetroleufu.<\/p>\n<!--[if lt IE 9]><script>document.createElement('audio');<\/script><![endif]-->\n<audio class=\"wp-audio-shortcode\" id=\"audio-56909-1\" preload=\"none\" style=\"width: 100%;\" controls=\"controls\"><source type=\"audio\/mpeg\" src=\"https:\/\/municipalidadpucon.cl\/wp-content\/uploads\/2025\/10\/Pamela-Campos-Pdta-Asocicion-Futbol-Rural-Pulafquen-.mp3?_=1\" \/><a href=\"https:\/\/municipalidadpucon.cl\/wp-content\/uploads\/2025\/10\/Pamela-Campos-Pdta-Asocicion-Futbol-Rural-Pulafquen-.mp3\">https:\/\/municipalidadpucon.cl\/wp-content\/uploads\/2025\/10\/Pamela-Campos-Pdta-Asocicion-Futbol-Rural-Pulafquen-.mp3<\/a><\/audio>\n<p><img decoding=\"async\" class=\"alignnone size-medium wp-image-56915\" src=\"https:\/\/municipalidadpucon.cl\/wp-content\/uploads\/2025\/10\/9-1-300x225.jpg\" alt=\"\" width=\"300\" height=\"225\" srcset=\"https:\/\/municipalidadpucon.cl\/wp-content\/uploads\/2025\/10\/9-1-200x150.jpg 200w, https:\/\/municipalidadpucon.cl\/wp-content\/uploads\/2025\/10\/9-1-300x225.jpg 300w, https:\/\/municipalidadpucon.cl\/wp-content\/uploads\/2025\/10\/9-1-400x300.jpg 400w, https:\/\/municipalidadpucon.cl\/wp-content\/uploads\/2025\/10\/9-1-600x450.jpg 600w, https:\/\/municipalidadpucon.cl\/wp-content\/uploads\/2025\/10\/9-1-768x576.jpg 768w, https:\/\/municipalidadpucon.cl\/wp-content\/uploads\/2025\/10\/9-1-800x600.jpg 800w, https:\/\/municipalidadpucon.cl\/wp-content\/uploads\/2025\/10\/9-1-1024x768.jpg 1024w, https:\/\/municipalidadpucon.cl\/wp-content\/uploads\/2025\/10\/9-1-1200x900.jpg 1200w, https:\/\/municipalidadpucon.cl\/wp-content\/uploads\/2025\/10\/9-1.jpg 1280w\" sizes=\"(max-width: 300px) 100vw, 300px\" \/> <img decoding=\"async\" class=\"alignnone size-medium wp-image-56916\" src=\"https:\/\/municipalidadpucon.cl\/wp-content\/uploads\/2025\/10\/10-1-300x225.jpg\" alt=\"\" width=\"300\" height=\"225\" srcset=\"https:\/\/municipalidadpucon.cl\/wp-content\/uploads\/2025\/10\/10-1-200x150.jpg 200w, https:\/\/municipalidadpucon.cl\/wp-content\/uploads\/2025\/10\/10-1-300x225.jpg 300w, https:\/\/municipalidadpucon.cl\/wp-content\/uploads\/2025\/10\/10-1-400x300.jpg 400w, https:\/\/municipalidadpucon.cl\/wp-content\/uploads\/2025\/10\/10-1-600x450.jpg 600w, https:\/\/municipalidadpucon.cl\/wp-content\/uploads\/2025\/10\/10-1-768x576.jpg 768w, https:\/\/municipalidadpucon.cl\/wp-content\/uploads\/2025\/10\/10-1-800x600.jpg 800w, https:\/\/municipalidadpucon.cl\/wp-content\/uploads\/2025\/10\/10-1-1024x768.jpg 1024w, https:\/\/municipalidadpucon.cl\/wp-content\/uploads\/2025\/10\/10-1-1200x900.jpg 1200w, https:\/\/municipalidadpucon.cl\/wp-content\/uploads\/2025\/10\/10-1.jpg 1280w\" sizes=\"(max-width: 300px) 100vw, 300px\" \/><\/p>\n<p>Al respecto, el alcalde de la comuna, Sebasti\u00e1n \u00c1lvarez, apost\u00f3 por iniciar en un mediano plazo la construcci\u00f3n de este proyecto que ya tiene dise\u00f1o. \u201cEsperamos que alg\u00fan d\u00eda en este mismo lugar, donde se est\u00e1 desarrollando esta gran final, sea tambi\u00e9n el ansiado Estadio El Roble, que permita aqu\u00ed generar las grandes finales y competencias que todo el f\u00fatbol rural merece\u201d, indic\u00f3 la primera autoridad comunal, quien detall\u00f3 que \u201cestamos trabajando para eso en nuestra unidad de SECPLAC (Secretaria de Planificaci\u00f3n Comunal), ya estamos con el RS (Resoluci\u00f3n Satisfactoria) y s\u00f3lo requerimos que el Gobierno Regional le ponga el clic y diga vamos, Puc\u00f3n lo merece\u201d.<\/p>\n<audio class=\"wp-audio-shortcode\" id=\"audio-56909-2\" preload=\"none\" style=\"width: 100%;\" controls=\"controls\"><source type=\"audio\/mpeg\" src=\"https:\/\/municipalidadpucon.cl\/wp-content\/uploads\/2025\/10\/Alcalde-Sebastian-Alvarez-destaca-el-proyecto-de-nuevo-estadio-en-El-Roble-.mp3?_=2\" \/><a href=\"https:\/\/municipalidadpucon.cl\/wp-content\/uploads\/2025\/10\/Alcalde-Sebastian-Alvarez-destaca-el-proyecto-de-nuevo-estadio-en-El-Roble-.mp3\">https:\/\/municipalidadpucon.cl\/wp-content\/uploads\/2025\/10\/Alcalde-Sebastian-Alvarez-destaca-el-proyecto-de-nuevo-estadio-en-El-Roble-.mp3<\/a><\/audio>\n<p><strong>GOL EN LOS DESCUENTOS<\/strong><\/p>\n<p>Tras reconocimientos entregados a expresidentes de la Asociaci\u00f3n Pulafquen, a los \u00e1rbitros de la final en serie de honor y a los presidentes de clubes, tambi\u00e9n se entregaron los m\u00e1ximos trofeos; por ejemplo, a los monarcas de Flor del Lago (honor), en donde su capit\u00e1n, Felipe Vielma destac\u00f3 que \u201cal \u00faltimo minuto se nos dio lo que est\u00e1bamos buscando hace tres o cuatro a\u00f1os algunos. Ellos eran un equipo fuerte que nos iban a pelear harto, y el partido estaba para cualquier lado y al final se nos dio a nosotros, hasta que se nos dio\u201d.<\/p>\n<audio class=\"wp-audio-shortcode\" id=\"audio-56909-3\" preload=\"none\" style=\"width: 100%;\" controls=\"controls\"><source type=\"audio\/mpeg\" src=\"https:\/\/municipalidadpucon.cl\/wp-content\/uploads\/2025\/10\/Felipe-Vielma-capitan-del-campeon-Flor-del-Llano-.mp3?_=3\" \/><a href=\"https:\/\/municipalidadpucon.cl\/wp-content\/uploads\/2025\/10\/Felipe-Vielma-capitan-del-campeon-Flor-del-Llano-.mp3\">https:\/\/municipalidadpucon.cl\/wp-content\/uploads\/2025\/10\/Felipe-Vielma-capitan-del-campeon-Flor-del-Llano-.mp3<\/a><\/audio>\n<p><img decoding=\"async\" class=\"alignnone size-medium wp-image-56919\" src=\"https:\/\/municipalidadpucon.cl\/wp-content\/uploads\/2025\/10\/7-1-300x225.jpg\" alt=\"\" width=\"300\" height=\"225\" srcset=\"https:\/\/municipalidadpucon.cl\/wp-content\/uploads\/2025\/10\/7-1-200x150.jpg 200w, https:\/\/municipalidadpucon.cl\/wp-content\/uploads\/2025\/10\/7-1-300x225.jpg 300w, https:\/\/municipalidadpucon.cl\/wp-content\/uploads\/2025\/10\/7-1-400x300.jpg 400w, https:\/\/municipalidadpucon.cl\/wp-content\/uploads\/2025\/10\/7-1-600x450.jpg 600w, https:\/\/municipalidadpucon.cl\/wp-content\/uploads\/2025\/10\/7-1-768x576.jpg 768w, https:\/\/municipalidadpucon.cl\/wp-content\/uploads\/2025\/10\/7-1-800x600.jpg 800w, https:\/\/municipalidadpucon.cl\/wp-content\/uploads\/2025\/10\/7-1-1024x768.jpg 1024w, https:\/\/municipalidadpucon.cl\/wp-content\/uploads\/2025\/10\/7-1-1200x900.jpg 1200w, https:\/\/municipalidadpucon.cl\/wp-content\/uploads\/2025\/10\/7-1.jpg 1280w\" sizes=\"(max-width: 300px) 100vw, 300px\" \/> <img decoding=\"async\" class=\"alignnone size-medium wp-image-56920\" src=\"https:\/\/municipalidadpucon.cl\/wp-content\/uploads\/2025\/10\/8-1-300x225.jpg\" alt=\"\" width=\"300\" height=\"225\" srcset=\"https:\/\/municipalidadpucon.cl\/wp-content\/uploads\/2025\/10\/8-1-200x150.jpg 200w, https:\/\/municipalidadpucon.cl\/wp-content\/uploads\/2025\/10\/8-1-300x225.jpg 300w, https:\/\/municipalidadpucon.cl\/wp-content\/uploads\/2025\/10\/8-1-400x300.jpg 400w, https:\/\/municipalidadpucon.cl\/wp-content\/uploads\/2025\/10\/8-1-600x450.jpg 600w, https:\/\/municipalidadpucon.cl\/wp-content\/uploads\/2025\/10\/8-1-768x576.jpg 768w, https:\/\/municipalidadpucon.cl\/wp-content\/uploads\/2025\/10\/8-1-800x600.jpg 800w, https:\/\/municipalidadpucon.cl\/wp-content\/uploads\/2025\/10\/8-1-1024x768.jpg 1024w, https:\/\/municipalidadpucon.cl\/wp-content\/uploads\/2025\/10\/8-1-1200x900.jpg 1200w, https:\/\/municipalidadpucon.cl\/wp-content\/uploads\/2025\/10\/8-1.jpg 1280w\" sizes=\"(max-width: 300px) 100vw, 300px\" \/><\/p>\n<p>Entre esas definiciones m\u00e1s emotivas estuvo la serie senior masculina, en donde tras una igualdad sin goles en los 70 minutos (35 por tiempo) San Pedro derrot\u00f3 por penales 4-2 a El Volc\u00e1n, en donde figura fue el portero de los vencedores, Alex Contreras. \u201cMis compa\u00f1eros y yo sacamos adelante el tema, no solamente yo, sino todo el equipo. El primer tiempo la tuvimos, en el segundo la tuvieron ellos y tuve la suerte de que una pelota se fuera al palo y en los penales pude atajar\u201d, coment\u00f3 el portero quien destac\u00f3 este nuevo t\u00edtulo, el tercero consecutivo de los de San Pedro que -adem\u00e1s- fue el club que m\u00e1s series clasific\u00f3 a las rondas de definici\u00f3n.<\/p>\n<audio class=\"wp-audio-shortcode\" id=\"audio-56909-4\" preload=\"none\" style=\"width: 100%;\" controls=\"controls\"><source type=\"audio\/mpeg\" src=\"https:\/\/municipalidadpucon.cl\/wp-content\/uploads\/2025\/10\/Alex-Contreras-campeon-senior-con-San-Pedro-.mp3?_=4\" \/><a href=\"https:\/\/municipalidadpucon.cl\/wp-content\/uploads\/2025\/10\/Alex-Contreras-campeon-senior-con-San-Pedro-.mp3\">https:\/\/municipalidadpucon.cl\/wp-content\/uploads\/2025\/10\/Alex-Contreras-campeon-senior-con-San-Pedro-.mp3<\/a><\/audio>\n<p><img decoding=\"async\" class=\"alignnone size-medium wp-image-56922\" src=\"https:\/\/municipalidadpucon.cl\/wp-content\/uploads\/2025\/10\/4-10-300x225.jpg\" alt=\"\" width=\"300\" height=\"225\" srcset=\"https:\/\/municipalidadpucon.cl\/wp-content\/uploads\/2025\/10\/4-10-200x150.jpg 200w, https:\/\/municipalidadpucon.cl\/wp-content\/uploads\/2025\/10\/4-10-300x225.jpg 300w, https:\/\/municipalidadpucon.cl\/wp-content\/uploads\/2025\/10\/4-10-400x300.jpg 400w, https:\/\/municipalidadpucon.cl\/wp-content\/uploads\/2025\/10\/4-10-600x450.jpg 600w, https:\/\/municipalidadpucon.cl\/wp-content\/uploads\/2025\/10\/4-10-768x576.jpg 768w, https:\/\/municipalidadpucon.cl\/wp-content\/uploads\/2025\/10\/4-10-800x600.jpg 800w, https:\/\/municipalidadpucon.cl\/wp-content\/uploads\/2025\/10\/4-10-1024x768.jpg 1024w, https:\/\/municipalidadpucon.cl\/wp-content\/uploads\/2025\/10\/4-10-1200x900.jpg 1200w, https:\/\/municipalidadpucon.cl\/wp-content\/uploads\/2025\/10\/4-10.jpg 1280w\" sizes=\"(max-width: 300px) 100vw, 300px\" \/> <img decoding=\"async\" class=\"alignnone size-medium wp-image-56923\" src=\"https:\/\/municipalidadpucon.cl\/wp-content\/uploads\/2025\/10\/5-7-300x225.jpg\" alt=\"\" width=\"300\" height=\"225\" srcset=\"https:\/\/municipalidadpucon.cl\/wp-content\/uploads\/2025\/10\/5-7-200x150.jpg 200w, https:\/\/municipalidadpucon.cl\/wp-content\/uploads\/2025\/10\/5-7-300x225.jpg 300w, https:\/\/municipalidadpucon.cl\/wp-content\/uploads\/2025\/10\/5-7-400x300.jpg 400w, https:\/\/municipalidadpucon.cl\/wp-content\/uploads\/2025\/10\/5-7-600x450.jpg 600w, https:\/\/municipalidadpucon.cl\/wp-content\/uploads\/2025\/10\/5-7-768x576.jpg 768w, https:\/\/municipalidadpucon.cl\/wp-content\/uploads\/2025\/10\/5-7-800x600.jpg 800w, https:\/\/municipalidadpucon.cl\/wp-content\/uploads\/2025\/10\/5-7-1024x768.jpg 1024w, https:\/\/municipalidadpucon.cl\/wp-content\/uploads\/2025\/10\/5-7-1200x900.jpg 1200w, https:\/\/municipalidadpucon.cl\/wp-content\/uploads\/2025\/10\/5-7.jpg 1280w\" sizes=\"(max-width: 300px) 100vw, 300px\" \/> <img decoding=\"async\" class=\"alignnone size-medium wp-image-56924\" src=\"https:\/\/municipalidadpucon.cl\/wp-content\/uploads\/2025\/10\/6-3-300x225.jpg\" alt=\"\" width=\"300\" height=\"225\" srcset=\"https:\/\/municipalidadpucon.cl\/wp-content\/uploads\/2025\/10\/6-3-200x150.jpg 200w, https:\/\/municipalidadpucon.cl\/wp-content\/uploads\/2025\/10\/6-3-300x225.jpg 300w, https:\/\/municipalidadpucon.cl\/wp-content\/uploads\/2025\/10\/6-3-400x300.jpg 400w, https:\/\/municipalidadpucon.cl\/wp-content\/uploads\/2025\/10\/6-3-600x450.jpg 600w, https:\/\/municipalidadpucon.cl\/wp-content\/uploads\/2025\/10\/6-3-768x576.jpg 768w, https:\/\/municipalidadpucon.cl\/wp-content\/uploads\/2025\/10\/6-3-800x600.jpg 800w, https:\/\/municipalidadpucon.cl\/wp-content\/uploads\/2025\/10\/6-3-1024x768.jpg 1024w, https:\/\/municipalidadpucon.cl\/wp-content\/uploads\/2025\/10\/6-3-1200x900.jpg 1200w, https:\/\/municipalidadpucon.cl\/wp-content\/uploads\/2025\/10\/6-3.jpg 1280w\" sizes=\"(max-width: 300px) 100vw, 300px\" \/><\/p>\n<p><strong>M\u00c1S MONARCAS<\/strong><\/p>\n<p>A la hora de las premiaciones colectivas, recibieron aplausos y trofeos Uni\u00f3n Araucana, que en damas gan\u00f3 la final\u00edsima a Villa San Pedro; Flor del Lago, que en Segunda Serie gan\u00f3 3-0 a C\u00f3ndor de Pichares; mientras que en la categor\u00eda infantil Santa Fe grit\u00f3 campe\u00f3n, al derrotar por 2-0 a Carileufu.<\/p>\n","protected":false},"excerpt":{"rendered":"<p>Una masiva jornada de puro deporte y festejos se desarroll\u00f3 [&hellip;]<\/p>\n","protected":false},"author":10,"featured_media":56925,"comment_status":"closed","ping_status":"open","sticky":false,"template":"","format":"standard","meta":[],"categories":[98,3],"tags":[],"_links":{"self":[{"href":"https:\/\/municipalidadpucon.cl\/index.php?rest_route=\/wp\/v2\/posts\/56909"}],"collection":[{"href":"https:\/\/municipalidadpucon.cl\/index.php?rest_route=\/wp\/v2\/posts"}],"about":[{"href":"https:\/\/municipalidadpucon.cl\/index.php?rest_route=\/wp\/v2\/types\/post"}],"author":[{"embeddable":true,"href":"https:\/\/municipalidadpucon.cl\/index.php?rest_route=\/wp\/v2\/users\/10"}],"replies":[{"embeddable":true,"href":"https:\/\/municipalidadpucon.cl\/index.php?rest_route=%2Fwp%2Fv2%2Fcomments&post=56909"}],"version-history":[{"count":1,"href":"https:\/\/municipalidadpucon.cl\/index.php?rest_route=\/wp\/v2\/posts\/56909\/revisions"}],"predecessor-version":[{"id":56926,"href":"https:\/\/municipalidadpucon.cl\/index.php?rest_route=\/wp\/v2\/posts\/56909\/revisions\/56926"}],"wp:featuredmedia":[{"embeddable":true,"href":"https:\/\/municipalidadpucon.cl\/index.php?rest_route=\/wp\/v2\/media\/56925"}],"wp:attachment":[{"href":"https:\/\/municipalidadpucon.cl\/index.php?rest_route=%2Fwp%2Fv2%2Fmedia&parent=56909"}],"wp:term":[{"taxonomy":"category","embeddable":true,"href":"https:\/\/municipalidadpucon.cl\/index.php?rest_route=%2Fwp%2Fv2%2Fcategories&post=56909"},{"taxonomy":"post_tag","embeddable":true,"href":"https:\/\/municipalidadpucon.cl\/index.php?rest_route=%2Fwp%2Fv2%2Ftags&post=56909"}],"curies":[{"name":"wp","href":"https:\/\/api.w.org\/{rel}","templated":true}]}}