{"id":56932,"date":"2025-10-29T10:23:12","date_gmt":"2025-10-29T13:23:12","guid":{"rendered":"https:\/\/municipalidadpucon.cl\/?p=56932"},"modified":"2025-10-29T10:39:10","modified_gmt":"2025-10-29T13:39:10","slug":"cincuentena-de-apicultores-aprendieron-mas-de-este-oficio-agricola-en-crecimiento","status":"publish","type":"post","link":"https:\/\/municipalidadpucon.cl\/?p=56932","title":{"rendered":"Cincuentena de apicultores aprendieron m\u00e1s de este oficio agr\u00edcola en crecimiento"},"content":{"rendered":"<p><em><strong>Exitoso y concurrido result\u00f3 la versi\u00f3n n\u00famero 12 del Seminario Ap\u00edcola Puc\u00f3n 2025, para productores de la comuna lacustre, Villarrica y Curarrehue, realizado el pasado fin de semana.<\/strong><\/em><\/p>\n<p><img decoding=\"async\" class=\"alignnone size-medium wp-image-56934\" src=\"https:\/\/municipalidadpucon.cl\/wp-content\/uploads\/2025\/10\/2-17-300x225.jpg\" alt=\"\" width=\"300\" height=\"225\" srcset=\"https:\/\/municipalidadpucon.cl\/wp-content\/uploads\/2025\/10\/2-17-200x150.jpg 200w, https:\/\/municipalidadpucon.cl\/wp-content\/uploads\/2025\/10\/2-17-300x225.jpg 300w, https:\/\/municipalidadpucon.cl\/wp-content\/uploads\/2025\/10\/2-17-400x300.jpg 400w, https:\/\/municipalidadpucon.cl\/wp-content\/uploads\/2025\/10\/2-17-600x450.jpg 600w, https:\/\/municipalidadpucon.cl\/wp-content\/uploads\/2025\/10\/2-17-768x576.jpg 768w, https:\/\/municipalidadpucon.cl\/wp-content\/uploads\/2025\/10\/2-17-800x600.jpg 800w, https:\/\/municipalidadpucon.cl\/wp-content\/uploads\/2025\/10\/2-17-1024x768.jpg 1024w, https:\/\/municipalidadpucon.cl\/wp-content\/uploads\/2025\/10\/2-17-1200x900.jpg 1200w, https:\/\/municipalidadpucon.cl\/wp-content\/uploads\/2025\/10\/2-17.jpg 1280w\" sizes=\"(max-width: 300px) 100vw, 300px\" \/> <img decoding=\"async\" class=\"alignnone size-medium wp-image-56935\" src=\"https:\/\/municipalidadpucon.cl\/wp-content\/uploads\/2025\/10\/3-14-300x225.jpg\" alt=\"\" width=\"300\" height=\"225\" srcset=\"https:\/\/municipalidadpucon.cl\/wp-content\/uploads\/2025\/10\/3-14-200x150.jpg 200w, https:\/\/municipalidadpucon.cl\/wp-content\/uploads\/2025\/10\/3-14-300x225.jpg 300w, https:\/\/municipalidadpucon.cl\/wp-content\/uploads\/2025\/10\/3-14-400x300.jpg 400w, https:\/\/municipalidadpucon.cl\/wp-content\/uploads\/2025\/10\/3-14-600x450.jpg 600w, https:\/\/municipalidadpucon.cl\/wp-content\/uploads\/2025\/10\/3-14-768x576.jpg 768w, https:\/\/municipalidadpucon.cl\/wp-content\/uploads\/2025\/10\/3-14-800x600.jpg 800w, https:\/\/municipalidadpucon.cl\/wp-content\/uploads\/2025\/10\/3-14-1024x768.jpg 1024w, https:\/\/municipalidadpucon.cl\/wp-content\/uploads\/2025\/10\/3-14-1200x900.jpg 1200w, https:\/\/municipalidadpucon.cl\/wp-content\/uploads\/2025\/10\/3-14.jpg 1280w\" sizes=\"(max-width: 300px) 100vw, 300px\" \/><\/p>\n<p>Una cincuentena de asistentes fueron parte del XII Seminario Ap\u00edcola Puc\u00f3n 2025, realizado el \u00faltimo fin de semana en dependencias del Centro Diurno del Adulto Mayor (CEDIAM) de la comuna lacustre, actividad organizada por el Comit\u00e9 Ap\u00edcola de la urbe local y el patrocinio del Municipio local.<\/p>\n<p>El objetivo del encuentro fue reunir y coordinar acciones productivas y promoci\u00f3n de conocimiento en beneficio de los apicultores de las comunas de Puc\u00f3n, Curarrehue y Villarrica, quienes valoraron esta instancia de crecimiento.<\/p>\n<p><strong>RESGUARDO MEDIOAMBIENTAL<\/strong><\/p>\n<p>En representaci\u00f3n del alcalde de la comuna, Sebasti\u00e1n \u00c1lvarez, lider\u00f3 el encuentro el director de la Secretar\u00eda Comunal de Planificaci\u00f3n (SECPLAC) del Municipio, Alexis Figueroa, quien junto a los concejales Claudio Cortez y Julio Inzunza aprovech\u00f3 la instancia para destacar la presencia de m\u00e1s de 50 asistentes, lo que \u201cest\u00e1 muy bien porque demuestra el inter\u00e9s de la persona por aprender, pero tambi\u00e9n de todo el mundo ap\u00edcola que nos rodea hoy en Puc\u00f3n, que generan no solamente externalidades positivas en torno a la producci\u00f3n de miel, sino tambi\u00e9n al resguardo del medio ambiente y de los bosques\u201d.<\/p>\n<!--[if lt IE 9]><script>document.createElement('audio');<\/script><![endif]-->\n<audio class=\"wp-audio-shortcode\" id=\"audio-56932-1\" preload=\"none\" style=\"width: 100%;\" controls=\"controls\"><source type=\"audio\/mpeg\" src=\"https:\/\/municipalidadpucon.cl\/wp-content\/uploads\/2025\/10\/Alexis-Figueroa-SECPLAC-destaca-la-participacion-en-Seminario-Apicola-.mp3?_=1\" \/><a href=\"https:\/\/municipalidadpucon.cl\/wp-content\/uploads\/2025\/10\/Alexis-Figueroa-SECPLAC-destaca-la-participacion-en-Seminario-Apicola-.mp3\">https:\/\/municipalidadpucon.cl\/wp-content\/uploads\/2025\/10\/Alexis-Figueroa-SECPLAC-destaca-la-participacion-en-Seminario-Apicola-.mp3<\/a><\/audio>\n<p><img decoding=\"async\" class=\"size-medium wp-image-56937 aligncenter\" src=\"https:\/\/municipalidadpucon.cl\/wp-content\/uploads\/2025\/10\/4-11-300x225.jpg\" alt=\"\" width=\"300\" height=\"225\" srcset=\"https:\/\/municipalidadpucon.cl\/wp-content\/uploads\/2025\/10\/4-11-200x150.jpg 200w, https:\/\/municipalidadpucon.cl\/wp-content\/uploads\/2025\/10\/4-11-300x225.jpg 300w, https:\/\/municipalidadpucon.cl\/wp-content\/uploads\/2025\/10\/4-11-400x300.jpg 400w, https:\/\/municipalidadpucon.cl\/wp-content\/uploads\/2025\/10\/4-11-600x450.jpg 600w, https:\/\/municipalidadpucon.cl\/wp-content\/uploads\/2025\/10\/4-11-768x576.jpg 768w, https:\/\/municipalidadpucon.cl\/wp-content\/uploads\/2025\/10\/4-11-800x600.jpg 800w, https:\/\/municipalidadpucon.cl\/wp-content\/uploads\/2025\/10\/4-11-1024x768.jpg 1024w, https:\/\/municipalidadpucon.cl\/wp-content\/uploads\/2025\/10\/4-11-1200x900.jpg 1200w, https:\/\/municipalidadpucon.cl\/wp-content\/uploads\/2025\/10\/4-11.jpg 1280w\" sizes=\"(max-width: 300px) 100vw, 300px\" \/><\/p>\n<p>Figueroa subray\u00f3 que, con el respaldo a este tipo de seminarios, el Municipio busca \u201cseguir fortaleciendo el conocimiento y profundizando las diferentes instancias que tienen para el desarrollo ap\u00edcola en la comuna\u201d.<\/p>\n<p><strong>POLO DE PRODUCCI\u00d3N<\/strong><\/p>\n<p>El propio personero propuso generar en Puc\u00f3n un centro de desarrollo econ\u00f3mico y productivo, como alternativa o complemento a la reconocida y tradicional industria tur\u00edstica. Esta opci\u00f3n la vio con \u201cbuenos ojos\u201d Lorena Vergara, apicultora del sector Paillaco. \u201cNosotros tenemos un plus muy adicional y es que no somos un sector o una comuna de cultivos, no hay cultivos grandes que puedan ser utilizados como para fumigar y todo eso. Entonces, cosechamos las mejores mieles aqu\u00ed dentro de la zona de Puc\u00f3n. Tenemos muchos (\u00e1rboles) nativos y eso es lo valorable para nuestras abejas\u201d, coment\u00f3 la apicultora de Puc\u00f3n, quien recalc\u00f3 que \u201cyo llevo 24 a\u00f1os y todos los apicultores que estamos ac\u00e1, de los grandes, igual hacemos lo mismo, cuidar las abejas y cuidar nuestro entorno\u201d.<\/p>\n<audio class=\"wp-audio-shortcode\" id=\"audio-56932-2\" preload=\"none\" style=\"width: 100%;\" controls=\"controls\"><source type=\"audio\/mpeg\" src=\"https:\/\/municipalidadpucon.cl\/wp-content\/uploads\/2025\/10\/Lorena-Vergara-apicultora-puconina-y-potencial-de-la-zona-para-la-actividad-.mp3?_=2\" \/><a href=\"https:\/\/municipalidadpucon.cl\/wp-content\/uploads\/2025\/10\/Lorena-Vergara-apicultora-puconina-y-potencial-de-la-zona-para-la-actividad-.mp3\">https:\/\/municipalidadpucon.cl\/wp-content\/uploads\/2025\/10\/Lorena-Vergara-apicultora-puconina-y-potencial-de-la-zona-para-la-actividad-.mp3<\/a><\/audio>\n<p><img decoding=\"async\" class=\"alignnone size-medium wp-image-56939\" src=\"https:\/\/municipalidadpucon.cl\/wp-content\/uploads\/2025\/10\/5-8-300x225.jpg\" alt=\"\" width=\"300\" height=\"225\" srcset=\"https:\/\/municipalidadpucon.cl\/wp-content\/uploads\/2025\/10\/5-8-200x150.jpg 200w, https:\/\/municipalidadpucon.cl\/wp-content\/uploads\/2025\/10\/5-8-300x225.jpg 300w, https:\/\/municipalidadpucon.cl\/wp-content\/uploads\/2025\/10\/5-8-400x300.jpg 400w, https:\/\/municipalidadpucon.cl\/wp-content\/uploads\/2025\/10\/5-8-600x450.jpg 600w, https:\/\/municipalidadpucon.cl\/wp-content\/uploads\/2025\/10\/5-8-768x576.jpg 768w, https:\/\/municipalidadpucon.cl\/wp-content\/uploads\/2025\/10\/5-8-800x600.jpg 800w, https:\/\/municipalidadpucon.cl\/wp-content\/uploads\/2025\/10\/5-8-1024x768.jpg 1024w, https:\/\/municipalidadpucon.cl\/wp-content\/uploads\/2025\/10\/5-8-1200x900.jpg 1200w, https:\/\/municipalidadpucon.cl\/wp-content\/uploads\/2025\/10\/5-8-rotated.jpg 1280w\" sizes=\"(max-width: 300px) 100vw, 300px\" \/> <img decoding=\"async\" class=\"alignnone size-medium wp-image-56940\" src=\"https:\/\/municipalidadpucon.cl\/wp-content\/uploads\/2025\/10\/6-4-300x225.jpg\" alt=\"\" width=\"300\" height=\"225\" srcset=\"https:\/\/municipalidadpucon.cl\/wp-content\/uploads\/2025\/10\/6-4-200x150.jpg 200w, https:\/\/municipalidadpucon.cl\/wp-content\/uploads\/2025\/10\/6-4-300x225.jpg 300w, https:\/\/municipalidadpucon.cl\/wp-content\/uploads\/2025\/10\/6-4-400x300.jpg 400w, https:\/\/municipalidadpucon.cl\/wp-content\/uploads\/2025\/10\/6-4-600x450.jpg 600w, https:\/\/municipalidadpucon.cl\/wp-content\/uploads\/2025\/10\/6-4-768x576.jpg 768w, https:\/\/municipalidadpucon.cl\/wp-content\/uploads\/2025\/10\/6-4-800x600.jpg 800w, https:\/\/municipalidadpucon.cl\/wp-content\/uploads\/2025\/10\/6-4-1024x768.jpg 1024w, https:\/\/municipalidadpucon.cl\/wp-content\/uploads\/2025\/10\/6-4-1200x900.jpg 1200w, https:\/\/municipalidadpucon.cl\/wp-content\/uploads\/2025\/10\/6-4.jpg 1280w\" sizes=\"(max-width: 300px) 100vw, 300px\" \/><\/p>\n<p><strong>LABOR COLECTIVA<\/strong><\/p>\n<p>Como organizador de este seminario, el presidente del Comit\u00e9 de Apicultores de Puc\u00f3n, Pedro Pablo Fern\u00e1ndez destac\u00f3 la reuni\u00f3n, debido a que \u201cla tarea es no seguir por nuestra cuenta solos. Todos los apicultores ahora nos instruirnos de la Ley Ap\u00edcola, de la que nos vino a dar una pincelada el funcionario del Servicio Agr\u00edcola y Ganadero (SAG), Patricio Anabal\u00f3n\u201d.<\/p>\n<audio class=\"wp-audio-shortcode\" id=\"audio-56932-3\" preload=\"none\" style=\"width: 100%;\" controls=\"controls\"><source type=\"audio\/mpeg\" src=\"https:\/\/municipalidadpucon.cl\/wp-content\/uploads\/2025\/10\/Pedro-Pablo-Fernandez-Pdte-Comite-de-Apicultores-de-Pucon-destaca-aprender-.mp3?_=3\" \/><a href=\"https:\/\/municipalidadpucon.cl\/wp-content\/uploads\/2025\/10\/Pedro-Pablo-Fernandez-Pdte-Comite-de-Apicultores-de-Pucon-destaca-aprender-.mp3\">https:\/\/municipalidadpucon.cl\/wp-content\/uploads\/2025\/10\/Pedro-Pablo-Fernandez-Pdte-Comite-de-Apicultores-de-Pucon-destaca-aprender-.mp3<\/a><\/audio>\n<p><img decoding=\"async\" class=\"alignnone size-medium wp-image-56942\" src=\"https:\/\/municipalidadpucon.cl\/wp-content\/uploads\/2025\/10\/7-2-300x225.jpg\" alt=\"\" width=\"300\" height=\"225\" srcset=\"https:\/\/municipalidadpucon.cl\/wp-content\/uploads\/2025\/10\/7-2-200x150.jpg 200w, https:\/\/municipalidadpucon.cl\/wp-content\/uploads\/2025\/10\/7-2-300x225.jpg 300w, https:\/\/municipalidadpucon.cl\/wp-content\/uploads\/2025\/10\/7-2-400x300.jpg 400w, https:\/\/municipalidadpucon.cl\/wp-content\/uploads\/2025\/10\/7-2-600x450.jpg 600w, https:\/\/municipalidadpucon.cl\/wp-content\/uploads\/2025\/10\/7-2-768x576.jpg 768w, https:\/\/municipalidadpucon.cl\/wp-content\/uploads\/2025\/10\/7-2-800x600.jpg 800w, https:\/\/municipalidadpucon.cl\/wp-content\/uploads\/2025\/10\/7-2-1024x768.jpg 1024w, https:\/\/municipalidadpucon.cl\/wp-content\/uploads\/2025\/10\/7-2-1200x900.jpg 1200w, https:\/\/municipalidadpucon.cl\/wp-content\/uploads\/2025\/10\/7-2.jpg 1280w\" sizes=\"(max-width: 300px) 100vw, 300px\" \/><\/p>\n<p>Adem\u00e1s de ese vistazo y discusi\u00f3n en torno a la normativa vigente del a\u00f1o 2022, se expusieron en este Seminario Ap\u00edcola Puc\u00f3n 2025 los temas: Manejo de Invernada (a cargo de Lorena Vergara), Experiencia Laboral (con Susana Ulloa), coron\u00e1ndose con un conversatorio del que fueron parte -junto a los numerosos asistentes- Francisco Malinowski, Mois\u00e9s Morales y Pedro Pablo Fern\u00e1ndez.<\/p>\n","protected":false},"excerpt":{"rendered":"<p>Exitoso y concurrido result\u00f3 la versi\u00f3n n\u00famero 12 del Seminario [&hellip;]<\/p>\n","protected":false},"author":10,"featured_media":56943,"comment_status":"closed","ping_status":"open","sticky":false,"template":"","format":"standard","meta":[],"categories":[98,3],"tags":[],"_links":{"self":[{"href":"https:\/\/municipalidadpucon.cl\/index.php?rest_route=\/wp\/v2\/posts\/56932"}],"collection":[{"href":"https:\/\/municipalidadpucon.cl\/index.php?rest_route=\/wp\/v2\/posts"}],"about":[{"href":"https:\/\/municipalidadpucon.cl\/index.php?rest_route=\/wp\/v2\/types\/post"}],"author":[{"embeddable":true,"href":"https:\/\/municipalidadpucon.cl\/index.php?rest_route=\/wp\/v2\/users\/10"}],"replies":[{"embeddable":true,"href":"https:\/\/municipalidadpucon.cl\/index.php?rest_route=%2Fwp%2Fv2%2Fcomments&post=56932"}],"version-history":[{"count":1,"href":"https:\/\/municipalidadpucon.cl\/index.php?rest_route=\/wp\/v2\/posts\/56932\/revisions"}],"predecessor-version":[{"id":56944,"href":"https:\/\/municipalidadpucon.cl\/index.php?rest_route=\/wp\/v2\/posts\/56932\/revisions\/56944"}],"wp:featuredmedia":[{"embeddable":true,"href":"https:\/\/municipalidadpucon.cl\/index.php?rest_route=\/wp\/v2\/media\/56943"}],"wp:attachment":[{"href":"https:\/\/municipalidadpucon.cl\/index.php?rest_route=%2Fwp%2Fv2%2Fmedia&parent=56932"}],"wp:term":[{"taxonomy":"category","embeddable":true,"href":"https:\/\/municipalidadpucon.cl\/index.php?rest_route=%2Fwp%2Fv2%2Fcategories&post=56932"},{"taxonomy":"post_tag","embeddable":true,"href":"https:\/\/municipalidadpucon.cl\/index.php?rest_route=%2Fwp%2Fv2%2Ftags&post=56932"}],"curies":[{"name":"wp","href":"https:\/\/api.w.org\/{rel}","templated":true}]}}