{"id":56975,"date":"2025-10-30T15:52:35","date_gmt":"2025-10-30T18:52:35","guid":{"rendered":"https:\/\/municipalidadpucon.cl\/?p=56975"},"modified":"2025-10-30T16:10:44","modified_gmt":"2025-10-30T19:10:44","slug":"administracion-municipal-gestiona-apoyo-estatal-por-ser-zona-de-riesgo","status":"publish","type":"post","link":"https:\/\/municipalidadpucon.cl\/?p=56975","title":{"rendered":"Administraci\u00f3n municipal gestiona apoyo estatal por ser \u201czona de riesgo\u201d"},"content":{"rendered":"<p style=\"text-align: justify\"><em><strong>El alcalde de la comuna de Puc\u00f3n, Sebasti\u00e1n \u00c1lvarez, junto a su equipo de Gesti\u00f3n del Riesgo de Desastres (GRD), sostuvo reuni\u00f3n con personeros de la Subsecretar\u00eda del Interior con el objetivo de acercar inversiones viales y minimizar los peligros volc\u00e1nicos.<\/strong><\/em><\/p>\n<p style=\"text-align: justify\">En la capital de La Araucan\u00eda, la administraci\u00f3n municipal de Puc\u00f3n, encabezada por el alcalde de la comuna, Sebasti\u00e1n \u00c1lvarez, acaba de sostener una reuni\u00f3n en la cual el personero insisti\u00f3 en gestiones, que puedan llevar a cristalizar proyectos viales que minimicen los riesgos volc\u00e1nicos, por el \u201ccomportamiento\u201d del Rukapillan o Volc\u00e1n Villarrica.<\/p>\n<p style=\"text-align: justify\">Por ello, es que el jefe comunal de la zona lacustre gestion\u00f3 este encuentro, aprovechando la presencia en Temuco del Subsecretario del Interior, V\u00edctor Ramos, con su equipo y as\u00ed seguir en el proceso de concientizaci\u00f3n de las autoridades nacionales y tambi\u00e9n regionales, para que respalden inversiones que en el sector se requieren por d\u00e9cadas.<\/p>\n<p><img decoding=\"async\" class=\"alignnone size-medium wp-image-56976\" src=\"https:\/\/municipalidadpucon.cl\/wp-content\/uploads\/2025\/10\/2-17-300x225.jpeg\" alt=\"\" width=\"300\" height=\"225\" srcset=\"https:\/\/municipalidadpucon.cl\/wp-content\/uploads\/2025\/10\/2-17-200x150.jpeg 200w, https:\/\/municipalidadpucon.cl\/wp-content\/uploads\/2025\/10\/2-17-300x225.jpeg 300w, https:\/\/municipalidadpucon.cl\/wp-content\/uploads\/2025\/10\/2-17-400x300.jpeg 400w, https:\/\/municipalidadpucon.cl\/wp-content\/uploads\/2025\/10\/2-17-600x450.jpeg 600w, https:\/\/municipalidadpucon.cl\/wp-content\/uploads\/2025\/10\/2-17-768x576.jpeg 768w, https:\/\/municipalidadpucon.cl\/wp-content\/uploads\/2025\/10\/2-17-800x600.jpeg 800w, https:\/\/municipalidadpucon.cl\/wp-content\/uploads\/2025\/10\/2-17-1024x768.jpeg 1024w, https:\/\/municipalidadpucon.cl\/wp-content\/uploads\/2025\/10\/2-17-1200x900.jpeg 1200w, https:\/\/municipalidadpucon.cl\/wp-content\/uploads\/2025\/10\/2-17.jpeg 1280w\" sizes=\"(max-width: 300px) 100vw, 300px\" \/> <img decoding=\"async\" class=\"alignnone size-medium wp-image-56977\" src=\"https:\/\/municipalidadpucon.cl\/wp-content\/uploads\/2025\/10\/3-15-300x225.jpeg\" alt=\"\" width=\"300\" height=\"225\" srcset=\"https:\/\/municipalidadpucon.cl\/wp-content\/uploads\/2025\/10\/3-15-200x150.jpeg 200w, https:\/\/municipalidadpucon.cl\/wp-content\/uploads\/2025\/10\/3-15-300x225.jpeg 300w, https:\/\/municipalidadpucon.cl\/wp-content\/uploads\/2025\/10\/3-15-400x300.jpeg 400w, https:\/\/municipalidadpucon.cl\/wp-content\/uploads\/2025\/10\/3-15-600x450.jpeg 600w, https:\/\/municipalidadpucon.cl\/wp-content\/uploads\/2025\/10\/3-15-768x576.jpeg 768w, https:\/\/municipalidadpucon.cl\/wp-content\/uploads\/2025\/10\/3-15-800x600.jpeg 800w, https:\/\/municipalidadpucon.cl\/wp-content\/uploads\/2025\/10\/3-15-1024x768.jpeg 1024w, https:\/\/municipalidadpucon.cl\/wp-content\/uploads\/2025\/10\/3-15-1200x900.jpeg 1200w, https:\/\/municipalidadpucon.cl\/wp-content\/uploads\/2025\/10\/3-15.jpeg 1280w\" sizes=\"(max-width: 300px) 100vw, 300px\" \/><\/p>\n<p><strong>GLOSA N\u00b06<\/strong><\/p>\n<p style=\"text-align: justify\">\u201cEn el Presupuesto de la Naci\u00f3n est\u00e1 la Glosa n\u00famero 6, que tiene justamente un fin de recursos para los gobiernos regionales y que puedan trabajar en la mitigaci\u00f3n de los efectos de la emergencia o desastre\u201d, explic\u00f3 la primera autoridad comunal, quien ratific\u00f3 que como la zona tiene un alto riesgo de emergencia y desastre, \u201ccreemos muy importante avanzar en una agenda de trabajo con el delegado presidencial de La Araucan\u00eda (Eduardo Abdala) con el fin de establecer un plan de mitigaci\u00f3n\u201d.<\/p>\n<p style=\"text-align: justify\">En ese marco es que la autoridad local plantea \u201cuna red integral de vialidad interior para la comuna, aumentar los puntos de conexi\u00f3n por la ladera norte del Lago Villarrica, Namoncahue, pero tambi\u00e9n en que podamos habilitar en mejores condiciones los puntos de encuentro transitorio o bien las zonas de seguridad (ante eventos volc\u00e1nicos). Los tenemos que dotar de energ\u00eda solar, de equipamiento e infraestructura\u201d, sum\u00f3 Sebasti\u00e1n \u00c1lvarez.<\/p>\n<!--[if lt IE 9]><script>document.createElement('audio');<\/script><![endif]-->\n<audio class=\"wp-audio-shortcode\" id=\"audio-56975-1\" preload=\"none\" style=\"width: 100%;\" controls=\"controls\"><source type=\"audio\/mpeg\" src=\"https:\/\/municipalidadpucon.cl\/wp-content\/uploads\/2025\/10\/Alcalde-Sebastian-Alvarez-normativa-que-ayudara-a-meddas-de-mitigacion-.mp3?_=1\" \/><a href=\"https:\/\/municipalidadpucon.cl\/wp-content\/uploads\/2025\/10\/Alcalde-Sebastian-Alvarez-normativa-que-ayudara-a-meddas-de-mitigacion-.mp3\">https:\/\/municipalidadpucon.cl\/wp-content\/uploads\/2025\/10\/Alcalde-Sebastian-Alvarez-normativa-que-ayudara-a-meddas-de-mitigacion-.mp3<\/a><\/audio>\n<p>&nbsp;<\/p>\n<p><img decoding=\"async\" class=\"alignnone size-medium wp-image-56982\" src=\"https:\/\/municipalidadpucon.cl\/wp-content\/uploads\/2025\/10\/4-12-300x225.jpg\" alt=\"\" width=\"300\" height=\"225\" srcset=\"https:\/\/municipalidadpucon.cl\/wp-content\/uploads\/2025\/10\/4-12-200x150.jpg 200w, https:\/\/municipalidadpucon.cl\/wp-content\/uploads\/2025\/10\/4-12-300x225.jpg 300w, https:\/\/municipalidadpucon.cl\/wp-content\/uploads\/2025\/10\/4-12-400x300.jpg 400w, https:\/\/municipalidadpucon.cl\/wp-content\/uploads\/2025\/10\/4-12-600x450.jpg 600w, https:\/\/municipalidadpucon.cl\/wp-content\/uploads\/2025\/10\/4-12-768x576.jpg 768w, https:\/\/municipalidadpucon.cl\/wp-content\/uploads\/2025\/10\/4-12-800x600.jpg 800w, https:\/\/municipalidadpucon.cl\/wp-content\/uploads\/2025\/10\/4-12-1024x768.jpg 1024w, https:\/\/municipalidadpucon.cl\/wp-content\/uploads\/2025\/10\/4-12-1200x900.jpg 1200w, https:\/\/municipalidadpucon.cl\/wp-content\/uploads\/2025\/10\/4-12-scaled.jpg 1300w, https:\/\/municipalidadpucon.cl\/wp-content\/uploads\/2025\/10\/4-12-1536x1152.jpg 1536w\" sizes=\"(max-width: 300px) 100vw, 300px\" \/> <img decoding=\"async\" class=\"alignnone size-medium wp-image-56983\" src=\"https:\/\/municipalidadpucon.cl\/wp-content\/uploads\/2025\/10\/5-7-300x225.jpeg\" alt=\"\" width=\"300\" height=\"225\" srcset=\"https:\/\/municipalidadpucon.cl\/wp-content\/uploads\/2025\/10\/5-7-200x150.jpeg 200w, https:\/\/municipalidadpucon.cl\/wp-content\/uploads\/2025\/10\/5-7-300x225.jpeg 300w, https:\/\/municipalidadpucon.cl\/wp-content\/uploads\/2025\/10\/5-7-400x300.jpeg 400w, https:\/\/municipalidadpucon.cl\/wp-content\/uploads\/2025\/10\/5-7-600x450.jpeg 600w, https:\/\/municipalidadpucon.cl\/wp-content\/uploads\/2025\/10\/5-7-768x576.jpeg 768w, https:\/\/municipalidadpucon.cl\/wp-content\/uploads\/2025\/10\/5-7-800x600.jpeg 800w, https:\/\/municipalidadpucon.cl\/wp-content\/uploads\/2025\/10\/5-7-1024x768.jpeg 1024w, https:\/\/municipalidadpucon.cl\/wp-content\/uploads\/2025\/10\/5-7-1200x900.jpeg 1200w, https:\/\/municipalidadpucon.cl\/wp-content\/uploads\/2025\/10\/5-7.jpeg 1280w\" sizes=\"(max-width: 300px) 100vw, 300px\" \/><\/p>\n<p><strong>M\u00c1S ACCIONES<\/strong><\/p>\n<p style=\"text-align: justify\">En el mismo sentido se manifest\u00f3 Esteban Backit, asesor de la Oficina de Gesti\u00f3n del Riesgo de Desastres (GRD) del Municipio, al detallar que \u201cestamos planificando tambi\u00e9n una nutrida agenda en Santiago, para eso nos est\u00e1n ayudando desde la Subsecretar\u00eda del Interior, para poder reunirnos con la Ministra de Obras P\u00fablicas, y con otros ministerios que nos permitan englobar la gesti\u00f3n del riesgo de desastres en nuestra comuna y darle una mirada de pol\u00edtica p\u00fablica y de Estado, respecto a las comunas con mayor riesgo a nivel nacional, las que requieren, por cierto, una mayor inversi\u00f3n\u201d.<\/p>\n<audio class=\"wp-audio-shortcode\" id=\"audio-56975-2\" preload=\"none\" style=\"width: 100%;\" controls=\"controls\"><source type=\"audio\/mpeg\" src=\"https:\/\/municipalidadpucon.cl\/wp-content\/uploads\/2025\/10\/Esteban-Backit-asesor-GRD-Pucon-y-proximas-gestiones-.mp3?_=2\" \/><a href=\"https:\/\/municipalidadpucon.cl\/wp-content\/uploads\/2025\/10\/Esteban-Backit-asesor-GRD-Pucon-y-proximas-gestiones-.mp3\">https:\/\/municipalidadpucon.cl\/wp-content\/uploads\/2025\/10\/Esteban-Backit-asesor-GRD-Pucon-y-proximas-gestiones-.mp3<\/a><\/audio>\n<p>&nbsp;<\/p>\n<p style=\"text-align: justify\">Consultado por este encuentro Camilo Gress, jefe de gesti\u00f3n del Riesgo de Desastres de la Subsecretar\u00eda del Interior, valor\u00f3 \u201cel trabajo que han desarrollado en el Municipio y c\u00f3mo han ido avanzando, los an\u00e1lisis que tienen y los avances concretos, que son absolutamente destacables, probablemente est\u00e1n dentro del top de municipios en cuesti\u00f3n del riesgo, por c\u00f3mo trabajan, c\u00f3mo analizan y c\u00f3mo han producido resultados\u201d.<\/p>\n<audio class=\"wp-audio-shortcode\" id=\"audio-56975-3\" preload=\"none\" style=\"width: 100%;\" controls=\"controls\"><source type=\"audio\/mpeg\" src=\"https:\/\/municipalidadpucon.cl\/wp-content\/uploads\/2025\/10\/Camilo-Gress-jefe-de-Gestion-del-Riesgo-de-Desastres-Subsecretaria-del-Interior-.mp3?_=3\" \/><a href=\"https:\/\/municipalidadpucon.cl\/wp-content\/uploads\/2025\/10\/Camilo-Gress-jefe-de-Gestion-del-Riesgo-de-Desastres-Subsecretaria-del-Interior-.mp3\">https:\/\/municipalidadpucon.cl\/wp-content\/uploads\/2025\/10\/Camilo-Gress-jefe-de-Gestion-del-Riesgo-de-Desastres-Subsecretaria-del-Interior-.mp3<\/a><\/audio>\n<p>&nbsp;<\/p>\n<p><strong>TOP DE MUNICIPIOS<\/strong><\/p>\n<p style=\"text-align: justify\">Para el representante de la entidad nacional, la data entregada por la administraci\u00f3n municipal de Puc\u00f3n \u201cnos lleva a hacer an\u00e1lisis que ellos van mucho m\u00e1s adelante, preocup\u00e1ndose de escenarios en el largo plazo, asociados a los riesgos que tienen (\u2026) Es lo que hemos estado conversando con el alcalde en c\u00f3mo poder ir avanzando en buscar estas soluciones, no s\u00f3lo de corto plazo, sino de largo plazo para el desarrollo de la comunidad\u201d, rubric\u00f3 el profesional, adelant\u00e1ndose a gestiones al m\u00e1s alto nivel con las cuales darle la cabida que merece la potencialidad de urgencias en el territorio ubicado entre el lago y el volc\u00e1n Villarrica.<\/p>\n<p>&nbsp;<\/p>\n","protected":false},"excerpt":{"rendered":"<p>El alcalde de la comuna de Puc\u00f3n, Sebasti\u00e1n \u00c1lvarez, junto [&hellip;]<\/p>\n","protected":false},"author":10,"featured_media":56985,"comment_status":"closed","ping_status":"open","sticky":false,"template":"","format":"standard","meta":[],"categories":[3],"tags":[],"_links":{"self":[{"href":"https:\/\/municipalidadpucon.cl\/index.php?rest_route=\/wp\/v2\/posts\/56975"}],"collection":[{"href":"https:\/\/municipalidadpucon.cl\/index.php?rest_route=\/wp\/v2\/posts"}],"about":[{"href":"https:\/\/municipalidadpucon.cl\/index.php?rest_route=\/wp\/v2\/types\/post"}],"author":[{"embeddable":true,"href":"https:\/\/municipalidadpucon.cl\/index.php?rest_route=\/wp\/v2\/users\/10"}],"replies":[{"embeddable":true,"href":"https:\/\/municipalidadpucon.cl\/index.php?rest_route=%2Fwp%2Fv2%2Fcomments&post=56975"}],"version-history":[{"count":8,"href":"https:\/\/municipalidadpucon.cl\/index.php?rest_route=\/wp\/v2\/posts\/56975\/revisions"}],"predecessor-version":[{"id":56987,"href":"https:\/\/municipalidadpucon.cl\/index.php?rest_route=\/wp\/v2\/posts\/56975\/revisions\/56987"}],"wp:featuredmedia":[{"embeddable":true,"href":"https:\/\/municipalidadpucon.cl\/index.php?rest_route=\/wp\/v2\/media\/56985"}],"wp:attachment":[{"href":"https:\/\/municipalidadpucon.cl\/index.php?rest_route=%2Fwp%2Fv2%2Fmedia&parent=56975"}],"wp:term":[{"taxonomy":"category","embeddable":true,"href":"https:\/\/municipalidadpucon.cl\/index.php?rest_route=%2Fwp%2Fv2%2Fcategories&post=56975"},{"taxonomy":"post_tag","embeddable":true,"href":"https:\/\/municipalidadpucon.cl\/index.php?rest_route=%2Fwp%2Fv2%2Ftags&post=56975"}],"curies":[{"name":"wp","href":"https:\/\/api.w.org\/{rel}","templated":true}]}}