{"id":57002,"date":"2025-11-03T09:05:25","date_gmt":"2025-11-03T12:05:25","guid":{"rendered":"https:\/\/municipalidadpucon.cl\/?p=57002"},"modified":"2025-11-03T09:05:25","modified_gmt":"2025-11-03T12:05:25","slug":"pucon-fue-sede-del-primer-encuentro-regional-de-oficinas-de-la-mujer","status":"publish","type":"post","link":"https:\/\/municipalidadpucon.cl\/?p=57002","title":{"rendered":"Puc\u00f3n fue sede del primer encuentro regional de oficinas de la mujer"},"content":{"rendered":"<p><em><strong>Con el objetivo de compartir experiencias y acciones conjuntas, un total de 20 comunas que trabajan en el \u00e1rea desarrollaron un encuentro en torno a los temas femeninos, de g\u00e9nero y tambi\u00e9n c\u00f3mo prevenir o enfrentar la violencia.<\/strong><\/em><\/p>\n<p><img decoding=\"async\" class=\"size-medium wp-image-57003 aligncenter\" src=\"https:\/\/municipalidadpucon.cl\/wp-content\/uploads\/2025\/11\/2-300x138.jpg\" alt=\"\" width=\"300\" height=\"138\" srcset=\"https:\/\/municipalidadpucon.cl\/wp-content\/uploads\/2025\/11\/2-200x92.jpg 200w, https:\/\/municipalidadpucon.cl\/wp-content\/uploads\/2025\/11\/2-300x138.jpg 300w, https:\/\/municipalidadpucon.cl\/wp-content\/uploads\/2025\/11\/2-400x184.jpg 400w, https:\/\/municipalidadpucon.cl\/wp-content\/uploads\/2025\/11\/2-600x276.jpg 600w, https:\/\/municipalidadpucon.cl\/wp-content\/uploads\/2025\/11\/2-768x353.jpg 768w, https:\/\/municipalidadpucon.cl\/wp-content\/uploads\/2025\/11\/2-800x368.jpg 800w, https:\/\/municipalidadpucon.cl\/wp-content\/uploads\/2025\/11\/2-1024x471.jpg 1024w, https:\/\/municipalidadpucon.cl\/wp-content\/uploads\/2025\/11\/2-1200x552.jpg 1200w, https:\/\/municipalidadpucon.cl\/wp-content\/uploads\/2025\/11\/2.jpg 1280w\" sizes=\"(max-width: 300px) 100vw, 300px\" \/><\/p>\n<p>Un valioso encuentro de oficinas de la mujer municipales se desarroll\u00f3 en la comuna de Puc\u00f3n, en donde se discutieron, conversaron y coordinaron acciones que van en beneficio de las mujeres de la Regi\u00f3n de La Araucan\u00eda, en donde el \u00faltimo a\u00f1o se conocieron tres femicidios y 38 casos frustrados, datos que, si bien se consideran altos, se destacaron las metodolog\u00edas de trabajo preventivas y protecci\u00f3n dirigidas a las habitantes de la zona.<\/p>\n<p>Al encuentro llegaron la Seremi de la Mujer y Equidad de G\u00e9nero, Sol Kaechelle; la coordinadora de la Oficina de la Mujer de la Municipalidad de Puc\u00f3n, Katherine Aedo y en representaci\u00f3n del alcalde de la comuna, Sebasti\u00e1n \u00c1lvarez, los directores de la Secretar\u00eda de Planificaci\u00f3n Comunal (SECPLAC), Alexis Figueroa y el de Desarrollo Comunitario (DIDECO), Gustavo Sandoval.<\/p>\n<p><strong>RESPALDO LEGAL<\/strong><\/p>\n<p>La Seremi de la Mujer destac\u00f3 la ley vigente, que protege a la mujer, de la cual se est\u00e1 realizando una campa\u00f1a de promoci\u00f3n, destacando que lleva \u201cel nombre de todas, ya que lo que nos permite hacer es invitar a la ciudadan\u00eda a asumir un rol preventivo en materia de violencia de g\u00e9nero\u201d, coment\u00f3 Sol Kaechelle, quien destac\u00f3 que el cuerpo legal considera \u201cotro tipo de violencia, por ejemplo, la econ\u00f3mica. Por eso hemos impulsado fuertemente la ley de responsabilidad parental y pago efectivo de pensiones de alimento, que ac\u00e1 en La Araucan\u00eda se traduce en m\u00e1s de 11 mil pagos o acuerdos efectivos de pago de pensiones de alimento, porque son principalmente las mujeres las que se tienen que hacer cargo de la crianza y el apoyo econ\u00f3mico de sus hijos e hijas\u201d.<\/p>\n<!--[if lt IE 9]><script>document.createElement('audio');<\/script><![endif]-->\n<audio class=\"wp-audio-shortcode\" id=\"audio-57002-1\" preload=\"none\" style=\"width: 100%;\" controls=\"controls\"><source type=\"audio\/mpeg\" src=\"https:\/\/municipalidadpucon.cl\/wp-content\/uploads\/2025\/11\/Sol-Kaechelle-Seremi-de-la-Mujer-y-Equidad-de-genero-acciones-y-estadisticas-.mp3?_=1\" \/><a href=\"https:\/\/municipalidadpucon.cl\/wp-content\/uploads\/2025\/11\/Sol-Kaechelle-Seremi-de-la-Mujer-y-Equidad-de-genero-acciones-y-estadisticas-.mp3\">https:\/\/municipalidadpucon.cl\/wp-content\/uploads\/2025\/11\/Sol-Kaechelle-Seremi-de-la-Mujer-y-Equidad-de-genero-acciones-y-estadisticas-.mp3<\/a><\/audio>\n<p><img decoding=\"async\" class=\"alignnone size-medium wp-image-57005\" src=\"https:\/\/municipalidadpucon.cl\/wp-content\/uploads\/2025\/11\/3-300x138.jpg\" alt=\"\" width=\"300\" height=\"138\" srcset=\"https:\/\/municipalidadpucon.cl\/wp-content\/uploads\/2025\/11\/3-200x92.jpg 200w, https:\/\/municipalidadpucon.cl\/wp-content\/uploads\/2025\/11\/3-300x138.jpg 300w, https:\/\/municipalidadpucon.cl\/wp-content\/uploads\/2025\/11\/3-400x184.jpg 400w, https:\/\/municipalidadpucon.cl\/wp-content\/uploads\/2025\/11\/3-600x276.jpg 600w, https:\/\/municipalidadpucon.cl\/wp-content\/uploads\/2025\/11\/3-768x353.jpg 768w, https:\/\/municipalidadpucon.cl\/wp-content\/uploads\/2025\/11\/3-800x368.jpg 800w, https:\/\/municipalidadpucon.cl\/wp-content\/uploads\/2025\/11\/3-1024x471.jpg 1024w, https:\/\/municipalidadpucon.cl\/wp-content\/uploads\/2025\/11\/3-1200x552.jpg 1200w, https:\/\/municipalidadpucon.cl\/wp-content\/uploads\/2025\/11\/3.jpg 1280w\" sizes=\"(max-width: 300px) 100vw, 300px\" \/> <img decoding=\"async\" class=\"alignnone size-medium wp-image-57006\" src=\"https:\/\/municipalidadpucon.cl\/wp-content\/uploads\/2025\/11\/4-300x138.jpg\" alt=\"\" width=\"300\" height=\"138\" srcset=\"https:\/\/municipalidadpucon.cl\/wp-content\/uploads\/2025\/11\/4-200x92.jpg 200w, https:\/\/municipalidadpucon.cl\/wp-content\/uploads\/2025\/11\/4-300x138.jpg 300w, https:\/\/municipalidadpucon.cl\/wp-content\/uploads\/2025\/11\/4-400x184.jpg 400w, https:\/\/municipalidadpucon.cl\/wp-content\/uploads\/2025\/11\/4-600x276.jpg 600w, https:\/\/municipalidadpucon.cl\/wp-content\/uploads\/2025\/11\/4-768x353.jpg 768w, https:\/\/municipalidadpucon.cl\/wp-content\/uploads\/2025\/11\/4-800x368.jpg 800w, https:\/\/municipalidadpucon.cl\/wp-content\/uploads\/2025\/11\/4-1024x471.jpg 1024w, https:\/\/municipalidadpucon.cl\/wp-content\/uploads\/2025\/11\/4-1200x552.jpg 1200w, https:\/\/municipalidadpucon.cl\/wp-content\/uploads\/2025\/11\/4.jpg 1280w\" sizes=\"(max-width: 300px) 100vw, 300px\" \/> <img decoding=\"async\" class=\"alignnone size-medium wp-image-57007\" src=\"https:\/\/municipalidadpucon.cl\/wp-content\/uploads\/2025\/11\/5-300x138.jpg\" alt=\"\" width=\"300\" height=\"138\" srcset=\"https:\/\/municipalidadpucon.cl\/wp-content\/uploads\/2025\/11\/5-200x92.jpg 200w, https:\/\/municipalidadpucon.cl\/wp-content\/uploads\/2025\/11\/5-300x138.jpg 300w, https:\/\/municipalidadpucon.cl\/wp-content\/uploads\/2025\/11\/5-400x184.jpg 400w, https:\/\/municipalidadpucon.cl\/wp-content\/uploads\/2025\/11\/5-600x276.jpg 600w, https:\/\/municipalidadpucon.cl\/wp-content\/uploads\/2025\/11\/5-768x353.jpg 768w, https:\/\/municipalidadpucon.cl\/wp-content\/uploads\/2025\/11\/5-800x368.jpg 800w, https:\/\/municipalidadpucon.cl\/wp-content\/uploads\/2025\/11\/5-1024x471.jpg 1024w, https:\/\/municipalidadpucon.cl\/wp-content\/uploads\/2025\/11\/5-1200x552.jpg 1200w, https:\/\/municipalidadpucon.cl\/wp-content\/uploads\/2025\/11\/5.jpg 1280w\" sizes=\"(max-width: 300px) 100vw, 300px\" \/> <img decoding=\"async\" class=\"alignnone size-medium wp-image-57008\" src=\"https:\/\/municipalidadpucon.cl\/wp-content\/uploads\/2025\/11\/6-300x138.jpg\" alt=\"\" width=\"300\" height=\"138\" srcset=\"https:\/\/municipalidadpucon.cl\/wp-content\/uploads\/2025\/11\/6-200x92.jpg 200w, https:\/\/municipalidadpucon.cl\/wp-content\/uploads\/2025\/11\/6-300x138.jpg 300w, https:\/\/municipalidadpucon.cl\/wp-content\/uploads\/2025\/11\/6-400x184.jpg 400w, https:\/\/municipalidadpucon.cl\/wp-content\/uploads\/2025\/11\/6-600x276.jpg 600w, https:\/\/municipalidadpucon.cl\/wp-content\/uploads\/2025\/11\/6-768x353.jpg 768w, https:\/\/municipalidadpucon.cl\/wp-content\/uploads\/2025\/11\/6-800x368.jpg 800w, https:\/\/municipalidadpucon.cl\/wp-content\/uploads\/2025\/11\/6-1024x471.jpg 1024w, https:\/\/municipalidadpucon.cl\/wp-content\/uploads\/2025\/11\/6-1200x552.jpg 1200w, https:\/\/municipalidadpucon.cl\/wp-content\/uploads\/2025\/11\/6.jpg 1280w\" sizes=\"(max-width: 300px) 100vw, 300px\" \/><\/p>\n<p><strong>REORGANIZACI\u00d3N MUNICIPAL<\/strong><\/p>\n<p>En el caso particular de Puc\u00f3n, el DIDECO Gustavo Sandoval destac\u00f3 el cambio realizado por la actual administraci\u00f3n, que fue trasladar a la Oficina de la Mujer desde el Departamento de Seguridad a la tutela administrativa y funcional de la propia DIDECO. \u00a0\u201cUno de los motivos que al menos se nos indic\u00f3 es que estaba en Seguridad por temas de violencia intrafamiliar, pero creemos que no es el enfoque que debemos dar hoy d\u00eda a lo que es la equidad de g\u00e9nero y lo que es la igualdad de oportunidades que tenemos todas las personas. Es por esto que nos encontramos constantemente revisando los programas, viendo los alcances y tambi\u00e9n viendo c\u00f3mo podemos incorporar m\u00e1s personas dentro de los beneficiarios\u201d, indic\u00f3 Gustavo Sandoval.<\/p>\n<audio class=\"wp-audio-shortcode\" id=\"audio-57002-2\" preload=\"none\" style=\"width: 100%;\" controls=\"controls\"><source type=\"audio\/mpeg\" src=\"https:\/\/municipalidadpucon.cl\/wp-content\/uploads\/2025\/11\/Gustavo-Sandoval-DIDECO-prioridad-social-y-no-en-seguridad-de-la-Of-de-la-Mujer-.mp3?_=2\" \/><a href=\"https:\/\/municipalidadpucon.cl\/wp-content\/uploads\/2025\/11\/Gustavo-Sandoval-DIDECO-prioridad-social-y-no-en-seguridad-de-la-Of-de-la-Mujer-.mp3\">https:\/\/municipalidadpucon.cl\/wp-content\/uploads\/2025\/11\/Gustavo-Sandoval-DIDECO-prioridad-social-y-no-en-seguridad-de-la-Of-de-la-Mujer-.mp3<\/a><\/audio>\n<p><img decoding=\"async\" class=\"alignnone size-medium wp-image-57011\" src=\"https:\/\/municipalidadpucon.cl\/wp-content\/uploads\/2025\/11\/7-300x138.jpg\" alt=\"\" width=\"300\" height=\"138\" srcset=\"https:\/\/municipalidadpucon.cl\/wp-content\/uploads\/2025\/11\/7-200x92.jpg 200w, https:\/\/municipalidadpucon.cl\/wp-content\/uploads\/2025\/11\/7-300x138.jpg 300w, https:\/\/municipalidadpucon.cl\/wp-content\/uploads\/2025\/11\/7-400x184.jpg 400w, https:\/\/municipalidadpucon.cl\/wp-content\/uploads\/2025\/11\/7-600x276.jpg 600w, https:\/\/municipalidadpucon.cl\/wp-content\/uploads\/2025\/11\/7-768x353.jpg 768w, https:\/\/municipalidadpucon.cl\/wp-content\/uploads\/2025\/11\/7-800x368.jpg 800w, https:\/\/municipalidadpucon.cl\/wp-content\/uploads\/2025\/11\/7-1024x471.jpg 1024w, https:\/\/municipalidadpucon.cl\/wp-content\/uploads\/2025\/11\/7-1200x552.jpg 1200w, https:\/\/municipalidadpucon.cl\/wp-content\/uploads\/2025\/11\/7.jpg 1280w\" sizes=\"(max-width: 300px) 100vw, 300px\" \/><\/p>\n<p><strong>N\u00daMERO DE EMERGENCIA<\/strong><\/p>\n<p>Como anfitriona de la jornada, la coordinadora de la Oficina de la Mujer del Municipio de Puc\u00f3n, Katherine Aedo, explic\u00f3 \u201csi bien nosotros como comuna hay una priorizaci\u00f3n, hay una inversi\u00f3n de recursos y un desarrollo importante en relaci\u00f3n con la atenci\u00f3n de mujeres, a nivel regional hay diversas experiencias en las cuales nos van a enriquecer\u201d.<\/p>\n<audio class=\"wp-audio-shortcode\" id=\"audio-57002-3\" preload=\"none\" style=\"width: 100%;\" controls=\"controls\"><source type=\"audio\/mpeg\" src=\"https:\/\/municipalidadpucon.cl\/wp-content\/uploads\/2025\/11\/Katherine-Aedo-coordinadora-Oficina-de-la-Mujer-Muni-Pucon-.mp3?_=3\" \/><a href=\"https:\/\/municipalidadpucon.cl\/wp-content\/uploads\/2025\/11\/Katherine-Aedo-coordinadora-Oficina-de-la-Mujer-Muni-Pucon-.mp3\">https:\/\/municipalidadpucon.cl\/wp-content\/uploads\/2025\/11\/Katherine-Aedo-coordinadora-Oficina-de-la-Mujer-Muni-Pucon-.mp3<\/a><\/audio>\n<p>Para la coordinadora puconina, adem\u00e1s, \u201cel objetivo de esta actividad es poder establecer lazos de articulaci\u00f3n de c\u00f3mo nos podemos potenciar de forma colectiva y colaborativa entre las diversas comunas que llegaron hoy d\u00eda, que llegaron 20 comunas\u201d, rubric\u00f3.<\/p>\n<p>Desde el Municipio de Puc\u00f3n se record\u00f3 que disponible, las 24 horas, se encuentra disponible el n\u00famero para emergencias, en caso de violencia familiar o de g\u00e9nero, +56 9 7683 1873.<\/p>\n","protected":false},"excerpt":{"rendered":"<p>Con el objetivo de compartir experiencias y acciones conjuntas, un [&hellip;]<\/p>\n","protected":false},"author":10,"featured_media":57012,"comment_status":"closed","ping_status":"open","sticky":false,"template":"","format":"standard","meta":[],"categories":[98,3],"tags":[],"_links":{"self":[{"href":"https:\/\/municipalidadpucon.cl\/index.php?rest_route=\/wp\/v2\/posts\/57002"}],"collection":[{"href":"https:\/\/municipalidadpucon.cl\/index.php?rest_route=\/wp\/v2\/posts"}],"about":[{"href":"https:\/\/municipalidadpucon.cl\/index.php?rest_route=\/wp\/v2\/types\/post"}],"author":[{"embeddable":true,"href":"https:\/\/municipalidadpucon.cl\/index.php?rest_route=\/wp\/v2\/users\/10"}],"replies":[{"embeddable":true,"href":"https:\/\/municipalidadpucon.cl\/index.php?rest_route=%2Fwp%2Fv2%2Fcomments&post=57002"}],"version-history":[{"count":1,"href":"https:\/\/municipalidadpucon.cl\/index.php?rest_route=\/wp\/v2\/posts\/57002\/revisions"}],"predecessor-version":[{"id":57013,"href":"https:\/\/municipalidadpucon.cl\/index.php?rest_route=\/wp\/v2\/posts\/57002\/revisions\/57013"}],"wp:featuredmedia":[{"embeddable":true,"href":"https:\/\/municipalidadpucon.cl\/index.php?rest_route=\/wp\/v2\/media\/57012"}],"wp:attachment":[{"href":"https:\/\/municipalidadpucon.cl\/index.php?rest_route=%2Fwp%2Fv2%2Fmedia&parent=57002"}],"wp:term":[{"taxonomy":"category","embeddable":true,"href":"https:\/\/municipalidadpucon.cl\/index.php?rest_route=%2Fwp%2Fv2%2Fcategories&post=57002"},{"taxonomy":"post_tag","embeddable":true,"href":"https:\/\/municipalidadpucon.cl\/index.php?rest_route=%2Fwp%2Fv2%2Ftags&post=57002"}],"curies":[{"name":"wp","href":"https:\/\/api.w.org\/{rel}","templated":true}]}}