{"id":57014,"date":"2025-11-03T12:35:43","date_gmt":"2025-11-03T15:35:43","guid":{"rendered":"https:\/\/municipalidadpucon.cl\/?p=57014"},"modified":"2025-11-03T12:35:43","modified_gmt":"2025-11-03T15:35:43","slug":"cuatro-puconinos-competiran-en-nacional-de-escalada-infantil-y-federado","status":"publish","type":"post","link":"https:\/\/municipalidadpucon.cl\/?p=57014","title":{"rendered":"Cuatro puconinos competir\u00e1n en Nacional de Escalada infantil y federado"},"content":{"rendered":"<p><em><strong>Los deportistas de la comuna lacustre son parte del exigente y exitoso trabajo que lleva adelante el Taller de Escalada que lidera la Municipalidad de Puc\u00f3n, a trav\u00e9s de su Departamento de Deportes.<\/strong><\/em><\/p>\n<p><img decoding=\"async\" class=\"alignnone size-medium wp-image-57015\" src=\"https:\/\/municipalidadpucon.cl\/wp-content\/uploads\/2025\/11\/2-225x300.jpeg\" alt=\"\" width=\"225\" height=\"300\" srcset=\"https:\/\/municipalidadpucon.cl\/wp-content\/uploads\/2025\/11\/2-200x267.jpeg 200w, https:\/\/municipalidadpucon.cl\/wp-content\/uploads\/2025\/11\/2-225x300.jpeg 225w, https:\/\/municipalidadpucon.cl\/wp-content\/uploads\/2025\/11\/2-400x533.jpeg 400w, https:\/\/municipalidadpucon.cl\/wp-content\/uploads\/2025\/11\/2-600x800.jpeg 600w, https:\/\/municipalidadpucon.cl\/wp-content\/uploads\/2025\/11\/2-768x1024.jpeg 768w, https:\/\/municipalidadpucon.cl\/wp-content\/uploads\/2025\/11\/2-800x1067.jpeg 800w, https:\/\/municipalidadpucon.cl\/wp-content\/uploads\/2025\/11\/2.jpeg 960w\" sizes=\"(max-width: 225px) 100vw, 225px\" \/> <img decoding=\"async\" class=\"alignnone size-medium wp-image-57016\" src=\"https:\/\/municipalidadpucon.cl\/wp-content\/uploads\/2025\/11\/3-248x300.jpeg\" alt=\"\" width=\"248\" height=\"300\" srcset=\"https:\/\/municipalidadpucon.cl\/wp-content\/uploads\/2025\/11\/3-200x242.jpeg 200w, https:\/\/municipalidadpucon.cl\/wp-content\/uploads\/2025\/11\/3-248x300.jpeg 248w, https:\/\/municipalidadpucon.cl\/wp-content\/uploads\/2025\/11\/3-400x484.jpeg 400w, https:\/\/municipalidadpucon.cl\/wp-content\/uploads\/2025\/11\/3-600x725.jpeg 600w, https:\/\/municipalidadpucon.cl\/wp-content\/uploads\/2025\/11\/3-768x928.jpeg 768w, https:\/\/municipalidadpucon.cl\/wp-content\/uploads\/2025\/11\/3-800x967.jpeg 800w, https:\/\/municipalidadpucon.cl\/wp-content\/uploads\/2025\/11\/3.jpeg 828w\" sizes=\"(max-width: 248px) 100vw, 248px\" \/><\/p>\n<p>La comuna de Puc\u00f3n tendr\u00e1 cuatro j\u00f3venes representantes en el pr\u00f3ximo Campeonato Nacional de Escalada, el que se desarrollar\u00e1 entre este 6 y 9 de noviembre en el recinto de escalada del Parque Cerrillos, en Santiago, legado en infraestructura que dejaron los Juegos Panamericanos del a\u00f1o 2023.<\/p>\n<p>Los cr\u00e9ditos locales son parte del trabajo desarrollado en el \u00e1mbito de la formaci\u00f3n y la competencia del Taller Municipal de Escalada, el que est\u00e1 a cargo de Brandon Mu\u00f1oz y que se desarrolla en el muro de escalada ubicado en el Estadio Municipal de Puc\u00f3n.<\/p>\n<p><strong>CLASIFICADOS<\/strong><\/p>\n<p>Al evento avalado por la Federaci\u00f3n de Andinismo y Excursionismo (FEACH) llegar\u00e1n los promisorios deportistas de Puc\u00f3n Amparo Rojas, Martina Guti\u00e9rrez, Mart\u00edn Mu\u00f1oz y Livko Quidel.<\/p>\n<p>\u201cHemos estado entrenando y escalando durante todo el a\u00f1o, afortunadamente el muro es techado as\u00ed es que el invierno no se detiene\u201d, coment\u00f3 el entrenador y motivador del quehacer de escalada en la comuna precordillerana, Brandon Mu\u00f1oz, quien realiza esta labor al amparo del Municipio de Puc\u00f3n por medio de su Departamento de Deportes, a cargo del exfutbolista profesional Aldo Garrido.<\/p>\n<!--[if lt IE 9]><script>document.createElement('audio');<\/script><![endif]-->\n<audio class=\"wp-audio-shortcode\" id=\"audio-57014-1\" preload=\"none\" style=\"width: 100%;\" controls=\"controls\"><source type=\"audio\/mpeg\" src=\"https:\/\/municipalidadpucon.cl\/wp-content\/uploads\/2025\/11\/Brandon-Munoz-entrenador-de-Escalada-PREPARACION-.mp3?_=1\" \/><a href=\"https:\/\/municipalidadpucon.cl\/wp-content\/uploads\/2025\/11\/Brandon-Munoz-entrenador-de-Escalada-PREPARACION-.mp3\">https:\/\/municipalidadpucon.cl\/wp-content\/uploads\/2025\/11\/Brandon-Munoz-entrenador-de-Escalada-PREPARACION-.mp3<\/a><\/audio>\n<p>En cuanto a la preparaci\u00f3n, Mu\u00f1oz agreg\u00f3 que \u201ctrato de recrear lo que son los escenarios y la ruta de competencia con el material que tenemos disponible para que los ni\u00f1os se familiaricen y puedan practicar en lo que son los distintos estilos que se proponen en los boulders de competencia, como fuerza, coordinaci\u00f3n o equilibrio. Tambi\u00e9n realizamos lo que son acondicionamiento f\u00edsico y todo lo que tiene que ver con t\u00e9cnica para escalar de manera m\u00e1s eficiente\u201d.<\/p>\n<p><img decoding=\"async\" class=\"alignnone size-medium wp-image-57018\" src=\"https:\/\/municipalidadpucon.cl\/wp-content\/uploads\/2025\/11\/4-240x300.jpeg\" alt=\"\" width=\"240\" height=\"300\" srcset=\"https:\/\/municipalidadpucon.cl\/wp-content\/uploads\/2025\/11\/4-200x250.jpeg 200w, https:\/\/municipalidadpucon.cl\/wp-content\/uploads\/2025\/11\/4-240x300.jpeg 240w, https:\/\/municipalidadpucon.cl\/wp-content\/uploads\/2025\/11\/4-400x500.jpeg 400w, https:\/\/municipalidadpucon.cl\/wp-content\/uploads\/2025\/11\/4-600x749.jpeg 600w, https:\/\/municipalidadpucon.cl\/wp-content\/uploads\/2025\/11\/4-768x959.jpeg 768w, https:\/\/municipalidadpucon.cl\/wp-content\/uploads\/2025\/11\/4-800x999.jpeg 800w, https:\/\/municipalidadpucon.cl\/wp-content\/uploads\/2025\/11\/4-820x1024.jpeg 820w, https:\/\/municipalidadpucon.cl\/wp-content\/uploads\/2025\/11\/4.jpeg 828w\" sizes=\"(max-width: 240px) 100vw, 240px\" \/><\/p>\n<p><strong>COMPETENCIA Y EXPECTATIVAS \u00a0<\/strong><\/p>\n<p>La clasificaci\u00f3n de estos cuatro talentos de la escalada regional lleg\u00f3 a esta instancia luego de competir durante todo este a\u00f1o en las fechas clasificatorias del Circuito de Escalada Escolar Araucan\u00eda, organizado por la Asociaci\u00f3n Deportiva Regional de Monta\u00f1a Araucan\u00eda, en eventos desarrollados en Puc\u00f3n, pero tambi\u00e9n en Villarrica, Manzanar, Pitrufquen, Temuco y Lican Ray.<\/p>\n<p>Sobre las expectativas de este grupo de escaladores puconinos, el t\u00e9cnico Brandon Mu\u00f1oz coment\u00f3 que \u201cojal\u00e1 podamos vivirlo, gozarlo como un premio a todo el esfuerzo que demand\u00f3 en este per\u00edodo. El competir durante todo el a\u00f1o, en cada clasificatoria, yendo a distintas comunas, viajando, los ni\u00f1os d\u00e1ndolo todo en cada boulder para poder mantenerse arriba en el ranking, porque la competencia de por s\u00ed los va a hacer crecer y fortalecer\u201d.<\/p>\n<audio class=\"wp-audio-shortcode\" id=\"audio-57014-2\" preload=\"none\" style=\"width: 100%;\" controls=\"controls\"><source type=\"audio\/mpeg\" src=\"https:\/\/municipalidadpucon.cl\/wp-content\/uploads\/2025\/11\/Brandon-Munoz-EXPECTATIVAS-.mp3?_=2\" \/><a href=\"https:\/\/municipalidadpucon.cl\/wp-content\/uploads\/2025\/11\/Brandon-Munoz-EXPECTATIVAS-.mp3\">https:\/\/municipalidadpucon.cl\/wp-content\/uploads\/2025\/11\/Brandon-Munoz-EXPECTATIVAS-.mp3<\/a><\/audio>\n<p><img decoding=\"async\" class=\"size-medium wp-image-57020 aligncenter\" src=\"https:\/\/municipalidadpucon.cl\/wp-content\/uploads\/2025\/11\/5-300x225.jpeg\" alt=\"\" width=\"300\" height=\"225\" srcset=\"https:\/\/municipalidadpucon.cl\/wp-content\/uploads\/2025\/11\/5-200x150.jpeg 200w, https:\/\/municipalidadpucon.cl\/wp-content\/uploads\/2025\/11\/5-300x225.jpeg 300w, https:\/\/municipalidadpucon.cl\/wp-content\/uploads\/2025\/11\/5-400x300.jpeg 400w, https:\/\/municipalidadpucon.cl\/wp-content\/uploads\/2025\/11\/5-600x451.jpeg 600w, https:\/\/municipalidadpucon.cl\/wp-content\/uploads\/2025\/11\/5-768x577.jpeg 768w, https:\/\/municipalidadpucon.cl\/wp-content\/uploads\/2025\/11\/5-800x601.jpeg 800w, https:\/\/municipalidadpucon.cl\/wp-content\/uploads\/2025\/11\/5-1024x769.jpeg 1024w, https:\/\/municipalidadpucon.cl\/wp-content\/uploads\/2025\/11\/5.jpeg 1200w\" sizes=\"(max-width: 300px) 100vw, 300px\" \/><\/p>\n<p>El joven estratega detall\u00f3 que la esencia ser\u00e1 \u201cfortalecer su concentraci\u00f3n, que tomen decisiones, que resuelvan los problemas, porque los bloques, en este tipo de escalada, son un rompecabezas, los que tienen que resolver para tratar de llegar lo m\u00e1s alto\u201d.<\/p>\n<p>&nbsp;<\/p>\n","protected":false},"excerpt":{"rendered":"<p>Los deportistas de la comuna lacustre son parte del exigente [&hellip;]<\/p>\n","protected":false},"author":10,"featured_media":57021,"comment_status":"closed","ping_status":"open","sticky":false,"template":"","format":"standard","meta":[],"categories":[98,3],"tags":[],"_links":{"self":[{"href":"https:\/\/municipalidadpucon.cl\/index.php?rest_route=\/wp\/v2\/posts\/57014"}],"collection":[{"href":"https:\/\/municipalidadpucon.cl\/index.php?rest_route=\/wp\/v2\/posts"}],"about":[{"href":"https:\/\/municipalidadpucon.cl\/index.php?rest_route=\/wp\/v2\/types\/post"}],"author":[{"embeddable":true,"href":"https:\/\/municipalidadpucon.cl\/index.php?rest_route=\/wp\/v2\/users\/10"}],"replies":[{"embeddable":true,"href":"https:\/\/municipalidadpucon.cl\/index.php?rest_route=%2Fwp%2Fv2%2Fcomments&post=57014"}],"version-history":[{"count":1,"href":"https:\/\/municipalidadpucon.cl\/index.php?rest_route=\/wp\/v2\/posts\/57014\/revisions"}],"predecessor-version":[{"id":57022,"href":"https:\/\/municipalidadpucon.cl\/index.php?rest_route=\/wp\/v2\/posts\/57014\/revisions\/57022"}],"wp:featuredmedia":[{"embeddable":true,"href":"https:\/\/municipalidadpucon.cl\/index.php?rest_route=\/wp\/v2\/media\/57021"}],"wp:attachment":[{"href":"https:\/\/municipalidadpucon.cl\/index.php?rest_route=%2Fwp%2Fv2%2Fmedia&parent=57014"}],"wp:term":[{"taxonomy":"category","embeddable":true,"href":"https:\/\/municipalidadpucon.cl\/index.php?rest_route=%2Fwp%2Fv2%2Fcategories&post=57014"},{"taxonomy":"post_tag","embeddable":true,"href":"https:\/\/municipalidadpucon.cl\/index.php?rest_route=%2Fwp%2Fv2%2Ftags&post=57014"}],"curies":[{"name":"wp","href":"https:\/\/api.w.org\/{rel}","templated":true}]}}