{"id":57036,"date":"2025-11-04T10:08:57","date_gmt":"2025-11-04T13:08:57","guid":{"rendered":"https:\/\/municipalidadpucon.cl\/?p=57036"},"modified":"2025-11-04T10:08:57","modified_gmt":"2025-11-04T13:08:57","slug":"pucon-es-sede-de-masivo-encuentro-nacional-de-basquetbol-infantil","status":"publish","type":"post","link":"https:\/\/municipalidadpucon.cl\/?p=57036","title":{"rendered":"Puc\u00f3n es sede de masivo encuentro nacional de b\u00e1squetbol infantil"},"content":{"rendered":"<p><em><strong>El Club Nahuen de la urbe lacustre, con el respaldo del Municipio local y el IND, est\u00e1 utilizando a diario -hasta este s\u00e1bado- el bien equipado Gimnasio Polideportivo del Parque Municipal puconino con este evento por invitaci\u00f3n.<\/strong><\/em><\/p>\n<p><img decoding=\"async\" class=\"size-medium wp-image-57037 aligncenter\" src=\"https:\/\/municipalidadpucon.cl\/wp-content\/uploads\/2025\/11\/2-1-300x225.jpg\" alt=\"\" width=\"300\" height=\"225\" srcset=\"https:\/\/municipalidadpucon.cl\/wp-content\/uploads\/2025\/11\/2-1-200x150.jpg 200w, https:\/\/municipalidadpucon.cl\/wp-content\/uploads\/2025\/11\/2-1-300x225.jpg 300w, https:\/\/municipalidadpucon.cl\/wp-content\/uploads\/2025\/11\/2-1-400x300.jpg 400w, https:\/\/municipalidadpucon.cl\/wp-content\/uploads\/2025\/11\/2-1-600x450.jpg 600w, https:\/\/municipalidadpucon.cl\/wp-content\/uploads\/2025\/11\/2-1-768x576.jpg 768w, https:\/\/municipalidadpucon.cl\/wp-content\/uploads\/2025\/11\/2-1-800x600.jpg 800w, https:\/\/municipalidadpucon.cl\/wp-content\/uploads\/2025\/11\/2-1-1024x768.jpg 1024w, https:\/\/municipalidadpucon.cl\/wp-content\/uploads\/2025\/11\/2-1-1200x900.jpg 1200w, https:\/\/municipalidadpucon.cl\/wp-content\/uploads\/2025\/11\/2-1.jpg 1280w\" sizes=\"(max-width: 300px) 100vw, 300px\" \/><\/p>\n<p>Un semilleno Gimnasio Polideportivo Municipal de Puc\u00f3n, ubicado en el Polideportivo de la comuna lacustre, este lunes fue sede de la inauguraci\u00f3n y est\u00e1 siendo el escenario perfecto de la cuarta versi\u00f3n del Campeonato Nacional de B\u00e1squetbol por invitaci\u00f3n, damas y varones, en las categor\u00edas sub-13 y sub-15.<\/p>\n<p>El certamen, organizado por el club Nahuen de Puc\u00f3n cuenta para esta ocasi\u00f3n con el respaldo del Municipio local, a trav\u00e9s de su Departamento de Deportes, y tambi\u00e9n del Instituto Nacional de Deportes (IND), quienes valoraron que en la zona precordillerana de La Araucan\u00eda lleguen 16 clubes con casi 400 jugadores.<\/p>\n<p><strong>RECONOCIMIENTO<\/strong><\/p>\n<p>\u201cEstos encuentros no solamente sirven para fomentar la vida al aire libre, el deporte, inculcar en los j\u00f3venes principios y valores, sino que tambi\u00e9n permiten que personas de distintos lugares de Chile puedan llegar a nuestra comuna, conocer nuestra comuna y compartir con nuestros deportistas\u201d, destac\u00f3 la realizaci\u00f3n del certamen el alcalde de la comuna de Puc\u00f3n, Sebasti\u00e1n \u00c1lvarez, quien en la ocasi\u00f3n recibi\u00f3 un reconocimiento de la organizaci\u00f3n del encuentro, debido al apoyo prestado al quehacer deportivo en general y al b\u00e1squetbol en particular.<\/p>\n<!--[if lt IE 9]><script>document.createElement('audio');<\/script><![endif]-->\n<audio class=\"wp-audio-shortcode\" id=\"audio-57036-1\" preload=\"none\" style=\"width: 100%;\" controls=\"controls\"><source type=\"audio\/mpeg\" src=\"https:\/\/municipalidadpucon.cl\/wp-content\/uploads\/2025\/11\/Alcalde-Sebastian-Alvarez-valora-que-Pucon-sea-sed-del-evento-.mp3?_=1\" \/><a href=\"https:\/\/municipalidadpucon.cl\/wp-content\/uploads\/2025\/11\/Alcalde-Sebastian-Alvarez-valora-que-Pucon-sea-sed-del-evento-.mp3\">https:\/\/municipalidadpucon.cl\/wp-content\/uploads\/2025\/11\/Alcalde-Sebastian-Alvarez-valora-que-Pucon-sea-sed-del-evento-.mp3<\/a><\/audio>\n<p>En la misma jornada, adem\u00e1s, se entreg\u00f3 un p\u00fablico reconocimiento a la labor del encargado de deportes municipal, Aldo Garrido, al equipo de cheerleading del Colegio Liahona y la Agrupaci\u00f3n de \u00c1rbitros, a cargo de impartir justicia en la justa cesteril.<\/p>\n<p><img decoding=\"async\" class=\"alignnone size-medium wp-image-57039\" src=\"https:\/\/municipalidadpucon.cl\/wp-content\/uploads\/2025\/11\/10-300x225.jpg\" alt=\"\" width=\"300\" height=\"225\" srcset=\"https:\/\/municipalidadpucon.cl\/wp-content\/uploads\/2025\/11\/10-200x150.jpg 200w, https:\/\/municipalidadpucon.cl\/wp-content\/uploads\/2025\/11\/10-300x225.jpg 300w, https:\/\/municipalidadpucon.cl\/wp-content\/uploads\/2025\/11\/10-400x300.jpg 400w, https:\/\/municipalidadpucon.cl\/wp-content\/uploads\/2025\/11\/10-600x450.jpg 600w, https:\/\/municipalidadpucon.cl\/wp-content\/uploads\/2025\/11\/10-768x576.jpg 768w, https:\/\/municipalidadpucon.cl\/wp-content\/uploads\/2025\/11\/10-800x600.jpg 800w, https:\/\/municipalidadpucon.cl\/wp-content\/uploads\/2025\/11\/10-1024x768.jpg 1024w, https:\/\/municipalidadpucon.cl\/wp-content\/uploads\/2025\/11\/10-1200x900.jpg 1200w, https:\/\/municipalidadpucon.cl\/wp-content\/uploads\/2025\/11\/10.jpg 1280w\" sizes=\"(max-width: 300px) 100vw, 300px\" \/> <img decoding=\"async\" class=\"alignnone size-medium wp-image-57040\" src=\"https:\/\/municipalidadpucon.cl\/wp-content\/uploads\/2025\/11\/3-1-300x225.jpg\" alt=\"\" width=\"300\" height=\"225\" srcset=\"https:\/\/municipalidadpucon.cl\/wp-content\/uploads\/2025\/11\/3-1-200x150.jpg 200w, https:\/\/municipalidadpucon.cl\/wp-content\/uploads\/2025\/11\/3-1-300x225.jpg 300w, https:\/\/municipalidadpucon.cl\/wp-content\/uploads\/2025\/11\/3-1-400x300.jpg 400w, https:\/\/municipalidadpucon.cl\/wp-content\/uploads\/2025\/11\/3-1-600x450.jpg 600w, https:\/\/municipalidadpucon.cl\/wp-content\/uploads\/2025\/11\/3-1-768x576.jpg 768w, https:\/\/municipalidadpucon.cl\/wp-content\/uploads\/2025\/11\/3-1-800x600.jpg 800w, https:\/\/municipalidadpucon.cl\/wp-content\/uploads\/2025\/11\/3-1-1024x768.jpg 1024w, https:\/\/municipalidadpucon.cl\/wp-content\/uploads\/2025\/11\/3-1-1200x900.jpg 1200w, https:\/\/municipalidadpucon.cl\/wp-content\/uploads\/2025\/11\/3-1.jpg 1280w\" sizes=\"(max-width: 300px) 100vw, 300px\" \/> <img decoding=\"async\" class=\"alignnone size-medium wp-image-57041\" src=\"https:\/\/municipalidadpucon.cl\/wp-content\/uploads\/2025\/11\/8-300x225.jpg\" alt=\"\" width=\"300\" height=\"225\" srcset=\"https:\/\/municipalidadpucon.cl\/wp-content\/uploads\/2025\/11\/8-200x150.jpg 200w, https:\/\/municipalidadpucon.cl\/wp-content\/uploads\/2025\/11\/8-300x225.jpg 300w, https:\/\/municipalidadpucon.cl\/wp-content\/uploads\/2025\/11\/8-400x300.jpg 400w, https:\/\/municipalidadpucon.cl\/wp-content\/uploads\/2025\/11\/8-600x450.jpg 600w, https:\/\/municipalidadpucon.cl\/wp-content\/uploads\/2025\/11\/8-768x576.jpg 768w, https:\/\/municipalidadpucon.cl\/wp-content\/uploads\/2025\/11\/8-800x600.jpg 800w, https:\/\/municipalidadpucon.cl\/wp-content\/uploads\/2025\/11\/8-1024x768.jpg 1024w, https:\/\/municipalidadpucon.cl\/wp-content\/uploads\/2025\/11\/8-1200x900.jpg 1200w, https:\/\/municipalidadpucon.cl\/wp-content\/uploads\/2025\/11\/8.jpg 1280w\" sizes=\"(max-width: 300px) 100vw, 300px\" \/> <img decoding=\"async\" class=\"alignnone size-medium wp-image-57042\" src=\"https:\/\/municipalidadpucon.cl\/wp-content\/uploads\/2025\/11\/9-300x225.jpg\" alt=\"\" width=\"300\" height=\"225\" srcset=\"https:\/\/municipalidadpucon.cl\/wp-content\/uploads\/2025\/11\/9-200x150.jpg 200w, https:\/\/municipalidadpucon.cl\/wp-content\/uploads\/2025\/11\/9-300x225.jpg 300w, https:\/\/municipalidadpucon.cl\/wp-content\/uploads\/2025\/11\/9-400x300.jpg 400w, https:\/\/municipalidadpucon.cl\/wp-content\/uploads\/2025\/11\/9-600x450.jpg 600w, https:\/\/municipalidadpucon.cl\/wp-content\/uploads\/2025\/11\/9-768x576.jpg 768w, https:\/\/municipalidadpucon.cl\/wp-content\/uploads\/2025\/11\/9-800x600.jpg 800w, https:\/\/municipalidadpucon.cl\/wp-content\/uploads\/2025\/11\/9-1024x768.jpg 1024w, https:\/\/municipalidadpucon.cl\/wp-content\/uploads\/2025\/11\/9-1200x900.jpg 1200w, https:\/\/municipalidadpucon.cl\/wp-content\/uploads\/2025\/11\/9.jpg 1280w\" sizes=\"(max-width: 300px) 100vw, 300px\" \/><\/p>\n<p>\u201cEsto produce tambi\u00e9n un c\u00edrculo virtuoso de aprendizaje, porque en la medida que tenemos la oportunidad de conocer lo que es el b\u00e1squetbol del norte de Chile, del sur y de la zona central, les permite a los basquetbolistas nuestros aprender de sus t\u00e9cnicas, de sus experiencias y de su trabajo. Estos son los eventos que permiten que Puc\u00f3n siga proyect\u00e1ndose como el gimnasio natural m\u00e1s grande del mundo\u201d, recalc\u00f3 la primera autoridad comunal.<\/p>\n<p><strong>PARTICIPANTES NACIONALES<\/strong><\/p>\n<p>Los equipos en competencia, desde este lunes y hasta el s\u00e1bado venidero, entre las 9 y 20.30 horas, con ingreso gratuito al Polideportivo Municipal de Puc\u00f3n, son: Famach y Valhid de Copiap\u00f3, H\u00fasares de Cauquenes, Inter Chile de San Bernardo, Luis Matte Larra\u00edn de Santiago, Estadio Mayor y Tejones de Pe\u00f1alol\u00e9n, CD Juvenil de Ca\u00f1ete, AJC de Coronel, Espartanos de Pur\u00e9n, CB Tigres y Comunal de Llanquihue m\u00e1s Tralkal de Puerto Saavedra; mientras por Puc\u00f3n compiten Nahuen, Volcano y Lacustres.<\/p>\n<p><img decoding=\"async\" class=\"alignnone size-medium wp-image-57043\" src=\"https:\/\/municipalidadpucon.cl\/wp-content\/uploads\/2025\/11\/4-1-300x225.jpg\" alt=\"\" width=\"300\" height=\"225\" srcset=\"https:\/\/municipalidadpucon.cl\/wp-content\/uploads\/2025\/11\/4-1-200x150.jpg 200w, https:\/\/municipalidadpucon.cl\/wp-content\/uploads\/2025\/11\/4-1-300x225.jpg 300w, https:\/\/municipalidadpucon.cl\/wp-content\/uploads\/2025\/11\/4-1-400x300.jpg 400w, https:\/\/municipalidadpucon.cl\/wp-content\/uploads\/2025\/11\/4-1-600x450.jpg 600w, https:\/\/municipalidadpucon.cl\/wp-content\/uploads\/2025\/11\/4-1-768x576.jpg 768w, https:\/\/municipalidadpucon.cl\/wp-content\/uploads\/2025\/11\/4-1-800x600.jpg 800w, https:\/\/municipalidadpucon.cl\/wp-content\/uploads\/2025\/11\/4-1-1024x768.jpg 1024w, https:\/\/municipalidadpucon.cl\/wp-content\/uploads\/2025\/11\/4-1-1200x900.jpg 1200w, https:\/\/municipalidadpucon.cl\/wp-content\/uploads\/2025\/11\/4-1.jpg 1280w\" sizes=\"(max-width: 300px) 100vw, 300px\" \/> <img decoding=\"async\" class=\"alignnone size-medium wp-image-57044\" src=\"https:\/\/municipalidadpucon.cl\/wp-content\/uploads\/2025\/11\/5-1-300x225.jpg\" alt=\"\" width=\"300\" height=\"225\" srcset=\"https:\/\/municipalidadpucon.cl\/wp-content\/uploads\/2025\/11\/5-1-200x150.jpg 200w, https:\/\/municipalidadpucon.cl\/wp-content\/uploads\/2025\/11\/5-1-300x225.jpg 300w, https:\/\/municipalidadpucon.cl\/wp-content\/uploads\/2025\/11\/5-1-400x300.jpg 400w, https:\/\/municipalidadpucon.cl\/wp-content\/uploads\/2025\/11\/5-1-600x450.jpg 600w, https:\/\/municipalidadpucon.cl\/wp-content\/uploads\/2025\/11\/5-1-768x576.jpg 768w, https:\/\/municipalidadpucon.cl\/wp-content\/uploads\/2025\/11\/5-1-800x600.jpg 800w, https:\/\/municipalidadpucon.cl\/wp-content\/uploads\/2025\/11\/5-1-1024x768.jpg 1024w, https:\/\/municipalidadpucon.cl\/wp-content\/uploads\/2025\/11\/5-1-1200x900.jpg 1200w, https:\/\/municipalidadpucon.cl\/wp-content\/uploads\/2025\/11\/5-1.jpg 1280w\" sizes=\"(max-width: 300px) 100vw, 300px\" \/> <img decoding=\"async\" class=\"alignnone size-medium wp-image-57045\" src=\"https:\/\/municipalidadpucon.cl\/wp-content\/uploads\/2025\/11\/6-1-300x225.jpg\" alt=\"\" width=\"300\" height=\"225\" srcset=\"https:\/\/municipalidadpucon.cl\/wp-content\/uploads\/2025\/11\/6-1-200x150.jpg 200w, https:\/\/municipalidadpucon.cl\/wp-content\/uploads\/2025\/11\/6-1-300x225.jpg 300w, https:\/\/municipalidadpucon.cl\/wp-content\/uploads\/2025\/11\/6-1-400x300.jpg 400w, https:\/\/municipalidadpucon.cl\/wp-content\/uploads\/2025\/11\/6-1-600x450.jpg 600w, https:\/\/municipalidadpucon.cl\/wp-content\/uploads\/2025\/11\/6-1-768x576.jpg 768w, https:\/\/municipalidadpucon.cl\/wp-content\/uploads\/2025\/11\/6-1-800x600.jpg 800w, https:\/\/municipalidadpucon.cl\/wp-content\/uploads\/2025\/11\/6-1-1024x768.jpg 1024w, https:\/\/municipalidadpucon.cl\/wp-content\/uploads\/2025\/11\/6-1-1200x900.jpg 1200w, https:\/\/municipalidadpucon.cl\/wp-content\/uploads\/2025\/11\/6-1.jpg 1280w\" sizes=\"(max-width: 300px) 100vw, 300px\" \/> <img decoding=\"async\" class=\"alignnone size-medium wp-image-57046\" src=\"https:\/\/municipalidadpucon.cl\/wp-content\/uploads\/2025\/11\/7-1-300x225.jpg\" alt=\"\" width=\"300\" height=\"225\" srcset=\"https:\/\/municipalidadpucon.cl\/wp-content\/uploads\/2025\/11\/7-1-200x150.jpg 200w, https:\/\/municipalidadpucon.cl\/wp-content\/uploads\/2025\/11\/7-1-300x225.jpg 300w, https:\/\/municipalidadpucon.cl\/wp-content\/uploads\/2025\/11\/7-1-400x300.jpg 400w, https:\/\/municipalidadpucon.cl\/wp-content\/uploads\/2025\/11\/7-1-600x450.jpg 600w, https:\/\/municipalidadpucon.cl\/wp-content\/uploads\/2025\/11\/7-1-768x576.jpg 768w, https:\/\/municipalidadpucon.cl\/wp-content\/uploads\/2025\/11\/7-1-800x600.jpg 800w, https:\/\/municipalidadpucon.cl\/wp-content\/uploads\/2025\/11\/7-1-1024x768.jpg 1024w, https:\/\/municipalidadpucon.cl\/wp-content\/uploads\/2025\/11\/7-1-1200x900.jpg 1200w, https:\/\/municipalidadpucon.cl\/wp-content\/uploads\/2025\/11\/7-1.jpg 1280w\" sizes=\"(max-width: 300px) 100vw, 300px\" \/><\/p>\n<audio class=\"wp-audio-shortcode\" id=\"audio-57036-2\" preload=\"none\" style=\"width: 100%;\" controls=\"controls\"><source type=\"audio\/mpeg\" src=\"https:\/\/municipalidadpucon.cl\/wp-content\/uploads\/2025\/11\/Susana-Ortega-organizadora-del-certamen-feliz-con-la-cuarta-version-.mp3?_=2\" \/><a href=\"https:\/\/municipalidadpucon.cl\/wp-content\/uploads\/2025\/11\/Susana-Ortega-organizadora-del-certamen-feliz-con-la-cuarta-version-.mp3\">https:\/\/municipalidadpucon.cl\/wp-content\/uploads\/2025\/11\/Susana-Ortega-organizadora-del-certamen-feliz-con-la-cuarta-version-.mp3<\/a><\/audio>\n<p>\u201cEs un orgullo poder haber permanecido en el tiempo y poder hacer este campeonato para tantas personas y que vengan de distintas partes del pa\u00eds\u201d, coment\u00f3 Susana Ortega, una de las organizadoras de este evento, quien valor\u00f3 este cuarto a\u00f1o consecutivo de esta destacada justa deportiva. \u201cCada vez estamos abarcando m\u00e1s, ojal\u00e1 el otro a\u00f1o lleguen equipos de m\u00e1s regiones, de Arica o Punta Arenas, lo que ser\u00eda maravilloso\u201d, agreg\u00f3 la personera basquetbol\u00edstica de Puc\u00f3n, insistiendo que este s\u00e1bado 8 de noviembre se jugar\u00e1 un total de cuatro finales, damas y varones de las series sub-13 y sub-15, con la entrega de las copas de oro (por los t\u00edtulos) y de plata (del quinto puesto hacia abajo).<\/p>\n","protected":false},"excerpt":{"rendered":"<p>El Club Nahuen de la urbe lacustre, con el respaldo [&hellip;]<\/p>\n","protected":false},"author":10,"featured_media":57048,"comment_status":"closed","ping_status":"open","sticky":false,"template":"","format":"standard","meta":[],"categories":[98,3],"tags":[],"_links":{"self":[{"href":"https:\/\/municipalidadpucon.cl\/index.php?rest_route=\/wp\/v2\/posts\/57036"}],"collection":[{"href":"https:\/\/municipalidadpucon.cl\/index.php?rest_route=\/wp\/v2\/posts"}],"about":[{"href":"https:\/\/municipalidadpucon.cl\/index.php?rest_route=\/wp\/v2\/types\/post"}],"author":[{"embeddable":true,"href":"https:\/\/municipalidadpucon.cl\/index.php?rest_route=\/wp\/v2\/users\/10"}],"replies":[{"embeddable":true,"href":"https:\/\/municipalidadpucon.cl\/index.php?rest_route=%2Fwp%2Fv2%2Fcomments&post=57036"}],"version-history":[{"count":1,"href":"https:\/\/municipalidadpucon.cl\/index.php?rest_route=\/wp\/v2\/posts\/57036\/revisions"}],"predecessor-version":[{"id":57049,"href":"https:\/\/municipalidadpucon.cl\/index.php?rest_route=\/wp\/v2\/posts\/57036\/revisions\/57049"}],"wp:featuredmedia":[{"embeddable":true,"href":"https:\/\/municipalidadpucon.cl\/index.php?rest_route=\/wp\/v2\/media\/57048"}],"wp:attachment":[{"href":"https:\/\/municipalidadpucon.cl\/index.php?rest_route=%2Fwp%2Fv2%2Fmedia&parent=57036"}],"wp:term":[{"taxonomy":"category","embeddable":true,"href":"https:\/\/municipalidadpucon.cl\/index.php?rest_route=%2Fwp%2Fv2%2Fcategories&post=57036"},{"taxonomy":"post_tag","embeddable":true,"href":"https:\/\/municipalidadpucon.cl\/index.php?rest_route=%2Fwp%2Fv2%2Ftags&post=57036"}],"curies":[{"name":"wp","href":"https:\/\/api.w.org\/{rel}","templated":true}]}}